{"id":4727,"date":"2016-10-11T17:02:03","date_gmt":"2016-10-11T17:02:03","guid":{"rendered":"https:\/\/redsemlac.com\/semmexico\/?p=4727"},"modified":"2023-07-21T14:23:45","modified_gmt":"2023-07-21T19:23:45","slug":"contaminacion-acustica","status":"publish","type":"post","link":"https:\/\/redsemlac.com\/semmexico\/contaminacion-acustica\/","title":{"rendered":"Contaminaci\u00f3n ac\u00fastica"},"content":{"rendered":"\n<p class=\"wp-block-paragraph\">Eva disidente<\/p>\n\n\n\n<h5 class=\"wp-block-heading\"> Eva disidente<\/h5>\n\n\n\n<p class=\"wp-block-paragraph\"><a href=\"https:\/\/semmexico.com\/gallery-post.php?id=256#\">Isabel Custodio<\/a><\/p>\n\n\n\n<p class=\"wp-block-paragraph\">Isabel Custodio<br><br>SemM\u00e9xico, 11 octubre 2016.-El ruido produce en el cuerpo una sensaci\u00f3n de estr\u00e9s o de defensa ante un ataque externo, lo que provoca el vertido en sangre de ciertas sustancias como la adrenalina y cortisol .<br><br>La contaminaci\u00f3n ac\u00fastica evidencia una nueva dimensi\u00f3n de la contaminaci\u00f3n producida por el tr\u00e1fico, responsable del 80 % del ruido en una gran ciudad, a\u00f1adiendo a los efectos en salud de la contaminaci\u00f3n qu\u00edmica tradicional la de este contaminante f\u00edsico.<br><br>El desconocimiento de la poblaci\u00f3n sobre las implicaciones del ruido en la salud es uno de los principales problemas con los que nos encontramos a la hora de reducir los niveles de ruido, por lo que se hacen necesarias campa\u00f1as de sensibilizaci\u00f3n sobre la incidencia del ruido en la salud.<br><br>Se ha analizado el impacto que el ruido tiene sobre variable relacionadas con el parto, como un aumento de prematuros, bajo peso al nacer e incluso mortalidad fetal. Tambi\u00e9n se ha constatado la incidencia del ruido en los ingresos hospitalarios urgentes tanto en poblaci\u00f3n general como infantil.<br><br>Otros estudios realizados en el norte de Europa, relacionan el ruido con ansiedad y depresi\u00f3n e incluso obesidad. Lejos de ser problemas banales, entre las relaciones con el ruido en ambiente laboral se incluyen se incluyen variaciones en la presi\u00f3n arterial.<br><br>Se ha relacionado con la hipertensi\u00f3n e incluso se han establecido asociaciones entre los niveles del ruido en el ambiente laboral y un aumento del riesgo de sufrir patolog\u00edas cardiovasculares m\u00e1s graves como ictus, infartos y, por tanto, un aumento de riesgo de la mortalidad por estas causas.<br><br>Las \u00faltimas investigaciones se extendieron a la totalidad de los habitantes de la gran ciudad. El problema pas\u00f3 as\u00ed de ser un problema laboral a ser un problema ambiental, y, por lo tanto, de ser un problema de salud p\u00fablica.<br><br>Lo que provoc\u00f3 que recientemente se hayan realizado una serie de estudios pioneros. En esos trabajos se relaciona el ruido ambiente de tr\u00e1fico en la capital con un aumento de la mortalidad en el grupo de mayores de 65 a\u00f1os por causas circulatorias, respiratorias e incluso diabetes, destacando que el n\u00famero de muertos anuales atribuibles al ruido en ese grupo es similar e independiente al producido por la part\u00edculas emitidas por los veh\u00edculos.<br><\/p>\n","protected":false},"excerpt":{"rendered":"<p>Eva disidente Eva disidente Isabel Custodio Isabel Custodio SemM\u00e9xico, 11 octubre 2016.-El ruido produce en el cuerpo una sensaci\u00f3n de estr\u00e9s o de defensa ante un ataque externo, lo que provoca el vertido en sangre de ciertas sustancias como la adrenalina y cortisol . La contaminaci\u00f3n ac\u00fastica evidencia una nueva dimensi\u00f3n de la contaminaci\u00f3n producida [&hellip;]<\/p>\n","protected":false},"author":3,"featured_media":4645,"comment_status":"open","ping_status":"open","sticky":false,"template":"","format":"standard","meta":{"_monsterinsights_skip_tracking":false,"footnotes":""},"categories":[688,74,1],"tags":[],"class_list":["post-4727","post","type-post","status-publish","format-standard","has-post-thumbnail","category-688","category-isabel-custodio","category-uncategorized"],"_links":{"self":[{"href":"https:\/\/redsemlac.com\/semmexico\/wp-json\/wp\/v2\/posts\/4727","targetHints":{"allow":["GET"]}}],"collection":[{"href":"https:\/\/redsemlac.com\/semmexico\/wp-json\/wp\/v2\/posts"}],"about":[{"href":"https:\/\/redsemlac.com\/semmexico\/wp-json\/wp\/v2\/types\/post"}],"author":[{"embeddable":true,"href":"https:\/\/redsemlac.com\/semmexico\/wp-json\/wp\/v2\/users\/3"}],"replies":[{"embeddable":true,"href":"https:\/\/redsemlac.com\/semmexico\/wp-json\/wp\/v2\/comments?post=4727"}],"version-history":[{"count":0,"href":"https:\/\/redsemlac.com\/semmexico\/wp-json\/wp\/v2\/posts\/4727\/revisions"}],"wp:featuredmedia":[{"embeddable":true,"href":"https:\/\/redsemlac.com\/semmexico\/wp-json\/wp\/v2\/media\/4645"}],"wp:attachment":[{"href":"https:\/\/redsemlac.com\/semmexico\/wp-json\/wp\/v2\/media?parent=4727"}],"wp:term":[{"taxonomy":"category","embeddable":true,"href":"https:\/\/redsemlac.com\/semmexico\/wp-json\/wp\/v2\/categories?post=4727"},{"taxonomy":"post_tag","embeddable":true,"href":"https:\/\/redsemlac.com\/semmexico\/wp-json\/wp\/v2\/tags?post=4727"}],"curies":[{"name":"wp","href":"https:\/\/api.w.org\/{rel}","templated":true}]}}