{"id":47251,"date":"2022-03-16T13:15:46","date_gmt":"2022-03-16T19:15:46","guid":{"rendered":"https:\/\/redsemlac.com\/semmexico\/?p=47251"},"modified":"2023-07-21T19:01:11","modified_gmt":"2023-07-22T00:01:11","slug":"mirada-violeta-imelda-virgen-el-primer-feminicidio-que-jalisco-oculto","status":"publish","type":"post","link":"https:\/\/redsemlac.com\/semmexico\/mirada-violeta-imelda-virgen-el-primer-feminicidio-que-jalisco-oculto\/","title":{"rendered":"Mirada Violeta| Imelda Virgen, el primer feminicidio que Jalisco ocult\u00f3"},"content":{"rendered":"\n<p class=\"wp-block-paragraph\">Lupita Ramos Ponce <\/p>\n\n\n\n<p class=\"wp-block-paragraph\">SemM\u00e9xico. Guadalajara,  Jalisco.  16 de marzo 2022.- \u201cLa mata su marido por celos\u201d, fue el titular que dio la noticia a la familia, despu\u00e9s de que la Fiscal\u00eda General del Estado omitiera decirles qu\u00e9 le hab\u00eda pasado a Imelda Virgen, de 41 a\u00f1os de edad, aquel 29 de septiembre de 2012.<br>Una d\u00e9cada tard\u00f3 en llegar la Justicia a la familia de Imelda. El d\u00eda de ayer, martes 15 de marzo de 2022, la Primera Sala del Supremo Tribunal de Justicia de Jalisco determin\u00f3 que, en la sentencia emitida en 2019, el juzgador no tom\u00f3 en cuenta que la maestra Imelda Josefina Virgen Rodr\u00edguez fue asesinada por razones de g\u00e9nero, por lo que se repuso el proceso y se modifica la sentencia de primera instancia, condenando a 73 a\u00f1os 4 meses a tres de los sentenciados, as\u00ed como a una mujer conden\u00e1ndola a 22 a\u00f1os, 4 meses.<br>Gilberto Enrique V\u00e1zquez Cort\u00e9s ex esposo de Imelda y quien orden\u00f3 su asesinato, junto con David Calzada Ceja y Sergio Fabi\u00e1n S\u00e1nchez Belmonte hab\u00edan sido condenados a 55 a\u00f1os de c\u00e1rcel por parricidio y violaci\u00f3n, pero se les sumaron 18 a\u00f1os 4 meses.<br>Mientras que Joceline Yuviana Calzada Ceja obtuvo grado de culpabilidad m\u00ednimo e imputabilidad disminuida; su pena cambi\u00f3 de 16 a\u00f1os 8 meses de prisi\u00f3n a 22 a\u00f1os, dos meses y 20 d\u00edas.<br>El 28 de septiembre de 2012, Gilberto recogi\u00f3 a Imelda en su trabajo, pero se hab\u00eda puesto de acuerdo con David, Sergio y Joceline para que los agredieran e hicieran parecer que fue un robo.<br>A Imelda la asesinaron con extrema crueldad, adem\u00e1s de sufrir violencia sexual, todo esto en presencia de su esposo Gilberto. Mientras el cuerpo de Imelda estaba tirado, con golpes brutales que marcaban todo su cuerpo, pero principalmente su rostro, un ojo salido de su \u00f3rbita y la cabeza partida, su esposo s\u00f3lo tra\u00eda un morete y la camisa rasgada. Gilberto en su primera declaraci\u00f3n se contradijo y termin\u00f3 confesando su crimen.<br>El caso estuvo plagado de irregularidades desde el inicio. El primer agravio lo recibi\u00f3 Lupita, la hermana de Imelda que acudi\u00f3 al Servicio Forense a identificar el cuerpo, sin saber que ah\u00ed ver\u00eda una fotograf\u00eda que no esperaba, la de la noticia de la muerte de su hermana. No se explicaba c\u00f3mo si a nadie de la familia de Imelda les hab\u00edan notificado su defunci\u00f3n, si el cuerpo ni siquiera hab\u00eda sido identificado por un familiar, como era posible que un medio de comunicaci\u00f3n de nota roja ya sab\u00eda la noticia. Un reportero y un fot\u00f3grafo a los que s\u00ed se le permiti\u00f3 fotografiar el rostro destrozado de una mujer que hab\u00eda sido ultrajada y golpeada brutalmente.<br>\u201cYo me molest\u00e9 much\u00edsimo porque en la Cruz Verde no me dejaron verla, pero s\u00ed autorizaron que le tomaran una fotograf\u00eda y no sab\u00eda cu\u00e1ntos m\u00e1s ya la hab\u00edan visto, pero nosotros no pod\u00edamos verla. Nos quedamos ah\u00ed esperando a que me dejaran verla; no hubo ning\u00fan perito, ning\u00fan m\u00e9dico; s\u00f3lo llegaron unos camilleros y ellos fueron los que nos dijeron ac\u00e9rquense y nos trajeron la camilla\u201d\u2026<br>El delito de feminicidio fue reconocido en Jalisco el 22 de septiembre de 2012, una semana despu\u00e9s Imelda fue asesinada y las autoridades no pudieron reconocerlo como el primer feminicidio de ese estado. Este fue el segundo agravio a la familia y a la sociedad entera. Durante una d\u00e9cada la incansable lucha de la familia, organizaciones de la sociedad civil y CLADEM que acompa\u00f1\u00f3 jur\u00eddicamente el caso, visibilizaron los m\u00faltiples obst\u00e1culos que enfrentan las familias para acceder a la justicia.<br>La madre de Imelda Virgen, Mary Rodr\u00edguez, muri\u00f3 en 2018 sin ver la justicia para su hija. Se llev\u00f3 en la memoria los 41 a\u00f1os de existencia de Imelda, una mujer tranquila, callada, conciliadora, sonriente. Imelda era la segunda de siete hermanos: seis mujeres y un hombre. Era psic\u00f3loga y trabajaba para la Universidad de Guadalajara como acad\u00e9mica y tambi\u00e9n como parte del personal administrativo. Adem\u00e1s, le gustaba desempe\u00f1arse como ilustradora y rescatista de animales. Ella ten\u00eda ocho a\u00f1os de casada cuando la asesinaron. Hoy, una plaza recuerda su nombre. La plaza Imelda Virgen recuerda al Estado su incompetencia para asegurar una vida libre de violencia las ni\u00f1as y mujeres de Jalisco.<br>Mi cari\u00f1o eterno para do\u00f1a Mary, ahora s\u00ed, descanse en paz.<\/p>\n\n\n\n<p class=\"wp-block-paragraph\">Dra. Lupita Ramos Ponce<br>Vicecoordinadora de CLADEM en M\u00e9xico<br>Profesora Investigadora de la UdeG.<br>medium.com\/dra-lupitaramos<br>@dralupitaramosp<br>lupitaramosponce@gmail.com<br>Canal de Youtoube Dra. Lupita Ramos.<br>https:\/\/www.youtube.com\/channel\/UCQ_bKrt9f4rkb7VST7-sYrg<br>www.cladem.org<br>clademjalsc@gmail.com<\/p>\n","protected":false},"excerpt":{"rendered":"<p>Lupita Ramos Ponce SemM\u00e9xico. Guadalajara, Jalisco. 16 de marzo 2022.- \u201cLa mata su marido por celos\u201d, fue el titular que dio la noticia a la familia, despu\u00e9s de que la Fiscal\u00eda General del Estado omitiera decirles qu\u00e9 le hab\u00eda pasado a Imelda Virgen, de 41 a\u00f1os de edad, aquel 29 de septiembre de 2012.Una d\u00e9cada [&hellip;]<\/p>\n","protected":false},"author":3,"featured_media":8967,"comment_status":"open","ping_status":"open","sticky":false,"template":"","format":"standard","meta":{"_monsterinsights_skip_tracking":false,"footnotes":""},"categories":[693,91,35],"tags":[459],"class_list":["post-47251","post","type-post","status-publish","format-standard","has-post-thumbnail","category-693","category-lupita-ramos-ponce","category-opinion","tag-opinion"],"_links":{"self":[{"href":"https:\/\/redsemlac.com\/semmexico\/wp-json\/wp\/v2\/posts\/47251","targetHints":{"allow":["GET"]}}],"collection":[{"href":"https:\/\/redsemlac.com\/semmexico\/wp-json\/wp\/v2\/posts"}],"about":[{"href":"https:\/\/redsemlac.com\/semmexico\/wp-json\/wp\/v2\/types\/post"}],"author":[{"embeddable":true,"href":"https:\/\/redsemlac.com\/semmexico\/wp-json\/wp\/v2\/users\/3"}],"replies":[{"embeddable":true,"href":"https:\/\/redsemlac.com\/semmexico\/wp-json\/wp\/v2\/comments?post=47251"}],"version-history":[{"count":0,"href":"https:\/\/redsemlac.com\/semmexico\/wp-json\/wp\/v2\/posts\/47251\/revisions"}],"wp:featuredmedia":[{"embeddable":true,"href":"https:\/\/redsemlac.com\/semmexico\/wp-json\/wp\/v2\/media\/8967"}],"wp:attachment":[{"href":"https:\/\/redsemlac.com\/semmexico\/wp-json\/wp\/v2\/media?parent=47251"}],"wp:term":[{"taxonomy":"category","embeddable":true,"href":"https:\/\/redsemlac.com\/semmexico\/wp-json\/wp\/v2\/categories?post=47251"},{"taxonomy":"post_tag","embeddable":true,"href":"https:\/\/redsemlac.com\/semmexico\/wp-json\/wp\/v2\/tags?post=47251"}],"curies":[{"name":"wp","href":"https:\/\/api.w.org\/{rel}","templated":true}]}}