{"id":47147,"date":"2022-03-14T09:53:17","date_gmt":"2022-03-14T15:53:17","guid":{"rendered":"https:\/\/redsemlac.com\/semmexico\/?p=47147"},"modified":"2023-07-21T19:00:35","modified_gmt":"2023-07-22T00:00:35","slug":"reconoce-scjn-a-concubina-y-su-hijo-beneficios-de-un-trabajador-fallecido","status":"publish","type":"post","link":"https:\/\/redsemlac.com\/semmexico\/reconoce-scjn-a-concubina-y-su-hijo-beneficios-de-un-trabajador-fallecido\/","title":{"rendered":"Reconoce SCJN a concubina y su hijo beneficios de un trabajador fallecido"},"content":{"rendered":"\n<ul class=\"wp-block-list\"><li><strong>Se les hab\u00eda negado acceder a los derechos laborales porque no era libre de matrimonio<\/strong><\/li><\/ul>\n\n\n\n<ul class=\"wp-block-list\"><li><strong>Se determin\u00f3 que esa situaci\u00f3n reafirma estereotipos de g\u00e9nero y prejuicios sociales<\/strong><\/li><\/ul>\n\n\n\n<p class=\"wp-block-paragraph\"><strong>Micaela M\u00e1rquez<\/strong><\/p>\n\n\n\n<p class=\"wp-block-paragraph\">SemM\u00e9xico, Cd. de M\u00e9xico, 14 de marzo, 2022.- La Segunda Sala de la SCJN le concedi\u00f3 el amparo a una concubina y su hijo menor de edad, a quienes se les hab\u00eda negado acceder a los derechos laborales del trabajador fallecido, por el hecho de que \u00e9ste no estaba libre de matrimonio.<\/p>\n\n\n\n<p class=\"wp-block-paragraph\">Lo anterior, porque se consider\u00f3 que esa situaci\u00f3n es un estereotipo que pone en desventaja a la mujer, al reconocer como beneficiarios solo a concubinos que est\u00e9n libres de matrimonio.<\/p>\n\n\n\n<p class=\"wp-block-paragraph\"><br>A propuesta de la ministra Yasm\u00edn Esquivel Mossa, se determin\u00f3 que esa situaci\u00f3n reafirma estereotipos de g\u00e9nero y prejuicios sociales que, hist\u00f3ricamente, han vulnerado el derecho de igualdad de la mujer y le han impedido el acceso a sus derechos.<\/p>\n\n\n\n<p class=\"wp-block-paragraph\">Adem\u00e1s, se precis\u00f3 que la realidad evidencia que un hombre, en ocasiones, cuenta con otra pareja, con independencia de la existencia de un v\u00ednculo matrimonial con una diversa persona. Por lo que ante la coexistencia de este tipo de relaciones se concluy\u00f3 que son ilegales las restricciones que se imponen a la concubina para acceder como beneficiaria a los derechos laborales del hombre fallecido que no disolvi\u00f3 su v\u00ednculo matrimonial.<br><br>Ante ello, la Sala consider\u00f3 que la restricci\u00f3n del derecho a la protecci\u00f3n de la familia con base en el estado civil es una medida que no est\u00e1 vinculada con los objetivos ni con los fines de la Constituci\u00f3n Federal.<br><br>Se detall\u00f3 que la protecci\u00f3n constitucional de la familia no debe obedecer a un solo modelo. En la actualidad, la estructura de la familia se ha transformado y ha evolucionado hasta reconocer la existencia de una gran diversidad de grupos de personas unidas por v\u00ednculos diferentes al matrimonio.<br><br>Amparo directo 18\/2021, resuelto en sesi\u00f3n de 9 de marzo de 2022, por mayor\u00eda de tres de votos.<\/p>\n\n\n\n<p class=\"wp-block-paragraph\">SEM\/mm\/sj<\/p>\n","protected":false},"excerpt":{"rendered":"<p>Se determin\u00f3 que esa situaci\u00f3n reafirma estereotipos de g\u00e9nero y prejuicios sociales<\/p>\n","protected":false},"author":3,"featured_media":47148,"comment_status":"open","ping_status":"open","sticky":false,"template":"","format":"standard","meta":{"_monsterinsights_skip_tracking":false,"footnotes":""},"categories":[693,51],"tags":[],"class_list":["post-47147","post","type-post","status-publish","format-standard","has-post-thumbnail","category-693","category-ejecutivo"],"_links":{"self":[{"href":"https:\/\/redsemlac.com\/semmexico\/wp-json\/wp\/v2\/posts\/47147","targetHints":{"allow":["GET"]}}],"collection":[{"href":"https:\/\/redsemlac.com\/semmexico\/wp-json\/wp\/v2\/posts"}],"about":[{"href":"https:\/\/redsemlac.com\/semmexico\/wp-json\/wp\/v2\/types\/post"}],"author":[{"embeddable":true,"href":"https:\/\/redsemlac.com\/semmexico\/wp-json\/wp\/v2\/users\/3"}],"replies":[{"embeddable":true,"href":"https:\/\/redsemlac.com\/semmexico\/wp-json\/wp\/v2\/comments?post=47147"}],"version-history":[{"count":0,"href":"https:\/\/redsemlac.com\/semmexico\/wp-json\/wp\/v2\/posts\/47147\/revisions"}],"wp:featuredmedia":[{"embeddable":true,"href":"https:\/\/redsemlac.com\/semmexico\/wp-json\/wp\/v2\/media\/47148"}],"wp:attachment":[{"href":"https:\/\/redsemlac.com\/semmexico\/wp-json\/wp\/v2\/media?parent=47147"}],"wp:term":[{"taxonomy":"category","embeddable":true,"href":"https:\/\/redsemlac.com\/semmexico\/wp-json\/wp\/v2\/categories?post=47147"},{"taxonomy":"post_tag","embeddable":true,"href":"https:\/\/redsemlac.com\/semmexico\/wp-json\/wp\/v2\/tags?post=47147"}],"curies":[{"name":"wp","href":"https:\/\/api.w.org\/{rel}","templated":true}]}}