{"id":47126,"date":"2022-03-13T16:07:43","date_gmt":"2022-03-13T22:07:43","guid":{"rendered":"https:\/\/redsemlac.com\/semmexico\/?p=47126"},"modified":"2023-07-21T19:00:35","modified_gmt":"2023-07-22T00:00:35","slug":"opinion-en-el-silencio-tambien-hay-ignominia","status":"publish","type":"post","link":"https:\/\/redsemlac.com\/semmexico\/opinion-en-el-silencio-tambien-hay-ignominia\/","title":{"rendered":"Opini\u00f3n| En el silencio tambi\u00e9n hay ignominia"},"content":{"rendered":"\n<p class=\"wp-block-paragraph\">Rub\u00ed de Mar\u00eda G\u00f3mez Campos.<\/p>\n\n\n\n<p class=\"wp-block-paragraph\">SemM\u00e9xico, Cd. de M\u00e9xico, 13 de marzo, 2022.-Dolidas, conmovidas, sorprendidas nos encontramos los d\u00edas siguientes al hist\u00f3ricamente absurdo 8 de marzo de 2022 con una narrativa gubernamental que sigue intentando distorsionar el sentido de un proceso social que enarbola las mejores causas de la humanidad, al criminalizar la lucha de las mujeres por un mundo m\u00e1s justo.<\/p>\n\n\n\n<p class=\"wp-block-paragraph\">Que los machistas sigan esgrimiendo opiniones fascistas que intentan identificar la leg\u00edtima protesta con la mera violencia, descalificando a quienes expresan su indignaci\u00f3n con digna rabia sin lastimar a nadie, al compararlas con quienes ejercen violencia criminal en contra de personas por diferir de ellos en sus preferencias deportivas es grave, aunque hasta cierto punto \u201cnatural\u201d en el contexto de misoginia ancestral y de ignorancia alimentada por un estado clasista y patriarcal.<\/p>\n\n\n\n<p class=\"wp-block-paragraph\">Pero que el propio gobernador de Michoac\u00e1n haga esa grosera comparaci\u00f3n en la ma\u00f1ana previa a la realizaci\u00f3n de la marcha de mujeres, pronunciando un discurso que criminaliza las protestas contra la impunidad y diluyendo su responsabilidad en la ineficiencia gubernamental que se denuncia, es insostenible. Su papel no es alimentar la misoginia sino combatirla. El efecto m\u00e1s dram\u00e1tico del machismo actual, que se ostenta como el dominio del mas fuerte y agresivo, produce v\u00edctimas entre ellos mismos, como podemos verlo cotidianamente.<\/p>\n\n\n\n<p class=\"wp-block-paragraph\">La violencia institucional es inadmisible en un pa\u00eds que se comprometi\u00f3 con la comunidad internacional en lograr la igualdad entre hombres y mujeres, combatiendo la discriminaci\u00f3n, as\u00ed como en la lucha para erradicar la violencia contra las mujeres y las ni\u00f1as. Por si el gobierno de Michoac\u00e1n y del pa\u00eds no lo saben, desde 1981 M\u00e9xico firm\u00f3 la Convenci\u00f3n para la Eliminaci\u00f3n de toda forma de Discriminaci\u00f3n hacia las Mujeres, ni\u00f1as, adolescentes, j\u00f3venes, adultas y adultas mayores, conocida como CEDAW, y en 1994 se adhiri\u00f3 a la Convenci\u00f3n Interamericana para Prevenir, Sancionar y Erradicar la violencia contra la mujer, conocida como la Convenci\u00f3n de Belem do Par\u00e1.<\/p>\n\n\n\n<p class=\"wp-block-paragraph\">Pero la violencia represora ejercida por el Estado es a\u00fan m\u00e1s condenable en un estado como Michoac\u00e1n que desde junio de 2016 fue declarado en Alerta de Violencia de G\u00e9nero contra las Mujeres, ante la ola de feminicidios que a cinco a\u00f1os de emitida la alerta siguen ocurriendo en impunidad. La violencia institucional es un agravio a\u00fan m\u00e1s condenable en un pa\u00eds en el que mueren diez mujeres al d\u00eda en manos de cobardes que se saben protegidos por un Estado machista y pendenciero.<\/p>\n\n\n\n<p class=\"wp-block-paragraph\">En los \u00faltimos a\u00f1os las mujeres de Michoac\u00e1n y de todo M\u00e9xico se debaten en un intento desesperado por ser escuchadas por un gobierno que niega el valor humano de un movimiento que naci\u00f3 en el siglo XVIII, como respuesta a las agudas formas de negaci\u00f3n de la humanidad de las mujeres. Desconociendo o ignorando deliberadamente la historia de opresi\u00f3n, discriminaci\u00f3n y violencia que las mujeres han vivido desde hace muchos siglos, y el reconocimiento nacional e internacional que fueron logrando progresivamente a trav\u00e9s de las leyes, los gobernantes blindan con vallas met\u00e1licas los edificios que deber\u00edan estar abiertos para escuchar las demandas leg\u00edtimas de las mujeres.<\/p>\n\n\n\n<p class=\"wp-block-paragraph\">A diferencia de otras manifestaciones de protesta, para las cuales las puertas del gobierno permanecen abiertas y el di\u00e1logo se ofrece como respuesta a los conflictos que presentan, la \u00fanica respuesta a la agudizaci\u00f3n de la misoginia que se les ocurre a los habitantes del Palacio es proteger sus muros. Mucho m\u00e1s f\u00e1cil ser\u00eda comprometerse seriamente y cumplir con las demandas de seguridad y justicia, que es una de las razones por las que fueron elegidos.<\/p>\n\n\n\n<p class=\"wp-block-paragraph\">M\u00e1s del 50 por ciento de la poblaci\u00f3n somos mujeres, el grado de igualdad alcanzado mediante aciagas luchas (apenas en 1974 se reform\u00f3 la Constituci\u00f3n para establecer la igualdad del hombre y la mujer) nos permite hoy votar y ser votadas, estudiar, trabajar, elegir pareja, decidir cuantos hijos tener; nos obliga igualmente a pagar impuestos y ello nos autoriza a exigir eficiencia en los servicios, como cualquier ciudadano. No obstante, el gobierno actual nos trata como ciudadanas \u201cde segunda\u201d, negando validez a los reclamos de las j\u00f3venes en defensa de su integridad y de sus vidas. No se dan cuenta, sus agentes, de la continuidad que existe entre el machismo feminicida, la corrupci\u00f3n moral ligada a la econom\u00eda y los abusos de poder formal e informal del orden cultural. Ignoran que dotar a las mujeres de reconocimiento y poder es un gesto imprescindible para resarcir el Estado de derecho y la democracia en M\u00e9xico.<\/p>\n\n\n\n<p class=\"wp-block-paragraph\">Los representantes del Estado ofrecen, cuando mucho, libertad de expresi\u00f3n y de manifestaci\u00f3n y hacen omisi\u00f3n del contenido de las demandas que leg\u00edtimamente enarbolan las mujeres. Hacerlo les obligar\u00eda a trabajar por el pueblo al que juraban deberse durante su campa\u00f1a. Pero ni siquiera esa libertad m\u00ednima permitieron en la primera conmemoraci\u00f3n del 8 de marzo.<\/p>\n\n\n\n<p class=\"wp-block-paragraph\">El gobernador de Michoac\u00e1n, Alfredo Ram\u00edrez Bedolla, ha pretendido congraciarse torpemente con el presidente de M\u00e9xico. Flaco favor le ha hecho agrediendo brutalmente a j\u00f3venes y ni\u00f1as el d\u00eda mismo de conmemoraci\u00f3n de sus derechos humanos y a pocos d\u00edas de que se celebre el plebiscito para decidir la permanencia o no de Andr\u00e9s Manuel L\u00f3pez Obrador en el poder.<\/p>\n\n\n\n<p class=\"wp-block-paragraph\">Las \u201cautoridades\u201d de Michoac\u00e1n prefirieron invertir el sentido de la realidad se\u00f1alando a las mujeres que luchan por su dignidad y por la justicia, como las enemigas de la libertad. Estigmatizaron la lucha por la igualdad mediante el s\u00edmbolo ominoso de una protecci\u00f3n de hierro, como si las mujeres fueran el enemigo m\u00e1s peligroso de una sociedad que se debate en la violencia criminal, cuando son las mujeres sus injustificables v\u00edctimas.<\/p>\n\n\n\n<p class=\"wp-block-paragraph\">En el acto inmoral de reprimir la protesta contra la inseguridad y mostrar a las mujeres como desmesuradas en sus reclamos, infiltraron hombres (altos, delgados, de cabello recortado), cuyo fenotipo los denunciaba, pues era muy distinto del de los manifestantes acostumbrados. Atr\u00e1s del templete donde se realizaba el acto creativo y pac\u00edfico de las feministas, esos hombres golpeaban la barricada erigida frente a palacio mientras los cientos de granaderos apostados a los lados del edificio (y que minutos antes hab\u00edan provocado la estampida de las manifestantes: mujeres adultas, j\u00f3venes, adolecentes, ni\u00f1as, ancianas, muchas de ellas asistentes por primera vez a una marcha de este tipo) esperaban impasibles.<\/p>\n\n\n\n<p class=\"wp-block-paragraph\">Los gases, el uso de toletes y la violencia verbal los reservaban para impactarlos sobre las j\u00f3venes que intentaban mantener la protesta con canciones y discursos. S\u00f3lo unas cuantas que tercamente insist\u00edan en mostrar su indignaci\u00f3n permanec\u00edan gritando, bajo el acecho de cientos de polic\u00edas varones pertrechados con escudos, balas de goma (que dejaron ciegas a personas en Chile durante las protestas de 2019) y gas pimienta. Varias docenas de valientes periodistas que intentaban registrar los hechos, entre ofensas y empujones de los representantes del Estado, tambi\u00e9n sufrieron laceraciones y asfixia moment\u00e1nea por los ataques con los que entre varios polic\u00edas desalojaban y humillaban a fr\u00e1giles adolecentes que, como se aprecia en los videos, apenas ofrec\u00edan resistencia, mientras otros deten\u00edan con excesiva violencia a m\u00e1s de 30 personas, seg\u00fan registra la Comisi\u00f3n Estatal de los Derechos Humanos.<\/p>\n\n\n\n<p class=\"wp-block-paragraph\">Lo que se extra\u00f1a en los posteriores momentos de doloroso desconcierto son las voces de mujeres, autodefinidas como \u201cfeministas\u201d, que hoy ocupan funciones importantes en el gobierno. \u00bfSer\u00e1 que la voz de las conservadoras insertadas en \u00e9l tiene m\u00e1s peso?<\/p>\n\n\n\n<p class=\"wp-block-paragraph\">Lo que sorprende es la ausencia de reclamos de otrora luchadores sociales que supuestamente buscaban poder para servir al pueblo. \u00bfSer\u00e1 que satisfechos de sus cargos y de sus honorarios oficiales ya no se acuerdan de los compromisos que hicieron?<\/p>\n\n\n\n<p class=\"wp-block-paragraph\">Lo que ya no escuchamos son las voces disidentes de periodistas feroces en sus cr\u00edticas de anta\u00f1o. \u00bfSer\u00e1 que las l\u00edneas de sus medios se los tienen prohibido?<\/p>\n\n\n\n<p class=\"wp-block-paragraph\">Lo que el temor sin precedente ha logrado callar, a\u00f1adiendo un agravio a los incontables ultrajes, son las voces de miles de mujeres que inesperadamente recibieron el impacto del poder del Estado autoritario que hoy tenemos. \u00bfSer\u00e1 que el terror se apoder\u00f3 de su conciencia o el pasmo ante la arbitrariedad las dej\u00f3 paralizadas?<\/p>\n\n\n\n<p class=\"wp-block-paragraph\">Lo que las feministas no podemos ni debemos callar, en un contexto en que la voz de la violencia homicida es la \u00fanica que se deja o\u00edr en pleno d\u00eda, es la indignaci\u00f3n frente a un Estado tan omn\u00edmodo como fallido.<\/p>\n\n\n\n<p class=\"wp-block-paragraph\">El silencio habla, grita, \u00bfescuchas\u2026?<\/p>\n","protected":false},"excerpt":{"rendered":"<p>Dolidas, conmovidas, sorprendidas nos encontramos los d\u00edas siguientes al hist\u00f3ricamente absurdo 8 de marzo de 2022 con una narrativa gubernamental que sigue intentando distorsionar el sentido de un proceso social que enarbola las mejores causas de la humanidad, al criminalizar la lucha de las mujeres por un mundo m\u00e1s justo.<\/p>\n","protected":false},"author":3,"featured_media":46822,"comment_status":"open","ping_status":"open","sticky":false,"template":"","format":"standard","meta":{"_monsterinsights_skip_tracking":false,"footnotes":""},"categories":[693,110,35],"tags":[],"class_list":["post-47126","post","type-post","status-publish","format-standard","has-post-thumbnail","category-693","category-la-opinion-columnas","category-opinion"],"_links":{"self":[{"href":"https:\/\/redsemlac.com\/semmexico\/wp-json\/wp\/v2\/posts\/47126","targetHints":{"allow":["GET"]}}],"collection":[{"href":"https:\/\/redsemlac.com\/semmexico\/wp-json\/wp\/v2\/posts"}],"about":[{"href":"https:\/\/redsemlac.com\/semmexico\/wp-json\/wp\/v2\/types\/post"}],"author":[{"embeddable":true,"href":"https:\/\/redsemlac.com\/semmexico\/wp-json\/wp\/v2\/users\/3"}],"replies":[{"embeddable":true,"href":"https:\/\/redsemlac.com\/semmexico\/wp-json\/wp\/v2\/comments?post=47126"}],"version-history":[{"count":0,"href":"https:\/\/redsemlac.com\/semmexico\/wp-json\/wp\/v2\/posts\/47126\/revisions"}],"wp:featuredmedia":[{"embeddable":true,"href":"https:\/\/redsemlac.com\/semmexico\/wp-json\/wp\/v2\/media\/46822"}],"wp:attachment":[{"href":"https:\/\/redsemlac.com\/semmexico\/wp-json\/wp\/v2\/media?parent=47126"}],"wp:term":[{"taxonomy":"category","embeddable":true,"href":"https:\/\/redsemlac.com\/semmexico\/wp-json\/wp\/v2\/categories?post=47126"},{"taxonomy":"post_tag","embeddable":true,"href":"https:\/\/redsemlac.com\/semmexico\/wp-json\/wp\/v2\/tags?post=47126"}],"curies":[{"name":"wp","href":"https:\/\/api.w.org\/{rel}","templated":true}]}}