{"id":47121,"date":"2022-03-13T14:51:34","date_gmt":"2022-03-13T20:51:34","guid":{"rendered":"https:\/\/redsemlac.com\/semmexico\/?p=47121"},"modified":"2023-07-21T19:00:35","modified_gmt":"2023-07-22T00:00:35","slug":"responsabilizan-a-gobernadores-por-uso-excesivo-de-la-fuerza-en-marchas-8m","status":"publish","type":"post","link":"https:\/\/redsemlac.com\/semmexico\/responsabilizan-a-gobernadores-por-uso-excesivo-de-la-fuerza-en-marchas-8m\/","title":{"rendered":"<strong>Responsabilizan a gobernadores por uso excesivo de la fuerza en marchas 8M<\/strong>"},"content":{"rendered":"\n<p class=\"wp-block-paragraph\">Circulan cartas abiertas desde Michoac\u00e1n y Tlaxcala<\/p>\n\n\n\n<p class=\"wp-block-paragraph\">Miriam Ruiz Mendoza<\/p>\n\n\n\n<p class=\"wp-block-paragraph\">SemM\u00e9xico. Cd. de M\u00e9xico, 13 de marzo 2022.- Las consecuencias de las marchas del 8 de marzo a\u00fan no concluyen y persisten las exigencias hacia el gobernador Alfredo Ram\u00edrez Bedolla de Michoac\u00e1n, as\u00ed como a la gobernadora Lorena Cuellar Maldondado de Tlaxcala, as\u00ed como a las sendas secretar\u00edas de seguridad estatales.<\/p>\n\n\n\n<p class=\"wp-block-paragraph\">Luego de agresiones y detenciones en Morelia, Michoac\u00e1n tras la marcha el pasado 8 de marzo, quedaron testimonios en video de golpes, insultos y balas de goma a mujeres de todas las edades, as\u00ed como a periodistas. En la capital de Tlaxcala, se reportaron situaciones similares.<\/p>\n\n\n\n<p class=\"wp-block-paragraph\">Por ello, circula en redes una carta abierta en la plataforma Change, avalada por 47 organizaciones y colectivas, mayoritariamente de Michoac\u00e1, y 15 mil firmas, en la que exigen una disculpa p\u00fablica al mandatario estatal a quien hacen responsable, al igual que a Alfonso Mart\u00ednez Alc\u00e1zar, presidente municipal de Morelia, a Jos\u00e9 Alfredo Ortega Reyes, Secretario de Seguridad P\u00fablica estatal y a Alejandro Gonz\u00e1lez Cussi, comisionado de Seguridad Ciudadana de Morelia, \u201cdel&nbsp;uso excesivo de la fuerza p\u00fablica ejercido la noche de ayer, y de criminalizar nuestro derecho a la libre manifestaci\u00f3n y nuestro derecho a la protesta.\u201d<\/p>\n\n\n\n<p class=\"wp-block-paragraph\">\u201cEstos hechos se suman a las desafortunadas declaraciones que Ram\u00edrez Bedolla hizo en su rueda de prensa matutina, donde se\u00f1al\u00f3 a la colectiva hermana Incendiarias de \u201cincitar a la violencia\u201d y ser \u201cun grupo de choque\u201d, adem\u00e1s de atreverse a comparar la lucha de las mujeres con lo sucedido hace unos d\u00edas en Quer\u00e9taro\u201d refiri\u00e9ndose la carta a la violencia en el estadio de f\u00fatbol en de esa ciudad.<\/p>\n\n\n\n<p class=\"wp-block-paragraph\">\u201cEstas declaraciones muestran su gran falta de empat\u00eda, su desconocimiento y su ignorancia pol\u00edtica respecto de la lucha hist\u00f3rica que las mujeres llevamos adelante por nuestros derechos.&nbsp;Condenamos profundamente la estigmatizaci\u00f3n de la lucha de las mujeres y su se\u00f1alamiento como violenta, en especial viniendo de un estado que ha dejado 55 mujeres asesinadas en lo que va del 2022 y en un pa\u00eds clasificado como el m\u00e1s peligroso para ejercer el derecho a defender derechos humanos.\u201d<\/p>\n\n\n\n<p class=\"wp-block-paragraph\"><strong>Tlaxcala opta por la invisibilizaci\u00f3n<\/strong><\/p>\n\n\n\n<p class=\"wp-block-paragraph\">Por otro lado, 47 organizaciones y colectivas feministas en carta abierta encabezada por Esto no es un Simulacro y Mujeres Organizadas de Tlaxcala rechazaron la respuesta de la gobernadora Lorena Cuellar en Tlaxcala ante los acontecimientos en la marcha del 8M, acusando al gobierno de decirse abierto pero que tiende barreras f\u00edsicas y simb\u00f3licas a la comunicaci\u00f3n, y quien \u201copta por invisibilizar las condiciones de inseguridad en las que viven las mujeres y ni\u00f1as del estado.<\/p>\n\n\n\n<p class=\"wp-block-paragraph\">Denunciaron que los agentes policiales durante la marcha eran hombres, en contra de la expectativa de polic\u00edas mujeres, as\u00ed como la infiltraci\u00f3n de mujeres que agredieron a otras participantes.<\/p>\n\n\n\n<p class=\"wp-block-paragraph\">\u201cRechazamos las narrativas que buscan no solo criminalizar la protesta sino disgregar el movimiento feminista que es uno solo en sus m\u00faltiples diversidades y atiende a una sola causa: la erradicaci\u00f3n de todas las violencias contra las mujeres. Recordamos que existen muchas formas de manifestarse y que las diferentes formas son v\u00e1lidas, adem\u00e1s de que existen diferentes niveles de intervenci\u00f3n debido a la rabia, hartazgo y tristeza, consecuencia de las omisiones de las instituciones del Estado.\u201d<\/p>\n\n\n\n<p class=\"wp-block-paragraph\"><strong><em>SEM\/mrm<\/em><\/strong><\/p>\n","protected":false},"excerpt":{"rendered":"<p>Luego de agresiones y detenciones en Morelia, Michoac\u00e1n tras la marcha el pasado 8 de marzo, quedaron testimonios en video de golpes, insultos y balas de goma a mujeres de todas las edades, as\u00ed como a periodistas. En la capital de Tlaxcala, se reportaron situaciones similares.<\/p>\n","protected":false},"author":3,"featured_media":47122,"comment_status":"open","ping_status":"open","sticky":false,"template":"","format":"standard","meta":{"_monsterinsights_skip_tracking":false,"footnotes":""},"categories":[693,54,48],"tags":[],"class_list":["post-47121","post","type-post","status-publish","format-standard","has-post-thumbnail","category-693","category-mujeres","category-no-mas-impunidad-no-mas-impunidad"],"_links":{"self":[{"href":"https:\/\/redsemlac.com\/semmexico\/wp-json\/wp\/v2\/posts\/47121","targetHints":{"allow":["GET"]}}],"collection":[{"href":"https:\/\/redsemlac.com\/semmexico\/wp-json\/wp\/v2\/posts"}],"about":[{"href":"https:\/\/redsemlac.com\/semmexico\/wp-json\/wp\/v2\/types\/post"}],"author":[{"embeddable":true,"href":"https:\/\/redsemlac.com\/semmexico\/wp-json\/wp\/v2\/users\/3"}],"replies":[{"embeddable":true,"href":"https:\/\/redsemlac.com\/semmexico\/wp-json\/wp\/v2\/comments?post=47121"}],"version-history":[{"count":0,"href":"https:\/\/redsemlac.com\/semmexico\/wp-json\/wp\/v2\/posts\/47121\/revisions"}],"wp:featuredmedia":[{"embeddable":true,"href":"https:\/\/redsemlac.com\/semmexico\/wp-json\/wp\/v2\/media\/47122"}],"wp:attachment":[{"href":"https:\/\/redsemlac.com\/semmexico\/wp-json\/wp\/v2\/media?parent=47121"}],"wp:term":[{"taxonomy":"category","embeddable":true,"href":"https:\/\/redsemlac.com\/semmexico\/wp-json\/wp\/v2\/categories?post=47121"},{"taxonomy":"post_tag","embeddable":true,"href":"https:\/\/redsemlac.com\/semmexico\/wp-json\/wp\/v2\/tags?post=47121"}],"curies":[{"name":"wp","href":"https:\/\/api.w.org\/{rel}","templated":true}]}}