{"id":47117,"date":"2022-03-13T13:48:35","date_gmt":"2022-03-13T19:48:35","guid":{"rendered":"https:\/\/redsemlac.com\/semmexico\/?p=47117"},"modified":"2023-07-21T19:00:36","modified_gmt":"2023-07-22T00:00:36","slug":"botella-al-mar-quitense-la-camiseta","status":"publish","type":"post","link":"https:\/\/redsemlac.com\/semmexico\/botella-al-mar-quitense-la-camiseta\/","title":{"rendered":"Botella al Mar| Qu\u00edtense la camiseta"},"content":{"rendered":"\n<p class=\"wp-block-paragraph\">Martha Canseco Gonz\u00e1lez<\/p>\n\n\n\n<p class=\"wp-block-paragraph\">SemM\u00e9xico, Pachuca, Hgo., 13 de marzo 2022.-De toda la salvajada ocurrida el s\u00e1bado 5 de marzo en el estadio La Corregidora donde la barra de los Gallos Blancos de Quer\u00e9taro agredi\u00f3 brutalmente a aficionados y porristas del Atlas de Guadalajara, con lo \u00fanico que me quedo es con la an\u00e9cdota del ni\u00f1o queretano que se quit\u00f3 la camiseta para d\u00e1rsela a una joven del equipo contrario y pudiera as\u00ed salvar la vida.<\/p>\n\n\n\n<p class=\"wp-block-paragraph\">Pero no desde la \u00f1o\u00f1ez de c\u00f3mo se manej\u00f3 en las redes sociales y los medios de comunicaci\u00f3n, expertos en banalizar todo; hay que ir m\u00e1s profundo, a lo simb\u00f3lico y tiene un tremendo peso simb\u00f3lico.<\/p>\n\n\n\n<p class=\"wp-block-paragraph\">Ese ni\u00f1o no se despoj\u00f3 de una camiseta deportiva sino de una manera de ser hombre; violento, abusivo, controlador y dominante, como a esos que vio a media cancha y en los pasillos del estadio pateando y golpeando. Me pregunto, \u00bflograr\u00e1 este infante despojarse del machismo, cuestionar sus privilegios, optar por una masculinidad menos t\u00f3xica?<\/p>\n\n\n\n<p class=\"wp-block-paragraph\">Deseo de verdad que as\u00ed sea y que este mundo patriarcal as\u00ed se lo permita.<\/p>\n\n\n\n<p class=\"wp-block-paragraph\">En este marco, hay quienes de manera dolosa o est\u00fapida han querido comparar la violencia absurda, bruta y criminal de la barra brava queretana en contra de los aficionados del Atlas, con las pintas en monumentos y ruptura de vidrios ocurridas durante las marchas de las mujeres en todo el pa\u00eds el pasado martes 8 de marzo.<\/p>\n\n\n\n<p class=\"wp-block-paragraph\">No se necesita ser muy inteligente para entender que ambas expresiones son diametralmente opuestas, una la de Quer\u00e9taro fue con el \u00fanico fin de controlar, dominar e imponerse a hombres y mujeres del equipo contrario. La de las mujeres que s\u00f3lo causaron da\u00f1os materiales, es resultado de la digna rabia ante la indolencia de la sociedad y el gobierno de M\u00e9xico frente a las violencias de g\u00e9nero que matan, violan, abusan y reprimen a las mexicanas todos los d\u00edas.<\/p>\n\n\n\n<p class=\"wp-block-paragraph\">La escritora norteamericana Glennon Doyle dice en su libro \u201cIndomable\u201d, que \u201cmarchar es una forma de rezar con los pies\u201d, las feministas mexicanas con nuestras marchas no le rezamos a un Dios representado en una figura masculina patriarcal, preferimos a las deidades femeninas.<\/p>\n\n\n\n<p class=\"wp-block-paragraph\">Hacemos una plegaria c\u00edvica a la Virgen de Guadalupe esa a la que se encomend\u00f3 la feminista \u00edtalo-mexicana Francesca Gargallo hasta el \u00faltimo d\u00eda de su vida, y le pedimos qu\u00e9 por favor cese la guerra contra las mujeres de M\u00e9xico.<\/p>\n\n\n\n<p class=\"wp-block-paragraph\">Vieron ustedes las caras feroces, descompuestas de los agresores machistas de Quer\u00e9taro, observaron su agresividad animal, pues las mujeres, las adolescentes y las ni\u00f1as de este pa\u00eds, los vemos as\u00ed a diario, en la casa, en la v\u00eda p\u00fablica, en el trabajo, en la escuela, en todos lados.<\/p>\n\n\n\n<p class=\"wp-block-paragraph\">Por redes sociales algunas mujeres de Pachuca denunciaron que, en escuelas preparatorias, ante la masiva marcha, se est\u00e1n organizando ataques contra las alumnas, o las est\u00e1n amenazando con ello. Que el mismo 8 de marzo a una joven pachuque\u00f1a la dejaron parada bastante tiempo esperando la combi porque varios choferes no la quisieron levantar acus\u00e1ndola de que iba a la marcha y as\u00ed se lo hicieron saber.<\/p>\n\n\n\n<p class=\"wp-block-paragraph\">El mensaje del machismo mexicano es muy claro \u00a1qu\u00e9dense calladas, viene m\u00e1s violencia y se han de aguantar y someter, que tenemos la complacencia del gobierno actual!<\/p>\n\n\n\n<p class=\"wp-block-paragraph\">Por eso, la lucha feminista es m\u00e1s oportuna y vigente que nunca, porque aspiramos a lograr un sistema m\u00e1s justo, equitativo, pac\u00edfico, no violento donde todas y todos tengamos la oportunidad de desarrollarnos a plenitud, de manera positiva y en paz, por eso seguiremos rezando con los pies.<\/p>\n\n\n\n<p class=\"wp-block-paragraph\">Mientras eso ocurre bien podr\u00edan los hombres de M\u00e9xico quitarse la camiseta tal y como lo hizo el ni\u00f1o de Quer\u00e9taro.<\/p>\n\n\n\n<p class=\"wp-block-paragraph\">botellalmar2017@gmail.com<\/p>\n","protected":false},"excerpt":{"rendered":"<p>De toda la salvajada ocurrida el s\u00e1bado 5 de marzo en el estadio La Corregidora con lo \u00fanico que me quedo es con la an\u00e9cdota del ni\u00f1o queretano que se quit\u00f3 la camiseta para d\u00e1rsela a una joven del equipo contrario y pudiera as\u00ed salvar la vida.<\/p>\n","protected":false},"author":3,"featured_media":38582,"comment_status":"open","ping_status":"open","sticky":false,"template":"","format":"standard","meta":{"_monsterinsights_skip_tracking":false,"footnotes":""},"categories":[693,98,84,35],"tags":[],"class_list":["post-47117","post","type-post","status-publish","format-standard","has-post-thumbnail","category-693","category-botella-al-mar","category-martha-canseco","category-opinion"],"_links":{"self":[{"href":"https:\/\/redsemlac.com\/semmexico\/wp-json\/wp\/v2\/posts\/47117","targetHints":{"allow":["GET"]}}],"collection":[{"href":"https:\/\/redsemlac.com\/semmexico\/wp-json\/wp\/v2\/posts"}],"about":[{"href":"https:\/\/redsemlac.com\/semmexico\/wp-json\/wp\/v2\/types\/post"}],"author":[{"embeddable":true,"href":"https:\/\/redsemlac.com\/semmexico\/wp-json\/wp\/v2\/users\/3"}],"replies":[{"embeddable":true,"href":"https:\/\/redsemlac.com\/semmexico\/wp-json\/wp\/v2\/comments?post=47117"}],"version-history":[{"count":0,"href":"https:\/\/redsemlac.com\/semmexico\/wp-json\/wp\/v2\/posts\/47117\/revisions"}],"wp:featuredmedia":[{"embeddable":true,"href":"https:\/\/redsemlac.com\/semmexico\/wp-json\/wp\/v2\/media\/38582"}],"wp:attachment":[{"href":"https:\/\/redsemlac.com\/semmexico\/wp-json\/wp\/v2\/media?parent=47117"}],"wp:term":[{"taxonomy":"category","embeddable":true,"href":"https:\/\/redsemlac.com\/semmexico\/wp-json\/wp\/v2\/categories?post=47117"},{"taxonomy":"post_tag","embeddable":true,"href":"https:\/\/redsemlac.com\/semmexico\/wp-json\/wp\/v2\/tags?post=47117"}],"curies":[{"name":"wp","href":"https:\/\/api.w.org\/{rel}","templated":true}]}}