{"id":47114,"date":"2022-03-13T13:39:19","date_gmt":"2022-03-13T19:39:19","guid":{"rendered":"https:\/\/redsemlac.com\/semmexico\/?p=47114"},"modified":"2023-07-21T19:00:36","modified_gmt":"2023-07-22T00:00:36","slug":"iniciativa-para-erradicar-estereotipos-de-genero-en-la-escuela-como-se-ve-a-las-mujeres-fomenta-la-discriminacion-y-la-desigualdad","status":"publish","type":"post","link":"https:\/\/redsemlac.com\/semmexico\/iniciativa-para-erradicar-estereotipos-de-genero-en-la-escuela-como-se-ve-a-las-mujeres-fomenta-la-discriminacion-y-la-desigualdad\/","title":{"rendered":"<strong>Iniciativa para erradicar estereotipos de g\u00e9nero en la escuela<\/strong><strong>: c\u00f3mo se ve a las mujeres fomenta la discriminaci\u00f3n y la desigualdad.<\/strong>"},"content":{"rendered":"\n<p class=\"wp-block-paragraph\">Proponen reformas a la Ley General de Educaci\u00f3n, que se estudiar\u00e1 en comisiones<strong><em><\/em><\/strong><\/p>\n\n\n\n<p class=\"wp-block-paragraph\">Redacci\u00f3n&nbsp;<\/p>\n\n\n\n<p class=\"wp-block-paragraph\">SemM\u00e9xico, Cd. de M\u00e9xico, 13 de marzo, 2022.-La violencia contra las mujeres en M\u00e9xico se refleja en todos los \u00e1mbitos, en el hogar, espacios p\u00fablicos, la escuela, el trabajo, en el ciberespacio, producto de la desigualdad y la discriminaci\u00f3n de g\u00e9nero en la que vive el pa\u00eds d\u00eda con d\u00eda, se\u00f1alaron la senadora Graciela Gait\u00e1n D\u00edaz y el senador Manuel Velasco Coello. &nbsp;<\/p>\n\n\n\n<p class=\"wp-block-paragraph\">A pesar de los mecanismos que se han implementado en el gobierno federal para atender este problema, dijeron que lamentablemente no se han podido erradicar los actos violentos en contra de las mujeres, pues persisten los estereotipos que contribuyen a desvalorarlas y las consideran s\u00f3lo capaces de desempe\u00f1ar ciertos roles sociales. &nbsp;<\/p>\n\n\n\n<p class=\"wp-block-paragraph\">Gait\u00e1n D\u00edaz y Velasco Coello presentaron una iniciativa para reformar la Ley General de Educaci\u00f3n, a fin de que desde la infancia se promueva la prevenci\u00f3n, atenci\u00f3n y erradicaci\u00f3n de prejuicios que permitan, fomenten y toleren las agresiones contra este sector de la poblaci\u00f3n.&nbsp;<\/p>\n\n\n\n<p class=\"wp-block-paragraph\">Con ello, enfatizaron, se atienden los Objetivos de Desarrollo Sostenible, que buscan lograr la igualdad entre los g\u00e9neros, empoderar a todas las mujeres y ni\u00f1as, as\u00ed como construir un mundo pac\u00edfico, pr\u00f3spero y sostenible. &nbsp;<\/p>\n\n\n\n<p class=\"wp-block-paragraph\">Los estereotipos relativos a la feminidad son asociados a roles que la mujer debe de cumplir en el entorno social, como la maternidad, el trabajo dom\u00e9stico, la fragilidad f\u00edsica, la sensibilidad sentimental, la dependencia, ser sumisas y adaptables. &nbsp;<\/p>\n\n\n\n<p class=\"wp-block-paragraph\">El problema con estos estereotipos es que perpet\u00faan la desigualdad e inequidad entre hombres y mujeres en distintos \u00e1mbitos, lo que afecta la toma de decisiones y sesga la capacidad de las mujeres.&nbsp;<\/p>\n\n\n\n<p class=\"wp-block-paragraph\">Aun cuando la Comisi\u00f3n Nacional de Derechos Humanos ha implementado una serie de programas para el trabajo continuo con diversas instituciones y \u00f3rganos de gobierno, para hacer frente a la violencia de g\u00e9nero, en M\u00e9xico no se ha tenido el alcance que se requiere, pues en ocasiones la mala aplicaci\u00f3n de \u00e9stos lleva hasta revictimizar a las afectadas por inconsistencias en el debido proceso.&nbsp;<\/p>\n\n\n\n<p class=\"wp-block-paragraph\">Los estereotipos, subrayaron Gait\u00e1n D\u00edaz y Velasco Coello, suelen generar prejuicios, producir opiniones negativas hacia algo o alguien e incidir a emitir un juicio, sin tener una base concreta que lo sustente. Normalmente los ideales que rodean a estos prejuicios se basan en rumores o en experiencias vividas que se\u00f1alan a un grupo de personas.&nbsp;<\/p>\n\n\n\n<p class=\"wp-block-paragraph\">Por ello, consideraron, el objetivo de promover la prevenci\u00f3n, atenci\u00f3n y erradicaci\u00f3n de estereotipos que permitan, fomenten y toleren la violencia contra las mujeres, permitir\u00e1 la deconstrucci\u00f3n de las representaciones de g\u00e9nero nocivas en la sociedad. La iniciativa fue remitida a las comisiones de Educaci\u00f3n y de Estudios Legislativos, Segunda.&nbsp;<\/p>\n\n\n\n<p class=\"wp-block-paragraph\">SEM\/spr<\/p>\n","protected":false},"excerpt":{"rendered":"<p>La violencia contra las mujeres en M\u00e9xico se refleja en todos los \u00e1mbitos, en el hogar, espacios p\u00fablicos, la escuela, el trabajo, en el ciberespacio, producto de la desigualdad y la discriminaci\u00f3n de g\u00e9nero en la que vive el pa\u00eds d\u00eda con d\u00eda, se\u00f1alaron la senadora Graciela Gait\u00e1n D\u00edaz y el senador Manuel Velasco Coello.<\/p>\n","protected":false},"author":3,"featured_media":47115,"comment_status":"open","ping_status":"open","sticky":false,"template":"","format":"standard","meta":{"_monsterinsights_skip_tracking":false,"footnotes":""},"categories":[693,50],"tags":[],"class_list":["post-47114","post","type-post","status-publish","format-standard","has-post-thumbnail","category-693","category-congreso"],"_links":{"self":[{"href":"https:\/\/redsemlac.com\/semmexico\/wp-json\/wp\/v2\/posts\/47114","targetHints":{"allow":["GET"]}}],"collection":[{"href":"https:\/\/redsemlac.com\/semmexico\/wp-json\/wp\/v2\/posts"}],"about":[{"href":"https:\/\/redsemlac.com\/semmexico\/wp-json\/wp\/v2\/types\/post"}],"author":[{"embeddable":true,"href":"https:\/\/redsemlac.com\/semmexico\/wp-json\/wp\/v2\/users\/3"}],"replies":[{"embeddable":true,"href":"https:\/\/redsemlac.com\/semmexico\/wp-json\/wp\/v2\/comments?post=47114"}],"version-history":[{"count":0,"href":"https:\/\/redsemlac.com\/semmexico\/wp-json\/wp\/v2\/posts\/47114\/revisions"}],"wp:featuredmedia":[{"embeddable":true,"href":"https:\/\/redsemlac.com\/semmexico\/wp-json\/wp\/v2\/media\/47115"}],"wp:attachment":[{"href":"https:\/\/redsemlac.com\/semmexico\/wp-json\/wp\/v2\/media?parent=47114"}],"wp:term":[{"taxonomy":"category","embeddable":true,"href":"https:\/\/redsemlac.com\/semmexico\/wp-json\/wp\/v2\/categories?post=47114"},{"taxonomy":"post_tag","embeddable":true,"href":"https:\/\/redsemlac.com\/semmexico\/wp-json\/wp\/v2\/tags?post=47114"}],"curies":[{"name":"wp","href":"https:\/\/api.w.org\/{rel}","templated":true}]}}