{"id":47111,"date":"2022-03-13T13:32:43","date_gmt":"2022-03-13T19:32:43","guid":{"rendered":"https:\/\/redsemlac.com\/semmexico\/?p=47111"},"modified":"2023-07-21T19:00:36","modified_gmt":"2023-07-22T00:00:36","slug":"impulsa-ieepco-participacion-politica-de-las-mujeres-indigenas","status":"publish","type":"post","link":"https:\/\/redsemlac.com\/semmexico\/impulsa-ieepco-participacion-politica-de-las-mujeres-indigenas\/","title":{"rendered":"Impulsa IEEPCO participaci\u00f3n pol\u00edtica de las mujeres ind\u00edgenas&nbsp;&nbsp;"},"content":{"rendered":"\n<p class=\"wp-block-paragraph\">Analizando incorporar a los hombres m\u00e1s reacios a reconocer los derechos y promoverlos<\/p>\n\n\n\n<p class=\"wp-block-paragraph\">Redacci\u00f3n<\/p>\n\n\n\n<p class=\"wp-block-paragraph\"><a><\/a>SemM\u00e9xico, Oaxaca de Ju\u00e1rez, 13 de marzo, 2022.- Es preciso generar adecuaciones en las normas internas de las comunidades para que se camine en equidad, las mujeres ind\u00edgenas tienen el derecho a ser escuchadas y participar por igual, luchando hombres y mujeres por un mismo objetivo.<\/p>\n\n\n\n<p class=\"wp-block-paragraph\">Ese fue el tema promovido por el Instituto Estatal Electoral y de Participaci\u00f3n Ciudadana de Oaxaca (IEEPCO) en coordinaci\u00f3n con el ayuntamiento de San Juan Lalana, durante el conversatorio \u201cTejiendo la participaci\u00f3n pol\u00edtica comunitaria de las mujeres ind\u00edgenas\u201d.<\/p>\n\n\n\n<p class=\"wp-block-paragraph\">Lo anterior, en el marco del mes de marzo, considerado como el mes de las mujeres, para reflexionar y buscar alternativas de justicia para todas las mujeres en el mundo.<\/p>\n\n\n\n<p class=\"wp-block-paragraph\">As\u00ed se plante\u00f3 como objetivo analizar los obst\u00e1culos y avances en la participaci\u00f3n pol\u00edtica de las mujeres a nivel comunitario, a trav\u00e9s de la cosmovisi\u00f3n de los pueblos y comunidades ind\u00edgenas de la entidad.<\/p>\n\n\n\n<p class=\"wp-block-paragraph\">El conversatorio cont\u00f3 con la participaci\u00f3n de Zenaida P\u00e9rez Guti\u00e9rrez, fundadora e integrante de la Asamblea Nacional Pol\u00edtica de Mujeres Ind\u00edgenas; Felicitas Cruz, fundadora e Integrante del Observatorio Estatal de Ciudadanas para la Participaci\u00f3n Pol\u00edtica de las Mujeres Ind\u00edgenas y Afromexicanas; y Mar\u00eda de Jes\u00fas Saveche Mart\u00ednez, presidenta municipal de Santa In\u00e9s Yatzeche.<\/p>\n\n\n\n<p class=\"wp-block-paragraph\">Todas ellas reflexionaron en torno a los procesos comunitarios que se deben seguir para consolidar la participaci\u00f3n pol\u00edtica de las mujeres, mismos que deben involucrar a los varones toda vez que, hist\u00f3ricamente, son ellos los que han ostentado el poder en los pueblos ind\u00edgenas.<\/p>\n\n\n\n<p class=\"wp-block-paragraph\">As\u00ed mismo, recalcaron que el acercamiento con las instituciones del Estado es fundamental para construir acciones y pol\u00edticas p\u00fablicas en conjunto que consideren los contextos comunitarios e ind\u00edgenas.<\/p>\n\n\n\n<p class=\"wp-block-paragraph\">En representaci\u00f3n de la consejera presidenta del IEEPCO, Elizabeth S\u00e1nchez Gonz\u00e1lez, Noem\u00ed Agapito Confesor refrend\u00f3 el compromiso del \u00f3rgano electoral para garantizar los derechos pol\u00edtico-electorales de las mujeres ind\u00edgenas y afromexicanas.<\/p>\n\n\n\n<p class=\"wp-block-paragraph\">\u201cEs preciso generar adecuaciones en las normas internas de las comunidades para que se camine en igualdad, las mujeres tenemos el derecho a ser escuchadas y participar por igual, luchando hombres y mujeres por un mismo objetivo\u201d, indic\u00f3.<\/p>\n\n\n\n<p class=\"wp-block-paragraph\">Finalmente, agradeci\u00f3 el espacio y las facilidades otorgadas por la autoridad municipal de San Juan Lalana y detall\u00f3 que a\u00fan hay muchos obst\u00e1culos que resarcir en beneficio de las mujeres ind\u00edgenas como son: la falta de acceso a servicios b\u00e1sicos y al mercado laboral, as\u00ed como la escasa participaci\u00f3n pol\u00edtica, situaciones que las vuelve susceptibles a diversos actos de violencia.<\/p>\n\n\n\n<p class=\"wp-block-paragraph\">Sl\/sem<\/p>\n","protected":false},"excerpt":{"rendered":"<p>Es preciso generar adecuaciones en las normas internas de las comunidades para que se camine en equidad, las mujeres ind\u00edgenas tienen el derecho a ser escuchadas y participar por igual, luchando hombres y mujeres por un mismo objetivo.<\/p>\n","protected":false},"author":3,"featured_media":47112,"comment_status":"open","ping_status":"open","sticky":false,"template":"","format":"standard","meta":{"_monsterinsights_skip_tracking":false,"footnotes":""},"categories":[693,51],"tags":[],"class_list":["post-47111","post","type-post","status-publish","format-standard","has-post-thumbnail","category-693","category-ejecutivo"],"_links":{"self":[{"href":"https:\/\/redsemlac.com\/semmexico\/wp-json\/wp\/v2\/posts\/47111","targetHints":{"allow":["GET"]}}],"collection":[{"href":"https:\/\/redsemlac.com\/semmexico\/wp-json\/wp\/v2\/posts"}],"about":[{"href":"https:\/\/redsemlac.com\/semmexico\/wp-json\/wp\/v2\/types\/post"}],"author":[{"embeddable":true,"href":"https:\/\/redsemlac.com\/semmexico\/wp-json\/wp\/v2\/users\/3"}],"replies":[{"embeddable":true,"href":"https:\/\/redsemlac.com\/semmexico\/wp-json\/wp\/v2\/comments?post=47111"}],"version-history":[{"count":0,"href":"https:\/\/redsemlac.com\/semmexico\/wp-json\/wp\/v2\/posts\/47111\/revisions"}],"wp:featuredmedia":[{"embeddable":true,"href":"https:\/\/redsemlac.com\/semmexico\/wp-json\/wp\/v2\/media\/47112"}],"wp:attachment":[{"href":"https:\/\/redsemlac.com\/semmexico\/wp-json\/wp\/v2\/media?parent=47111"}],"wp:term":[{"taxonomy":"category","embeddable":true,"href":"https:\/\/redsemlac.com\/semmexico\/wp-json\/wp\/v2\/categories?post=47111"},{"taxonomy":"post_tag","embeddable":true,"href":"https:\/\/redsemlac.com\/semmexico\/wp-json\/wp\/v2\/tags?post=47111"}],"curies":[{"name":"wp","href":"https:\/\/api.w.org\/{rel}","templated":true}]}}