{"id":4711,"date":"2017-01-23T16:45:35","date_gmt":"2017-01-23T16:45:35","guid":{"rendered":"https:\/\/redsemlac.com\/semmexico\/?p=4711"},"modified":"2023-07-21T14:21:31","modified_gmt":"2023-07-21T19:21:31","slug":"malos-y-buenos-modales","status":"publish","type":"post","link":"https:\/\/redsemlac.com\/semmexico\/malos-y-buenos-modales\/","title":{"rendered":"Malos y buenos modales"},"content":{"rendered":"\n<p class=\"wp-block-paragraph\">Eva disidente<\/p>\n\n\n\n<h5 class=\"wp-block-heading\"> Las reglas de los grupos sociales tienden a ajustarse a un patr\u00f3n-sea \u00e9ste un tipo de indumentaria, un acento o un vocabulario- y se rigen por un pu\u00f1ado de ritos expuestos con ademanes y gestos<\/h5>\n\n\n\n<p class=\"wp-block-paragraph\"><a href=\"https:\/\/semmexico.com\/gallery-post.php?id=574#\">Isabel Custodio<\/a><\/p>\n\n\n\n<p class=\"wp-block-paragraph\">SemM\u00e9xico, 23 enero 2017.- La variedad de valores e interpretaciones que damos a los signos que empleamos con los dem\u00e1s es asombrosa. As\u00ed nos aseguramos el lugar que ocupamos en el mundo, acompa\u00f1ados por otros que comparten con nosotros los mismos modales.<br>Las reglas de los grupos sociales tienden a ajustarse a un patr\u00f3n-sea \u00e9ste un tipo de indumentaria, un acento o un vocabulario- y se rigen por un pu\u00f1ado de ritos expuestos con ademanes y gestos, que por otra parte sirven para emular o despreciar los c\u00f3digos ajenos.&nbsp;<br>Se saluda de una forma- que no es lo mismo dar la mano que entrelazar los pulgares y acabar el saludo con un choque de pechos -o simplemente no se saluda; se da un beso, que no es lo mismo que dar dos, y se cede el paso (o no), se agradece una dedicatoria o se guarda silencio, se elogia el trabajo del otro o uno se refugia en la reserva con la excusa de la discreci\u00f3n, etc\u00e9tera.&nbsp;<br>Los modales sirven para prop\u00f3sitos contradictorios.<br>Desde que las sociedades europeas dispusieron atenerse a estrictas reglas cortesanas, las maneras se usan para comunicar a los dem\u00e1s que pertenecemos a un medio un c\u00edrculo determinado o bien para lo contrario, para advertirle al otro.<br>Hasta las maras, esas pandillas que forman los delincuentes juveniles centroamericanos, cuentan con estrictas formas de conducta.<br>Nadie escapa al imperativo de las maneras, ni siquiera los que pretenden quebrantarlas, pues enseguida sus gestos se trasladan a formas alternativas codificadas y \u00e9stas se traducen en f\u00f3rmulas nuevas que puede ser imitadas.<br>Los llamados \u00abartistas de vanguardia\u00bb conocen de esto muy bien.<br>Nacieron como alternativa al arte de las academias, y al cabo de unas pocas d\u00e9cadas, ya est\u00e1n perfectamente alineados clasificados en las salas de los grandes museos.<br>La permanente revisi\u00f3n de los c\u00f3digos que rigen las conductas sociales, es una caracter\u00edstica inconfundible de nuestros tiempos modernos.<br>La cultura y la sociedad actuales llevan un par de siglos en constante rebeli\u00f3n contra las formas, primero cortesanas y despu\u00e9s burguesas desde los ya lejanos sucesos que protagonizaron los exaltados participantes en la Francia de 1789, como parte de su alzamiento contra el antiguo r\u00e9gimen.<br>Contra lo que creen sus enemigos, los modales y las formas no son \u00fanicamente in\u00fatiles resabios de la sociedad de clases, ni persisten s\u00f3lo por anacronismo o por casualidad, sino que condensan o interpretan el modo como nos relacionamos con el mundo y con nuestros semejantes.<\/p>\n","protected":false},"excerpt":{"rendered":"<p>Eva disidente Las reglas de los grupos sociales tienden a ajustarse a un patr\u00f3n-sea \u00e9ste un tipo de indumentaria, un acento o un vocabulario- y se rigen por un pu\u00f1ado de ritos expuestos con ademanes y gestos Isabel Custodio SemM\u00e9xico, 23 enero 2017.- La variedad de valores e interpretaciones que damos a los signos que [&hellip;]<\/p>\n","protected":false},"author":3,"featured_media":4645,"comment_status":"open","ping_status":"open","sticky":false,"template":"","format":"standard","meta":{"_monsterinsights_skip_tracking":false,"footnotes":""},"categories":[687,74,1],"tags":[],"class_list":["post-4711","post","type-post","status-publish","format-standard","has-post-thumbnail","category-687","category-isabel-custodio","category-uncategorized"],"_links":{"self":[{"href":"https:\/\/redsemlac.com\/semmexico\/wp-json\/wp\/v2\/posts\/4711","targetHints":{"allow":["GET"]}}],"collection":[{"href":"https:\/\/redsemlac.com\/semmexico\/wp-json\/wp\/v2\/posts"}],"about":[{"href":"https:\/\/redsemlac.com\/semmexico\/wp-json\/wp\/v2\/types\/post"}],"author":[{"embeddable":true,"href":"https:\/\/redsemlac.com\/semmexico\/wp-json\/wp\/v2\/users\/3"}],"replies":[{"embeddable":true,"href":"https:\/\/redsemlac.com\/semmexico\/wp-json\/wp\/v2\/comments?post=4711"}],"version-history":[{"count":0,"href":"https:\/\/redsemlac.com\/semmexico\/wp-json\/wp\/v2\/posts\/4711\/revisions"}],"wp:featuredmedia":[{"embeddable":true,"href":"https:\/\/redsemlac.com\/semmexico\/wp-json\/wp\/v2\/media\/4645"}],"wp:attachment":[{"href":"https:\/\/redsemlac.com\/semmexico\/wp-json\/wp\/v2\/media?parent=4711"}],"wp:term":[{"taxonomy":"category","embeddable":true,"href":"https:\/\/redsemlac.com\/semmexico\/wp-json\/wp\/v2\/categories?post=4711"},{"taxonomy":"post_tag","embeddable":true,"href":"https:\/\/redsemlac.com\/semmexico\/wp-json\/wp\/v2\/tags?post=4711"}],"curies":[{"name":"wp","href":"https:\/\/api.w.org\/{rel}","templated":true}]}}