{"id":4703,"date":"2017-02-14T16:42:02","date_gmt":"2017-02-14T16:42:02","guid":{"rendered":"https:\/\/redsemlac.com\/semmexico\/?p=4703"},"modified":"2023-07-21T14:24:11","modified_gmt":"2023-07-21T19:24:11","slug":"acoso-callejero","status":"publish","type":"post","link":"https:\/\/redsemlac.com\/semmexico\/acoso-callejero\/","title":{"rendered":"Acoso Callejero"},"content":{"rendered":"\n<p class=\"wp-block-paragraph\">Se elabor\u00f3 un proyecto de ley que sanciona los gestos obscenos y agresiones verbales.<\/p>\n\n\n\n<p class=\"wp-block-paragraph\"> Existe ahora una p\u00e1gina web con un espacio destinado a que las v\u00edctimas relaten sus experiencias.<\/p>\n\n\n\n<p class=\"wp-block-paragraph\"><a href=\"https:\/\/semmexico.com\/gallery-post.php?id=773#\">Isabel Custodio<\/a><\/p>\n\n\n\n<p class=\"wp-block-paragraph\">SemM\u00e9xico. 14 de febrero de 2017.- En Chile el acoso callejero se castiga en el marco de las ofensas al pudor, a la moral y a las buenas costumbres, de acuerdo al C\u00f3digo Penal de 1874 que resulta bastante precario frente a la realidad actual de ese problema. Con el apoyo de especialistas y legisladores, sin embargo, se elabor\u00f3 un proyecto de ley que sanciona los gestos obscenos y agresiones verbales, los actos f\u00edsicos como el exhibicionismo y la persecuci\u00f3n, la captaci\u00f3n de im\u00e1genes con una connotaci\u00f3n sexual sin el consentimiento de la v\u00edctima y el contacto corporal, como los roces. La C\u00e1mara aprob\u00f3 la iniciativa legal, que actualmente se discute en el Senado.<br>A diferencia de lo que ocurr\u00eda hasta hace poco, cuando apenas se discut\u00eda del acoso callejero, existe ahora una p\u00e1gina web con un espacio destinado a que las v\u00edctimas relaten sus experiencias. Hace apenas tres a\u00f1os, no se hablaba del acoso callejero, no se conoc\u00eda el concepto y, por lo tanto, dif\u00edcilmente se le consideraba un tipo de violencia. Para la poblaci\u00f3n resultaba natural que una conocida marca de galletas, Trit\u00f3n, publicitaba un anuncio mostrando piernas de mujer en el Metro, apelando a la tentaci\u00f3n irresistible de tenerlas enfrente y llamando a los hombres a sacarle una fotograf\u00eda para compartirla en Twitter.<br>La sociedad chilena, sin embargo, ha cambiado desde finales del 2013 y esto se explica en buena medida gracias al trabajo del Observatorio Contra el Acoso Callejero.<br>La organizaci\u00f3n comenz\u00f3 por el impulso de cuatro estudiantes de Sociolog\u00eda , que no s\u00f3lo han conseguido hacer visible el problema, sino instalarlo en la agenda p\u00fablica con logros hist\u00f3ricos: actualmente, el Congreso tramita una legislaci\u00f3n que castiga el acoso en las calles y que reemplazar\u00eda la normativa vigente que data del siglo XVI.<br>En Chile no exist\u00eda el acoso callejero como concepto y, como muchas otras expresiones de machismo y desigualdad, el problema se hallaba silenciado. Hasta el 2013 no exist\u00edan instituciones como la aqu\u00ed descrita en Am\u00e9rica Latina. Salvo en Per\u00fa, donde se hab\u00eda fundado: \u00abParemos El Acoso Callejero\u00bb, que sirvi\u00f3 de referente para la creaci\u00f3n del observatorio en Chile y que ha contribuido a la creaci\u00f3n de organizaciones similares en pa\u00edses como: Nicaragua, Costa Rica, Uruguay, y Bolivia. Se trata de un problema global y hasta ahora se tiene la perspectiva de una nueva generaci\u00f3n que est\u00e1 tratando los temas de igualdad de g\u00e9nero.<br>A dos de cada cinco mujeres las han rozado, tocado o les han presionado con los genitales en el espacio p\u00fablico; como en los autobuses. Un 23 por ciento de las chilenas han sufrido alg\u00fan tipo de acoso grave : persecuci\u00f3n, exhibicionismo o masturbaci\u00f3n. Aunque es un fen\u00f3meno trasversal, las mujeres j\u00f3venes de ( 18 a 34 a\u00f1os) son el grupo m\u00e1s vulnerable: el 97 por ciento ha sufrido acoso en el \u00faltimo a\u00f1o. La mitad por lo menos, una vez a la semana y dos de cada 10, con frecuencia diaria.<\/p>\n","protected":false},"excerpt":{"rendered":"<p>Se elabor\u00f3 un proyecto de ley que sanciona los gestos obscenos y agresiones verbales. Existe ahora una p\u00e1gina web con un espacio destinado a que las v\u00edctimas relaten sus experiencias. Isabel Custodio SemM\u00e9xico. 14 de febrero de 2017.- En Chile el acoso callejero se castiga en el marco de las ofensas al pudor, a la [&hellip;]<\/p>\n","protected":false},"author":3,"featured_media":4704,"comment_status":"open","ping_status":"open","sticky":false,"template":"","format":"standard","meta":{"_monsterinsights_skip_tracking":false,"footnotes":""},"categories":[687,74,1],"tags":[],"class_list":["post-4703","post","type-post","status-publish","format-standard","has-post-thumbnail","category-687","category-isabel-custodio","category-uncategorized"],"_links":{"self":[{"href":"https:\/\/redsemlac.com\/semmexico\/wp-json\/wp\/v2\/posts\/4703","targetHints":{"allow":["GET"]}}],"collection":[{"href":"https:\/\/redsemlac.com\/semmexico\/wp-json\/wp\/v2\/posts"}],"about":[{"href":"https:\/\/redsemlac.com\/semmexico\/wp-json\/wp\/v2\/types\/post"}],"author":[{"embeddable":true,"href":"https:\/\/redsemlac.com\/semmexico\/wp-json\/wp\/v2\/users\/3"}],"replies":[{"embeddable":true,"href":"https:\/\/redsemlac.com\/semmexico\/wp-json\/wp\/v2\/comments?post=4703"}],"version-history":[{"count":0,"href":"https:\/\/redsemlac.com\/semmexico\/wp-json\/wp\/v2\/posts\/4703\/revisions"}],"wp:featuredmedia":[{"embeddable":true,"href":"https:\/\/redsemlac.com\/semmexico\/wp-json\/wp\/v2\/media\/4704"}],"wp:attachment":[{"href":"https:\/\/redsemlac.com\/semmexico\/wp-json\/wp\/v2\/media?parent=4703"}],"wp:term":[{"taxonomy":"category","embeddable":true,"href":"https:\/\/redsemlac.com\/semmexico\/wp-json\/wp\/v2\/categories?post=4703"},{"taxonomy":"post_tag","embeddable":true,"href":"https:\/\/redsemlac.com\/semmexico\/wp-json\/wp\/v2\/tags?post=4703"}],"curies":[{"name":"wp","href":"https:\/\/api.w.org\/{rel}","templated":true}]}}