{"id":46988,"date":"2022-03-09T17:05:04","date_gmt":"2022-03-09T23:05:04","guid":{"rendered":"https:\/\/redsemlac.com\/semmexico\/?p=46988"},"modified":"2023-07-21T19:00:38","modified_gmt":"2023-07-22T00:00:38","slug":"mujeres-chilenas-marchan-entre-la-rabia-y-la-esperanza-este-8m-por-el-nuevo-gobierno-feminista","status":"publish","type":"post","link":"https:\/\/redsemlac.com\/semmexico\/mujeres-chilenas-marchan-entre-la-rabia-y-la-esperanza-este-8m-por-el-nuevo-gobierno-feminista\/","title":{"rendered":"Mujeres chilenas marchan entre la rabia y la esperanza este 8M por el nuevo gobierno feminista"},"content":{"rendered":"\n<ul class=\"wp-block-list\"><li><strong>El gobierno chileno contar\u00e1 con el primer gabinete con m\u00e1s mujeres que hombres del continente americano<\/strong><\/li><li><strong>Marcha la primera dama y futuras ministras\/ j\u00f3venes tiraron vallas<\/strong><\/li><\/ul>\n\n\n\n<p class=\"wp-block-paragraph\">SemM\u00e9xico\/Agencia, 9 de marzo, 2022.-Miles de chilenas&nbsp;salieron este martes en masa para conmemorar el&nbsp;D\u00eda Internacional de la Mujer&nbsp;entre la indignaci\u00f3n por una violencia machista que no cesa y la esperanza que despierta el proceso constituyente y el futuro gobierno feminista que tomar\u00e1 posesi\u00f3n el pr\u00f3ximo viernes.<\/p>\n\n\n\n<p class=\"wp-block-paragraph\">Al grito de \u00ab\u00a1Vivas nos queremos!\u00bb y \u00ab\u00a1Basta ya!\u00bb, mujeres de todas las edades y profesiones blandieron banderas moradas y verdes, los colores del feminismo y del aborto libre, por todo el pa\u00eds, aunque la manifestaci\u00f3n m\u00e1s multitudinaria tuvo lugar en Santiago.<\/p>\n\n\n\n<p class=\"wp-block-paragraph\">El pedestal de la m\u00edtica Plaza Italia, epicentro de las masivas protestas de 2019, se ti\u00f1\u00f3 de morado y en un lateral de la rotonda capitalina se clavaron carteles con los&nbsp;nombres y las fotograf\u00edas de las decenas de mujeres asesinadas por hombres&nbsp;en los \u00faltimos a\u00f1os.<\/p>\n\n\n\n<p class=\"wp-block-paragraph\">\u00abHay que seguir saliendo a las calles, le pese a quien le pese\u00bb, dijo la estudiante de medicina Mariela Ramos, quien portaba una pancarta con el lema: \u00abSoy y ser\u00e9 due\u00f1a de mi cuerpo\u00bb, dijo una marchista a EFE.<\/p>\n\n\n\n<h2 class=\"wp-block-heading\" id=\"un-nuevo-gobierno-feminista\"><strong>Un nuevo gobierno feminista<\/strong><\/h2>\n\n\n\n<p class=\"wp-block-paragraph\">El progresista Gabriel Boric liderar\u00e1 a partir del 11 de marzo&nbsp;el primer gabinete con m\u00e1s mujeres que hombres&nbsp;(14 frente a 10) del continente americano y con la m\u00e9dica independiente Izkia Siches al frente de la poderosa cartera de Interior,&nbsp;la primera mujer en ocupar el cargo en Chile.<\/p>\n\n\n\n<p class=\"wp-block-paragraph\">La futura vocera oficial, Camila Vallejo, anunci\u00f3 este martes que el Ministerio de la Mujer tendr\u00e1 su sede en el palacio presidencial de La Moneda en un intento por transversalizar la lucha por la equidad de g\u00e9nero; y dijo que una de las primeras acciones que llevar\u00e1n a cabo ser\u00e1 dar urgencia en la tramitaci\u00f3n parlamentaria a un proyecto por el derecho a una vida libre de violencia.<\/p>\n\n\n\n<p class=\"wp-block-paragraph\">En un mensaje dirigido a los hombres, Boric pidi\u00f3 la semana pasada tomarse en serio el feminismo porque no es una banalidad ni una respuesta posmoderna a demandas identitarias.<\/p>\n\n\n\n<p class=\"wp-block-paragraph\">La convenci\u00f3n, formada en gran parte por ciudadanos independientes y de tendencia progresista y la primera paritaria del mundo\u00a0tiene hasta julio para terminar la nueva Carta Magna\u00a0y\u00a0que deber\u00e1 ser ratificada para poder entrar en vigor.<\/p>\n\n\n\n<h2 class=\"wp-block-heading\" id=\"marchpo-la-proxima-primera-dama-y-futuras-ministras\">Marchpo la pr\u00f3xima primera dama y futuras ministras<\/h2>\n\n\n\n<p class=\"wp-block-paragraph\">Democracia en el pa\u00eds, en la casa y en la cama\u00bb, dec\u00eda el lienzo que portaron Karamanos, de 32 a\u00f1os y pareja de Boric, y otras futuras autoridades femeninas como Camila Vallejos, pr\u00f3xima vocera de gobierno, e Izkia Siches, quien se convertir\u00e1 en la primera ministra del Interior de Chile, durante la manifestaci\u00f3n por el D\u00eda Internacional de la Mujer.<\/p>\n\n\n\n<p class=\"wp-block-paragraph\">Marchamos juntas conmemorando a todas quienes han abierto camino para hoy poder seguir transformando desde todos los espacios y luchar unidas por eliminar todas las formas de violencia y discriminaci\u00f3n de nuestra sociedad\u00bb, dijo Karamanos, en un mensaje en su cuenta de Twitter.<\/p>\n\n\n\n<p class=\"wp-block-paragraph\">Algunas<strong>&nbsp;manifestantes tiraron al suelo vallas<\/strong>&nbsp;que imped\u00edan el paso de la protesta a las cercan\u00edas del palacio gubernamental de La Moneda, por lo que la polic\u00eda las dispers\u00f3 con carros lanza-agua. Mujeres que participaron en la marcha fueron agredidas por encapuchados, seg\u00fan constat\u00f3 un periodista de la AFP.<\/p>\n\n\n\n<p class=\"wp-block-paragraph\">Entre gritos en contra de la desigualdad y la<strong>&nbsp;violencia contra la mujer en Chile<\/strong>, y al ritmo de tambores y trompetas, las futuras autoridades participaron junto a una enorme multitud de mujeres quienes se reunieron en Plaza Italia -renombrada Plaza Dignidad en la revuelta social de octubre de 2019- bajo el lema \u00abPor la vida que nos deben\u00bb y avanzaron por la Alameda, la principal avenida de Santiago.<\/p>\n\n\n\n<p class=\"wp-block-paragraph\">La marcha se produce a tres d\u00edas de que Boric asuma el poder y a sus 36 a\u00f1os se convierta en el presidente m\u00e1s joven de la historia de Chile. El izquierdista prometi\u00f3 que su gobierno ser\u00e1 \u00abfeminista\u00bb con un gabinete en el que 14 de sus 24 ministros ser\u00e1n mujeres.<\/p>\n\n\n\n<p class=\"wp-block-paragraph\">Necesitamos impulsar una recuperaci\u00f3n del empleo inclusiva, abarcando zonas que se han visto rezagadas\u00bb, dijo Jeanette Jara, futura ministra del Trabajo, a medios locales.<\/p>\n\n\n\n<h2 class=\"wp-block-heading\" id=\"perspectiva-de-genero\"><strong>Perspectiva de g\u00e9nero<\/strong><\/h2>\n\n\n\n<p class=\"wp-block-paragraph\">Boric, un exl\u00edder estudiantil y diputado, ha manifestado su intenci\u00f3n de asumir medidas para combatir la violencia de g\u00e9nero en un pa\u00eds donde el a\u00f1o pasado 52 mujeres fueron v\u00edctimas de feminicidios, y tambi\u00e9n para reducir la brecha salarial entre hombres y mujeres que lleg\u00f3 a un 20%.<\/p>\n\n\n\n<p class=\"wp-block-paragraph\">El primer gesto o decisi\u00f3n que quiero anunciar y confirmar es que el Ministerio de la Mujer y Equidad de G\u00e9nero va a tener una oficina en (el palacio presidencial de) La Moneda, y desde ah\u00ed trabajar codo a codo con todos los ministerios del comit\u00e9 pol\u00edtico para poder conducir este gobierno con perspectiva de g\u00e9nero, este gobierno feminista\u00bb, indic\u00f3 Vallejo m\u00e1s temprano, en un acto con el resto de las futuras ministras.<\/p>\n\n\n\n<p class=\"wp-block-paragraph\">Esperamos que en todos los recintos en donde nos desempe\u00f1emos como mujeres trabajadoras nunca exista un espacio en donde nos manden a un ba\u00f1o a sacarnos leche, donde nos restrinjan en nuestras libertades de alimentaci\u00f3n, cosas b\u00e1sicas que hoy d\u00eda siguen siendo una deuda\u00bb, indic\u00f3, en tanto, la futura ministra Siches.<\/p>\n\n\n\n<p class=\"wp-block-paragraph\">En un\u00a0acto programado para este martes, Boric decidi\u00f3 no realizar declaraciones y pidi\u00f3 a sus ministros \u00abevitar todo tipo de protagonismo\u00bb durante la jornada.<\/p>\n","protected":false},"excerpt":{"rendered":"<p>El gobierno chileno contar\u00e1 con el primer gabinete con m\u00e1s mujeres que hombres del continente americano<\/p>\n","protected":false},"author":3,"featured_media":46989,"comment_status":"open","ping_status":"open","sticky":false,"template":"","format":"standard","meta":{"_monsterinsights_skip_tracking":false,"footnotes":""},"categories":[693,53],"tags":[],"class_list":["post-46988","post","type-post","status-publish","format-standard","has-post-thumbnail","category-693","category-internacional"],"_links":{"self":[{"href":"https:\/\/redsemlac.com\/semmexico\/wp-json\/wp\/v2\/posts\/46988","targetHints":{"allow":["GET"]}}],"collection":[{"href":"https:\/\/redsemlac.com\/semmexico\/wp-json\/wp\/v2\/posts"}],"about":[{"href":"https:\/\/redsemlac.com\/semmexico\/wp-json\/wp\/v2\/types\/post"}],"author":[{"embeddable":true,"href":"https:\/\/redsemlac.com\/semmexico\/wp-json\/wp\/v2\/users\/3"}],"replies":[{"embeddable":true,"href":"https:\/\/redsemlac.com\/semmexico\/wp-json\/wp\/v2\/comments?post=46988"}],"version-history":[{"count":0,"href":"https:\/\/redsemlac.com\/semmexico\/wp-json\/wp\/v2\/posts\/46988\/revisions"}],"wp:featuredmedia":[{"embeddable":true,"href":"https:\/\/redsemlac.com\/semmexico\/wp-json\/wp\/v2\/media\/46989"}],"wp:attachment":[{"href":"https:\/\/redsemlac.com\/semmexico\/wp-json\/wp\/v2\/media?parent=46988"}],"wp:term":[{"taxonomy":"category","embeddable":true,"href":"https:\/\/redsemlac.com\/semmexico\/wp-json\/wp\/v2\/categories?post=46988"},{"taxonomy":"post_tag","embeddable":true,"href":"https:\/\/redsemlac.com\/semmexico\/wp-json\/wp\/v2\/tags?post=46988"}],"curies":[{"name":"wp","href":"https:\/\/api.w.org\/{rel}","templated":true}]}}