{"id":4680,"date":"2017-05-05T16:30:52","date_gmt":"2017-05-05T16:30:52","guid":{"rendered":"https:\/\/redsemlac.com\/semmexico\/?p=4680"},"modified":"2023-07-21T14:24:08","modified_gmt":"2023-07-21T19:24:08","slug":"el-acoso-callejero-en-chile","status":"publish","type":"post","link":"https:\/\/redsemlac.com\/semmexico\/el-acoso-callejero-en-chile\/","title":{"rendered":"El acoso callejero en Chile"},"content":{"rendered":"\n<p class=\"wp-block-paragraph\">85% de las encuestadas ha sufrido acoso sexual callejero<\/p>\n\n\n\n<h5 class=\"wp-block-heading\"> Eva Disidente 2a \u00c9poca<\/h5>\n\n\n\n<p class=\"wp-block-paragraph\"><a href=\"https:\/\/semmexico.com\/gallery-post.php?id=1689#\">Isabel Custodio<\/a><\/p>\n\n\n\n<p class=\"wp-block-paragraph\">SemM\u00e9xico. 5 de mayo de 2017. Para actualizar una normativa que data de 1874 , el Congreso tramita una legislaci\u00f3n para penalizar el acoso con violencia que sufren 9 de cada 10 mujeres.<br>En Chile ahora se castiga en el marco de las ofensas al pudor, a la moral y a las buenas costumbres . Frente a la realidad actual , y con el apoyo de especialistas y legisladores del Observatorio Contra El Acoso Callejero ( OCAC) se elabor\u00f3 un proyecto de ley que sanciona los gestos obscenos , como el exhibicionismo y la persecuci\u00f3n, la captaci\u00f3n de im\u00e1genes con una connotaci\u00f3n sexual sin el consentimiento de la v\u00edctima y el contacto corporal , como los roces.A diferencia de lo que ocurr\u00eda hasta hace poco, cuando apenas se hablaba del acoso , existe ahora en la p. web del OCAC un espacio destinado a que las v\u00edctimas relaten sus experiencias.Una muchacha relata lo que le sucedi\u00f3 cuando, en un autob\u00fas se agach\u00f3 a recoger una moneda que se le hab\u00eda ca\u00eddo:\u00bbSolo eso bast\u00f3 para que un hombre se bajar\u00e1 conmigo y me siguiera por ocho cuadras. Casi me dej\u00f3 en mi casa. Mi mam\u00e1 dijo que era culpa m\u00eda, porque andaba con una \u00abfaldita\u00bb y que esas cosas pasan\u00bb.<br>Para la poblaci\u00f3n era natural que una conocida marca de galletas, publicit\u00e1ra el producto mostrando piernas de mujeres en el Metro, apelando a la tentaci\u00f3n irresistible de tenerlas enfrente y llamando a los hombres a sacarles una foto para compartirla en Twiter.\u00bbLa OCAC surgi\u00f3 por el impulso de cuatro estudiantes de sociolog\u00eda , que no s\u00f3lo ha conseguido hacer visible el problema sino instalarlo en la agenda p\u00fablica con logros hist\u00f3ricos.<br>En Chile no exist\u00edan ni estudios ni cifras que permitieran calificar el fen\u00f3meno.De acuerdo a la segunda encuesta del OCAC de 2015 , realizada con los datos m\u00e1s recientes disponibles en los \u00faltimos 12 meses , un 85% de las encuestadas ha sufrido acoso sexual callejero. A dos de cada cinco personas &#8211; mujeres y hombres- las han rozado, tocado o les han presionado con los genitales en el espacio p\u00fablico como los autobuses. Un 23% de las chilenas han sufrido alg\u00fan tipo de acoso grave: persecuci\u00f3n, exhibicionismo o masturbaci\u00f3n. Aunque es un fen\u00f3meno transversal, las mujeres j\u00f3venes ( de 18 a 34 a\u00f1os) son el grupo m\u00e1s vulnerable: el 97% ha sufrido acoso en el \u00faltimo a\u00f1o.La mitad por lo menos, una vez a la semana y dos de cada 10, con frecuencia diaria.<br><\/p>\n","protected":false},"excerpt":{"rendered":"<p>85% de las encuestadas ha sufrido acoso sexual callejero Eva Disidente 2a \u00c9poca Isabel Custodio SemM\u00e9xico. 5 de mayo de 2017. Para actualizar una normativa que data de 1874 , el Congreso tramita una legislaci\u00f3n para penalizar el acoso con violencia que sufren 9 de cada 10 mujeres.En Chile ahora se castiga en el marco [&hellip;]<\/p>\n","protected":false},"author":3,"featured_media":4645,"comment_status":"open","ping_status":"open","sticky":false,"template":"","format":"standard","meta":{"_monsterinsights_skip_tracking":false,"footnotes":""},"categories":[687,74,1],"tags":[],"class_list":["post-4680","post","type-post","status-publish","format-standard","has-post-thumbnail","category-687","category-isabel-custodio","category-uncategorized"],"_links":{"self":[{"href":"https:\/\/redsemlac.com\/semmexico\/wp-json\/wp\/v2\/posts\/4680","targetHints":{"allow":["GET"]}}],"collection":[{"href":"https:\/\/redsemlac.com\/semmexico\/wp-json\/wp\/v2\/posts"}],"about":[{"href":"https:\/\/redsemlac.com\/semmexico\/wp-json\/wp\/v2\/types\/post"}],"author":[{"embeddable":true,"href":"https:\/\/redsemlac.com\/semmexico\/wp-json\/wp\/v2\/users\/3"}],"replies":[{"embeddable":true,"href":"https:\/\/redsemlac.com\/semmexico\/wp-json\/wp\/v2\/comments?post=4680"}],"version-history":[{"count":0,"href":"https:\/\/redsemlac.com\/semmexico\/wp-json\/wp\/v2\/posts\/4680\/revisions"}],"wp:featuredmedia":[{"embeddable":true,"href":"https:\/\/redsemlac.com\/semmexico\/wp-json\/wp\/v2\/media\/4645"}],"wp:attachment":[{"href":"https:\/\/redsemlac.com\/semmexico\/wp-json\/wp\/v2\/media?parent=4680"}],"wp:term":[{"taxonomy":"category","embeddable":true,"href":"https:\/\/redsemlac.com\/semmexico\/wp-json\/wp\/v2\/categories?post=4680"},{"taxonomy":"post_tag","embeddable":true,"href":"https:\/\/redsemlac.com\/semmexico\/wp-json\/wp\/v2\/tags?post=4680"}],"curies":[{"name":"wp","href":"https:\/\/api.w.org\/{rel}","templated":true}]}}