{"id":46765,"date":"2022-03-07T12:31:08","date_gmt":"2022-03-07T18:31:08","guid":{"rendered":"https:\/\/redsemlac.com\/semmexico\/?p=46765"},"modified":"2023-07-21T19:00:03","modified_gmt":"2023-07-22T00:00:03","slug":"tras-la-puerta-del-poder-temen-amlo-y-su-grupo-una-primavera-similar-a-la-arabe","status":"publish","type":"post","link":"https:\/\/redsemlac.com\/semmexico\/tras-la-puerta-del-poder-temen-amlo-y-su-grupo-una-primavera-similar-a-la-arabe\/","title":{"rendered":"Tras la puerta del poder| \u00bfTemen AMLO y su grupo una primavera similar a la \u00e1rabe?"},"content":{"rendered":"\n<p class=\"wp-block-paragraph\">Roberto Vizca\u00edno<br>SemM\u00e9xico, Cd. de M\u00e9xico, 7 de marzo, 2022.- Siempre rezagados del resto del mundo, la poblaci\u00f3n mexicana podr\u00eda estar a las puertas de vivir -afirman analistas y soci\u00f3logos-, un movimiento social de niveles de la Primavera \u00c1rabe de 2010-2012 que derrib\u00f3 a unas 12 tiran\u00edas en medio oriente o del Movimiento de los Indignados de por esa \u00e9poca que transform\u00f3 estructuras en Europa.<\/p>\n\n\n\n<p class=\"wp-block-paragraph\">Algo as\u00ed, dicen, prev\u00e9n Andr\u00e9s Manuel L\u00f3pez Obrador y los suyos en el desarrollo de una inusitada y poderosa campa\u00f1a, con un gasto multimillonario a trav\u00e9s de espectaculares en pr\u00e1cticamente todas las ciudades y carreteras del pa\u00eds a fin de convocar a los mexicanos no a que acudan a votar en la consulta de revocaci\u00f3n de mandato, sino a favor de que se quede el tabasque\u00f1o.<\/p>\n\n\n\n<p class=\"wp-block-paragraph\">Al parejo est\u00e1 en curso una persistente e ilegal campa\u00f1a a lo largo y ancho del pa\u00eds, a trav\u00e9s del activismo directo de alcaldes, gobernadores, l\u00edderes, senadores y diputados de Morena que llaman a la poblaci\u00f3n a la ratificaci\u00f3n del mandatario.<\/p>\n\n\n\n<p class=\"wp-block-paragraph\">En las semanas recientes, quiz\u00e1 desde fines e inicios de a\u00f1o, AMLO y su entorno comenz\u00f3 a ver indicios de un creciente sentimiento de inconformidad social hacia su gesti\u00f3n.<\/p>\n\n\n\n<p class=\"wp-block-paragraph\">Y se prendieron las alarmas. Hoy todo el morenismo est\u00e1 en acci\u00f3n.<br>As\u00ed desde el poder se realizan acciones como el reparto previo este mes, del doble de los bonos a los adultos mayores, 7,700 pesos a cada adulto, bajo el argumento de que se hace esta entrega de dinero en directo en previsi\u00f3n de la veda electoral de las elecciones de junio.<\/p>\n\n\n\n<p class=\"wp-block-paragraph\">Por lo dem\u00e1s el tabasque\u00f1o y los suyos se preparan para arreciar su campa\u00f1a en lo que queda de aqu\u00ed al 10 de abril, previendo que los opositores -empresarios, lideres de partidos, intelectuales y otros-intensifiquen sus llamados a votar en favor de que AMLO deje el cargo.<\/p>\n\n\n\n<p class=\"wp-block-paragraph\">\u00bfEs posible que ocurra aqu\u00ed algo similar a la Primavera \u00c1rabe de 2010 y se logre echar fuera a AMLO?, se preguntan unos y otros.<\/p>\n\n\n\n<p class=\"wp-block-paragraph\">No, no es imposible, afirman quienes saben de esto. Es cosa de que se usen las redes sociales como ocurri\u00f3 all\u00e1. Lo dem\u00e1s lo har\u00eda la creciente inconformidad social contra el mandatario.<\/p>\n\n\n\n<p class=\"wp-block-paragraph\">Morena requiere de unidad y conciliaci\u00f3n<\/p>\n\n\n\n<p class=\"wp-block-paragraph\">En este contexto, el l\u00edder de Morena en el Senado, el zacatecano Ricardo Monreal llam\u00f3 de nuevo a sus correligionarios en Morena a buscar la unidad y la conciliaci\u00f3n.<\/p>\n\n\n\n<p class=\"wp-block-paragraph\">Monreal, quien durante este complicado fin de semana se reuni\u00f3 con empresarias de Jalisco -de quienes escuch\u00f3 reclamos y sugerencias-, consider\u00f3 que el partido en el poder no ha logrado construir un camino propio y transita \u201cjalado\u201d por la popularidad y aceptaci\u00f3n del Presidente de la Rep\u00fablica quien mantiene niveles de 60 a 65 por ciento de popularidad.<\/p>\n\n\n\n<p class=\"wp-block-paragraph\">Hay que reforzar la cohesi\u00f3n de Morena, dijo y se\u00f1al\u00f3 que es evidente que el partido ha quedado rezagado frente al Presidente de la Rep\u00fablica.<br>Por ello les pidi\u00f3 a los morenistas reforzar la estructura pol\u00edtica del partido, trabajar en unidad, con convicci\u00f3n y cohesi\u00f3n.<\/p>\n\n\n\n<p class=\"wp-block-paragraph\">Reconoci\u00f3 que la divisi\u00f3n interna surgida en la selecci\u00f3n de candidatos en el proceso electoral de 2021, ha provocado una disminuci\u00f3n en preferencias.<br>Hay varios estados en los que tendr\u00edan que fortalecerse las estructuras pol\u00edtico-partidistas de Morena, como Jalisco, Guanajuato, Yucat\u00e1n, Aguascalientes o Quer\u00e9taro.<\/p>\n\n\n\n<p class=\"wp-block-paragraph\">\u201cHace falta mucho trabajo de conciliaci\u00f3n, de unidad, de objetivos comunes, de trabajo organizado, de conformar estructura, de capacitaci\u00f3n, de formaci\u00f3n pol\u00edtica en Morena\u201d, indic\u00f3.<\/p>\n\n\n\n<p class=\"wp-block-paragraph\">Igual insisti\u00f3 en que \u00e9l se presentar\u00e1 a las internas de Morena para la presidencial de 2024 y que ganar\u00e1 \u201ca la buena\u201d esa contienda para luego obtener el triunfo en las elecciones de 2024. Se defini\u00f3 asimismo como partidario de la conciliaci\u00f3n, el di\u00e1logo y las pol\u00edticas p\u00fablicas progresistas sin colocarse ni en la extrema izquierda o derecha.<\/p>\n\n\n\n<p class=\"wp-block-paragraph\">\u201c\u2026 he luchado toda mi vida para este momento y voy a construirlo y a consolidarlo con la ayuda de todos\u201d, asegur\u00f3.<br>\u2026..rvizcainoa@gmail.com \/ Twitter: @_Vizcaino \/ Facebook \/ https:\/\/www.facebook.com\/rvizcainoa<\/p>\n","protected":false},"excerpt":{"rendered":"<p>Roberto Vizca\u00ednoSemM\u00e9xico, Cd. de M\u00e9xico, 7 de marzo, 2022.- Siempre rezagados del resto del mundo, la poblaci\u00f3n mexicana podr\u00eda estar a las puertas de vivir -afirman analistas y soci\u00f3logos-, un movimiento social de niveles de la Primavera \u00c1rabe de 2010-2012 que derrib\u00f3 a unas 12 tiran\u00edas en medio oriente o del Movimiento de los Indignados [&hellip;]<\/p>\n","protected":false},"author":3,"featured_media":39589,"comment_status":"open","ping_status":"open","sticky":false,"template":"","format":"standard","meta":{"_monsterinsights_skip_tracking":false,"footnotes":""},"categories":[693,35,623,622],"tags":[],"class_list":["post-46765","post","type-post","status-publish","format-standard","has-post-thumbnail","category-693","category-opinion","category-roberto-vizcaino","category-tras-la-puerta-del-poder"],"_links":{"self":[{"href":"https:\/\/redsemlac.com\/semmexico\/wp-json\/wp\/v2\/posts\/46765","targetHints":{"allow":["GET"]}}],"collection":[{"href":"https:\/\/redsemlac.com\/semmexico\/wp-json\/wp\/v2\/posts"}],"about":[{"href":"https:\/\/redsemlac.com\/semmexico\/wp-json\/wp\/v2\/types\/post"}],"author":[{"embeddable":true,"href":"https:\/\/redsemlac.com\/semmexico\/wp-json\/wp\/v2\/users\/3"}],"replies":[{"embeddable":true,"href":"https:\/\/redsemlac.com\/semmexico\/wp-json\/wp\/v2\/comments?post=46765"}],"version-history":[{"count":0,"href":"https:\/\/redsemlac.com\/semmexico\/wp-json\/wp\/v2\/posts\/46765\/revisions"}],"wp:featuredmedia":[{"embeddable":true,"href":"https:\/\/redsemlac.com\/semmexico\/wp-json\/wp\/v2\/media\/39589"}],"wp:attachment":[{"href":"https:\/\/redsemlac.com\/semmexico\/wp-json\/wp\/v2\/media?parent=46765"}],"wp:term":[{"taxonomy":"category","embeddable":true,"href":"https:\/\/redsemlac.com\/semmexico\/wp-json\/wp\/v2\/categories?post=46765"},{"taxonomy":"post_tag","embeddable":true,"href":"https:\/\/redsemlac.com\/semmexico\/wp-json\/wp\/v2\/tags?post=46765"}],"curies":[{"name":"wp","href":"https:\/\/api.w.org\/{rel}","templated":true}]}}