{"id":46744,"date":"2022-03-07T08:58:41","date_gmt":"2022-03-07T14:58:41","guid":{"rendered":"https:\/\/redsemlac.com\/semmexico\/?p=46744"},"modified":"2023-07-21T19:00:04","modified_gmt":"2023-07-22T00:00:04","slug":"opinion-8m-los-retos-del-feminismo-en-la-hora-actual","status":"publish","type":"post","link":"https:\/\/redsemlac.com\/semmexico\/opinion-8m-los-retos-del-feminismo-en-la-hora-actual\/","title":{"rendered":"Opini\u00f3n| 8M: Los retos del feminismo en la hora actual"},"content":{"rendered":"\n<p class=\"wp-block-paragraph\"><strong>Josefina Ch\u00e1vez, directora de la revista Cuadernos Feministas<\/strong><\/p>\n\n\n\n<p class=\"wp-block-paragraph\">SemM\u00e9xico, Cd. de M\u00e9xico, 7 de marzo, 2022.- Desde hace m\u00e1s de cinco a\u00f1os estamos presenciando un ascenso de las luchas de las mujeres a nivel nacional, latinoamericano y mundial.&nbsp; A dos a\u00f1os de la pandemia, en donde se confirm\u00f3 que el trabajo que realizamos las mujeres es esencial y cuando se pensaba que estar\u00edamos saliendo de la crisis sanitaria, seguimos enfrentando las pol\u00edticas de recuperaci\u00f3n neoliberal y patriarcales, conservadoras y neofascistas.<\/p>\n\n\n\n<p class=\"wp-block-paragraph\">Pienso que este es el punto desde donde necesitamos situarnos para lograr vislumbrar las alternativas colectivas y alternativas para empujar la resistencia frente a los m\u00faltiples obst\u00e1culos que no han logrado derrotar el ascenso de las mujeres.<\/p>\n\n\n\n<p class=\"wp-block-paragraph\">Parece urgente fortalecer las agendas de lucha, hoy m\u00e1s que nunca y lograr identificar las pol\u00edticas, que, si bien se presentan como igualitarias, al mismo tiempo promueven la agenda neoliberal patriarcal.<\/p>\n\n\n\n<p class=\"wp-block-paragraph\">La fuerza del movimiento feminista se nutre de las movilizaciones mundiales. Nosotras, en M\u00e9xico, logramos algunos avances importantes e hist\u00f3ricos con las sentencias de la Suprema Corte de Justicia de la Naci\u00f3n (SCJN) hace siete meses, en septiembre del a\u00f1o pasado.<\/p>\n\n\n\n<p class=\"wp-block-paragraph\">Si bien el movimiento feminista ha logrado la despenalizaci\u00f3n de la interrupci\u00f3n del embarazo y las mujeres puedan ejercer su autonom\u00eda reproductiva, esto no es suficiente.&nbsp; Porque las fracciones parlamentarias no tienen como prioridad la vida de las mujeres se act\u00faa desde estructuras formales y de pensamiento patriarcal. Se mueven de acuerdo a sus intereses y prioridades pol\u00edticas.<\/p>\n\n\n\n<p class=\"wp-block-paragraph\">El movimiento necesita continuar con la presi\u00f3n pol\u00edtica sostenida para obligar al Congreso de la Uni\u00f3n a la armonizaci\u00f3n que le ha mandatado la Corte. Y a los Congresos locales la aprobaci\u00f3n de las reformas legislativas para la despenalizaci\u00f3n y modificar sus c\u00f3digos penales.<\/p>\n\n\n\n<p class=\"wp-block-paragraph\">La realidad es que, las mujeres a lo largo y ancho del pa\u00eds siguen enfrentando la criminalizaci\u00f3n y la violencia. Las mujeres presas por abortar deben ser liberadas de inmediato. La Corte tampoco ha cumplido con su compromiso de liberarlas.<\/p>\n\n\n\n<p class=\"wp-block-paragraph\">La crisis de la pandemia increment\u00f3 la explotaci\u00f3n laboral de las mujeres y la violencia. Puso en evidencia cuales son los trabajos sociales esenciales, destap\u00f3 la debacle de las pol\u00edticas neoliberales de salud. Aceler\u00f3 la crisis capitalista y adem\u00e1s ahora estamos en un contexto mundial de guerra imperialista, que est\u00e1 contribuyendo a la aceleraci\u00f3n de todas las crisis, y sin lugar a dudas, la guerra es una de las formas m\u00e1s brutales de la violencia patriarcal.<\/p>\n\n\n\n<p class=\"wp-block-paragraph\">Como podemos ver tenemos muchos frentes de lucha y muchos retos. El feminismo como propuesta de vida contiene tambi\u00e9n las herramientas para cambiar la realidad y desarrollar e imaginar el mundo que queremos; donde las vidas importen y no las ganancias capitalistas. &nbsp;<\/p>\n","protected":false},"excerpt":{"rendered":"<p>Desde hace m\u00e1s de cinco a\u00f1os estamos presenciando un ascenso de las luchas de las mujeres a nivel nacional, latinoamericano y mundial.\u00a0<\/p>\n","protected":false},"author":3,"featured_media":46745,"comment_status":"open","ping_status":"open","sticky":false,"template":"","format":"standard","meta":{"_monsterinsights_skip_tracking":false,"footnotes":""},"categories":[693,110,35],"tags":[459],"class_list":["post-46744","post","type-post","status-publish","format-standard","has-post-thumbnail","category-693","category-la-opinion-columnas","category-opinion","tag-opinion"],"_links":{"self":[{"href":"https:\/\/redsemlac.com\/semmexico\/wp-json\/wp\/v2\/posts\/46744","targetHints":{"allow":["GET"]}}],"collection":[{"href":"https:\/\/redsemlac.com\/semmexico\/wp-json\/wp\/v2\/posts"}],"about":[{"href":"https:\/\/redsemlac.com\/semmexico\/wp-json\/wp\/v2\/types\/post"}],"author":[{"embeddable":true,"href":"https:\/\/redsemlac.com\/semmexico\/wp-json\/wp\/v2\/users\/3"}],"replies":[{"embeddable":true,"href":"https:\/\/redsemlac.com\/semmexico\/wp-json\/wp\/v2\/comments?post=46744"}],"version-history":[{"count":0,"href":"https:\/\/redsemlac.com\/semmexico\/wp-json\/wp\/v2\/posts\/46744\/revisions"}],"wp:featuredmedia":[{"embeddable":true,"href":"https:\/\/redsemlac.com\/semmexico\/wp-json\/wp\/v2\/media\/46745"}],"wp:attachment":[{"href":"https:\/\/redsemlac.com\/semmexico\/wp-json\/wp\/v2\/media?parent=46744"}],"wp:term":[{"taxonomy":"category","embeddable":true,"href":"https:\/\/redsemlac.com\/semmexico\/wp-json\/wp\/v2\/categories?post=46744"},{"taxonomy":"post_tag","embeddable":true,"href":"https:\/\/redsemlac.com\/semmexico\/wp-json\/wp\/v2\/tags?post=46744"}],"curies":[{"name":"wp","href":"https:\/\/api.w.org\/{rel}","templated":true}]}}