{"id":46733,"date":"2022-03-06T13:39:43","date_gmt":"2022-03-06T19:39:43","guid":{"rendered":"https:\/\/redsemlac.com\/semmexico\/?p=46733"},"modified":"2023-07-21T19:00:04","modified_gmt":"2023-07-22T00:00:04","slug":"desde-la-luna-de-valencia-a-por-un-nuevo-ocho-de-marzo","status":"publish","type":"post","link":"https:\/\/redsemlac.com\/semmexico\/desde-la-luna-de-valencia-a-por-un-nuevo-ocho-de-marzo\/","title":{"rendered":"Desde la Luna de Valencia| \u00a1A por un nuevo ocho de marzo!"},"content":{"rendered":"\n<p class=\"wp-block-paragraph\">Teresa Moll\u00e1 Castells<\/p>\n\n\n\n<p class=\"wp-block-paragraph\">SemM\u00e9xico, Ontinyent, Valencia, 6 de marzo del 2022.-Pese a lo que pudiera parecer, el feminismo no se rinde. Y a\u00fan a sabiendas de haber sido abandonadas por nuestros gobernantes, que a s\u00ed mismo de llaman feministas, no cejamos en nuestro empe\u00f1o de defender la agenda feminista.<\/p>\n\n\n\n<p class=\"wp-block-paragraph\">Dentro de las reivindicaciones del 8 de marzo no cabe todo, por mucho que las posmodernas chupiguays lo intenten. El 8 de marzo es el d\u00eda de las mujeres trabajadoras. Que, por otro lado, somos todas las mujeres, puesto que con o sin remuneraci\u00f3n, todas trabajamos.<\/p>\n\n\n\n<p class=\"wp-block-paragraph\">Es un d\u00eda de lucha y de reivindicaci\u00f3n. Para nada es un d\u00eda de fiesta. Un d\u00eda para recordar que haber nacido mujeres comporta unos riesgos, incluso de muerte, por parte del patriarcado que nos quieres sumisas, d\u00f3ciles y a su permanente servicio en cualquiera de sus formas.<\/p>\n\n\n\n<p class=\"wp-block-paragraph\">Por eso, y dentro de la agenda feminista, reivindicamos temas tan importantes como la abolici\u00f3n de la prostituci\u00f3n. Porque consumir mujeres por placer y por el placer de la dominaci\u00f3n, como tambi\u00e9n se hace en la pornograf\u00eda, es una manera de convertir nuestros cuerpos en bienes de consumo despojados de vida propia, de dignidad, de sentimientos etc. para pasar a ser \u201calgo\u201d qu\u00e9 consumir. Deshumanizarnos forma parte de la estrategia patriarcal para seguir ejerciendo su mandato de poder absoluto y universal. Y para hacerlo, se recluye a las mujeres tratadas en burdeles convertidos en campos de concentraci\u00f3n en los que, adem\u00e1s de prostituir mujeres, se les cobra casi hasta por el aire que respiran para, de ese modo poderlas seguir explotando sexualmente. Tratadas, como animales y vendidas cada vez que se paga por poderlas penetrar por casi todos los orificios de sus cuerpos por hombres a los que no desean, esas mujeres son usadas como mera mercanc\u00eda para ganar dinero a espuertas en un negocio il\u00edcito que mueve muchos millones de euros usando los cuerpos de mujeres como materia prima. &nbsp;&nbsp;<\/p>\n\n\n\n<p class=\"wp-block-paragraph\">En plena ofensiva b\u00e9lica en Ucrania, a mucha gente le preocupa sobre todas las cosas, \u201csu\u201d negocio. El poder salvaguardar al lucrativo negocio legal de los vientres de alquiler que, gracias a la explotaci\u00f3n reproductiva de las mujeres, alimenta, incluso parte de las armas que se est\u00e1n entregando a la poblaci\u00f3n para defenderse de la injustificada agresi\u00f3n rusa. Mujeres recluidas en granjas que son privadas de sus libertades para que \u201cel producto final\u201d, l\u00e9ase, las criaturas que han de nacer lo hagan sin ning\u00fan problema o tara y en perfecto estado para poder ser entregadas a sus compradores en un negocio sino il\u00edcito, al menos totalmente indigno de compraventa de criaturas. El feminismo exige la prohibici\u00f3n de estas pr\u00e1cticas en todos los lugares y en todas las naciones. Porque el feminismo es universalista y los derechos de las mujeres no deben ser diferentes dependiendo del lugar de origen o del lugar de residencia. Han de ser universales.<\/p>\n\n\n\n<p class=\"wp-block-paragraph\">Anteponer la lucha por los derechos de una minor\u00eda que basa esos derechos en la consolidaci\u00f3n en forma de ley de sus deseos, por encima de la lucha contra las violencias machistas en todas sus formas, no es ser feministas. No s\u00e9 lo que ser\u00e1, pero desde luego y desde mi punto de vista, no es ser feministas.<\/p>\n\n\n\n<p class=\"wp-block-paragraph\">Son muchas las mujeres que cada d\u00eda viven en sus carnes las violencias machistas en sus diferentes formas. E incluso son asesinadas por ser mujeres. Negar esa evidencia o disfrazarla de otra cosa es, sencillamente, traicionar a las propias mujeres v\u00edctimas y, por extensi\u00f3n a todas las mujeres. Y eso no lo podemos permitir. Las mujeres y criaturas asesinadas por violencias machistas son nuestro fracaso social por falta de mayor implicaci\u00f3n en la erradicaci\u00f3n del patriarcado. Y mientras, se busca reforzarlo con el borrado de las mujeres como sujetos pol\u00edticos espec\u00edficos y necesitadas de pol\u00edticas espec\u00edficas para dejar de ser asesinadas por haber nacido mujeres.<\/p>\n\n\n\n<p class=\"wp-block-paragraph\">No solo no vamos a renunciar a nuestra a agenda feminista, sino m\u00e1s bien al contrario, la vamos a defender con u\u00f1as y dientes. Porque no podemos permitir que se vea inundada por unos intereses cuyo objetivo final es el propio borrado de las mujeres.<\/p>\n\n\n\n<p class=\"wp-block-paragraph\">El posmodernismo chupiguay con su defensa neoliberal de un negocio muy lucrativo, en base a la negaci\u00f3n del sexo biol\u00f3gico como base de las desigualdades, y la defensa del g\u00e9nero sentido, va a tener que buscarse y defender su propia agenda. Pero no va a ser la feminista. Porque precisamente la feminista defiende a capa y espada los derechos de las mujeres. Unos derechos que, con su borrado, incluso en el lenguaje, podr\u00edan ser arrebatados por hombres que, por sentirse mujeres, exigen ser tratados como mujeres y, de ese modo, poder continuar abusando de su poder para hacer y deshacer a su antojo. Y no, los derechos de las mujeres no se tocan. Y mucho menos se eliminan en aras a los derechos de otros colectivos.<\/p>\n\n\n\n<p class=\"wp-block-paragraph\">Y no. Tampoco vamos a permitir que se apropien de una fecha como el 8 de marzo, d\u00eda de las mujeres, aquellas y aquellos que pretenden borrarnos para seguir manteniendo sus privilegios patriarcales.<\/p>\n\n\n\n<p class=\"wp-block-paragraph\">Queda mucho trabajo por hacer. Mucho. Y queda tanto precisamente porque el patriarcado se reinventa constantemente en sus formas y en su fondo. Y una de sus \u00faltimas manifestaciones ha sido en forma de falso progresismo defensor de derechos de una pseuminor\u00eda oprimida. Y la llamo as\u00ed porque alguien que basa la exigencia de la consolidaci\u00f3n de sus derechos en base al borrado de los derechos de m\u00e1s de la mitad de la poblaci\u00f3n que somos las mujeres no, ni siquiera una minor\u00eda. Es una pseudo minor\u00eda.<\/p>\n\n\n\n<p class=\"wp-block-paragraph\">El ocho de marzo, volveremos a reivindicar nuestra agenda feminista. Y lo haremos desde el orgullo de sentirnos feministas y de saber que esos fundamentos te\u00f3ricos son la base para la construcci\u00f3n de una sociedad m\u00e1s justa y equitativa para con la mitad de la poblaci\u00f3n que somos las mujeres.<\/p>\n\n\n\n<p class=\"wp-block-paragraph\">Orgullosamente feminista y dispuesta a que cada uno de los d\u00edas sea un ocho de marzo.<\/p>\n\n\n\n<p class=\"wp-block-paragraph\">tmolla@telefonica.net<\/p>\n","protected":false},"excerpt":{"rendered":"<p>Pese a lo que pudiera parecer, el feminismo no se rinde. Y a\u00fan a sabiendas de haber sido abandonadas por nuestros gobernantes, que a s\u00ed mismo de llaman feministas, no cejamos en nuestro empe\u00f1o de defender la agenda feminista.<\/p>\n","protected":false},"author":3,"featured_media":43083,"comment_status":"open","ping_status":"open","sticky":false,"template":"","format":"standard","meta":{"_monsterinsights_skip_tracking":false,"footnotes":""},"categories":[693,82,110,35],"tags":[],"class_list":["post-46733","post","type-post","status-publish","format-standard","has-post-thumbnail","category-693","category-la-opinion","category-la-opinion-columnas","category-opinion"],"_links":{"self":[{"href":"https:\/\/redsemlac.com\/semmexico\/wp-json\/wp\/v2\/posts\/46733","targetHints":{"allow":["GET"]}}],"collection":[{"href":"https:\/\/redsemlac.com\/semmexico\/wp-json\/wp\/v2\/posts"}],"about":[{"href":"https:\/\/redsemlac.com\/semmexico\/wp-json\/wp\/v2\/types\/post"}],"author":[{"embeddable":true,"href":"https:\/\/redsemlac.com\/semmexico\/wp-json\/wp\/v2\/users\/3"}],"replies":[{"embeddable":true,"href":"https:\/\/redsemlac.com\/semmexico\/wp-json\/wp\/v2\/comments?post=46733"}],"version-history":[{"count":0,"href":"https:\/\/redsemlac.com\/semmexico\/wp-json\/wp\/v2\/posts\/46733\/revisions"}],"wp:featuredmedia":[{"embeddable":true,"href":"https:\/\/redsemlac.com\/semmexico\/wp-json\/wp\/v2\/media\/43083"}],"wp:attachment":[{"href":"https:\/\/redsemlac.com\/semmexico\/wp-json\/wp\/v2\/media?parent=46733"}],"wp:term":[{"taxonomy":"category","embeddable":true,"href":"https:\/\/redsemlac.com\/semmexico\/wp-json\/wp\/v2\/categories?post=46733"},{"taxonomy":"post_tag","embeddable":true,"href":"https:\/\/redsemlac.com\/semmexico\/wp-json\/wp\/v2\/tags?post=46733"}],"curies":[{"name":"wp","href":"https:\/\/api.w.org\/{rel}","templated":true}]}}