{"id":46691,"date":"2022-03-05T17:59:39","date_gmt":"2022-03-05T23:59:39","guid":{"rendered":"https:\/\/redsemlac.com\/semmexico\/?p=46691"},"modified":"2023-07-21T19:00:05","modified_gmt":"2023-07-22T00:00:05","slug":"ninas-mexicanas-una-nueva-generacion-de-mujeres-estupendas-y-capaces","status":"publish","type":"post","link":"https:\/\/redsemlac.com\/semmexico\/ninas-mexicanas-una-nueva-generacion-de-mujeres-estupendas-y-capaces\/","title":{"rendered":"Ni\u00f1as mexicanas: una nueva generaci\u00f3n de mujeres estupendas y capaces"},"content":{"rendered":"\n<ul class=\"wp-block-list\"><li><strong>Como una manera de conmemorar el D\u00eda Internacional de la Mujer, j\u00f3venes de varios puntos del pa\u00eds expresan su gusto por ser mujeres<\/strong><\/li><\/ul>\n\n\n\n<p class=\"wp-block-paragraph\">Con la informaci\u00f3n de las y los reporteros de&nbsp; diarios y portales del pa\u00eds<\/p>\n\n\n\n<p class=\"wp-block-paragraph\">SemM\u00e9xico\/El Sol de M\u00e9xico, 5 de marzo, 2022.-Como una manera de conmemorar el D\u00eda Internacional de la Mujer, j\u00f3venes de varios puntos del pa\u00eds expresan su gusto por ser mujeres, sus miedos, sus deseos, su experiencia en las redes sociales y hasta si les gustar\u00eda ser Presidenta de M\u00e9xico. Son sus palabras.<\/p>\n\n\n\n<p class=\"wp-block-paragraph\">\u00bfTe gusta ser mujer? \u00bfPor qu\u00e9?<\/p>\n\n\n\n<p class=\"wp-block-paragraph\">\u201cS\u00ed. Porque para m\u00ed las mujeres somos estupendas, inteligentes, fuertes y muy capaces\u201d.<\/p>\n\n\n\n<p class=\"wp-block-paragraph\"><strong>Valeria Delgado Gonz\u00e1lez, 14 a\u00f1os, estudiante, Coahuila<\/strong><\/p>\n\n\n\n<p class=\"wp-block-paragraph\">\u201cS\u00ed, me gusta ser mujer, aunque muchas veces pienso que podr\u00eda ser m\u00e1s f\u00e1cil ser hombre, me sentir\u00eda m\u00e1s segura siendo hombre\u201d.<\/p>\n\n\n\n<p class=\"wp-block-paragraph\"><strong>Athena Meneses Kovacs, 17 a\u00f1os de edad, deportista de alto rendimiento, Estado de M\u00e9xico<\/strong><\/p>\n\n\n\n<figure class=\"wp-block-image size-full\"><a href=\"https:\/\/redsemlac.com\/semmexico\/wp-content\/uploads\/2022\/03\/mujers-2.jpg\"><img loading=\"lazy\" decoding=\"async\" width=\"720\" height=\"459\" src=\"https:\/\/redsemlac.com\/semmexico\/wp-content\/uploads\/2022\/03\/mujers-2.jpg\" alt=\"\" class=\"wp-image-46693\"\/><\/a><figcaption>Imagen ilustrativa. \/ Foto: Pexels<\/figcaption><\/figure>\n\n\n\n<p class=\"wp-block-paragraph\">\u201cF\u00edsicamente, disfruto de ser mujer y de varios aspectos de la feminidad convencional, algunas veces, si lo pienso demasiado, empiezo a resentirme por el hecho de que mi cuerpo est\u00e1 \u2018dise\u00f1ado\u2019 para el parto, que en cierto sentido estoy \u2018programada\u2019 para la maternidad y, en algunos momentos, tengo un poco de ira existencial cuando se trata de la menstruaci\u00f3n. Sin embargo, disfruto de la posibilidad natural de, si as\u00ed lo deseo, ser madre. Disfruto ser mujer, disfruto ser yo\u00bb.<\/p>\n\n\n\n<p class=\"wp-block-paragraph\"><strong>Arantza S\u00e1nchez Guerrero, est\u00e1 por ingresar al Instituto de&nbsp;Tecnolog\u00eda de Massachusetts (MIT), Tlaxcala<\/strong><\/p>\n\n\n\n<p class=\"wp-block-paragraph\">\u201cMe gusta nuestro papel de mujeres, lo que podemos llegar a ser, lo que somos capaces de hacer, como comunidad, como sociedad y me siento muy afortunada de ser mujer\u201d.<\/p>\n\n\n\n<p class=\"wp-block-paragraph\"><strong>Natalia Sof\u00eda Ch\u00e1vez Pacheco, 18 a\u00f1os, aceptada en Harvard College, Hidalgo<\/strong><\/p>\n\n\n\n<p class=\"wp-block-paragraph\">\u201cS\u00ed, me gusta ser mujer porque el hecho de serlo me ha dado empoderamiento, al grado que puedo ser mejor que un hombre; a mi edad, me llena mucho de orgullo ser mujer\u201d.<\/p>\n\n\n\n<p class=\"wp-block-paragraph\"><strong>Genoveva Ramos,&nbsp;17 a\u00f1os, cient\u00edfica, Tabasco<\/strong><\/p>\n\n\n\n<p class=\"wp-block-paragraph\">\u201cMe encanta ser mujer porque no le encuentro l\u00edmites, puedo ser fuerte y puedo desarrollar muchas cosas, aunque tambi\u00e9n encuentro muchas desventajas, como la inseguridad que existe siempre, las miradas en las calles, los piropos innecesarios y todo lo relacionado con la violencia de g\u00e9nero\u201d.<\/p>\n\n\n\n<p class=\"wp-block-paragraph\"><strong>Avril Castel\u00e1n Mart\u00ednez, 15 a\u00f1os,&nbsp;<\/strong>c<strong>antautora, activista y locutora, Veracruz<\/strong><\/p>\n\n\n\n<figure class=\"wp-block-image size-full\"><a href=\"https:\/\/redsemlac.com\/semmexico\/wp-content\/uploads\/2022\/03\/mujers-3.jpg\"><img loading=\"lazy\" decoding=\"async\" width=\"720\" height=\"459\" src=\"https:\/\/redsemlac.com\/semmexico\/wp-content\/uploads\/2022\/03\/mujers-3.jpg\" alt=\"\" class=\"wp-image-46694\"\/><\/a><figcaption>magen ilustrativa \/ Foto: Cuartoscuro<\/figcaption><\/figure>\n\n\n\n<p class=\"wp-block-paragraph\">&nbsp;\u201cA m\u00ed me encanta ser mujer, la verdad. Es muy padre, porque siento que puedo demostrarle a la gente que yo s\u00ed puedo a pesar de todo lo que me dicen, porque s\u00ed me han dicho cosas por ser mujer. Me gusta que puedo demostrarle a la gente que ya logr\u00e9 mi sue\u00f1o, ya logr\u00e9 tocar en Bellas Artes. S\u00ed puedo, y desde chiquita me ha encantado ser mujer. Adem\u00e1s me encanta tener pelo largo, maquillarme, ponerme mis vestidos\u201d.<\/p>\n\n\n\n<p class=\"wp-block-paragraph\"><strong>Mar\u00eda Hanneman, 15 a\u00f1os, pianista, Ciudad de M\u00e9xico<\/strong><\/p>\n\n\n\n<p class=\"wp-block-paragraph\">\u201cS\u00ed, c\u00f3mo es posible que nuestro cuerpo tenga la suficiente capacidad para traer a alguien al mundo\u201d.<\/p>\n\n\n\n<p class=\"wp-block-paragraph\"><strong>B\u00e1rbara Natalia, 15 a\u00f1os, Premio Estatal del Deporte 2021, Tlaxcala<\/strong><\/p>\n\n\n\n<p class=\"wp-block-paragraph\">\u201cS\u00ed, me gusta ser mujer. Siento que las mujeres somos m\u00e1s luchonas, siento que damos todo por lograr las cosas\u201d.<\/p>\n\n\n\n<p class=\"wp-block-paragraph\"><strong>Ana \u00d3quita, 15 a\u00f1os, seleccionada nacional en softbol, Sonora<\/strong><\/p>\n\n\n\n<p class=\"wp-block-paragraph\">\u201cS\u00ed. Porque Dios as\u00ed me hizo y amo ser mujer porque tenemos la dicha de engendrar a otro ser vivo, y somos capaces de hacer dos cosas a la vez, aparte de ser inteligentes\u201d.<\/p>\n\n\n\n<p class=\"wp-block-paragraph\"><strong>Ana Karen, 15 a\u00f1os, estudiante, Tabasco<\/strong><\/p>\n\n\n\n<p class=\"wp-block-paragraph\">\u201cS\u00ed, me gusta, porque somos fuertes y muy capaces, y eso me hace luchar y alzar mi voz, aunque a veces si pienso que no me gusta por la violencia que se sufre siendo una mujer y los peligros latentes que existen para nosotras en la sociedad\u201d.<\/p>\n\n\n\n<p class=\"wp-block-paragraph\"><strong>Nicole Melissa Castillo Mor\u00e1n, 13 a\u00f1os, violinista, San Luis Potos\u00ed<\/strong><\/p>\n\n\n\n<p class=\"wp-block-paragraph\">\u201cS\u00ed, me gusta mucho ser mujer, es m\u00e1s divertido, aunque vivimos en un mundo dif\u00edcil, el ser mujer nos da potencia y tenemos muchas cualidades que nos hacen fuertes\u201d.<\/p>\n\n\n\n<figure class=\"wp-block-image size-full\"><a href=\"https:\/\/redsemlac.com\/semmexico\/wp-content\/uploads\/2022\/03\/mujers-4.jpg\"><img loading=\"lazy\" decoding=\"async\" width=\"720\" height=\"459\" src=\"https:\/\/redsemlac.com\/semmexico\/wp-content\/uploads\/2022\/03\/mujers-4.jpg\" alt=\"\" class=\"wp-image-46695\"\/><\/a><\/figure>\n\n\n\n<p class=\"wp-block-paragraph\"><strong>Montserrat Rodr\u00edguez Ejarque, 17 a\u00f1os, velocista, San Luis Potos\u00ed<\/strong><\/p>\n\n\n\n<p class=\"wp-block-paragraph\">\u00bfEs falso o verdadero que hombres y mujeres son iguales?<\/p>\n\n\n\n<p class=\"wp-block-paragraph\">\u201cEs falso, ya que son notorias nuestras diferencias, y si hablamos sobre nuestros derechos aunque se diga que hombres y mujeres somos iguales ante la ley siento que a\u00fan hay mucha desigualdad\u201d.<\/p>\n\n\n\n<p class=\"wp-block-paragraph\"><strong>Valeria Delgado Gonz\u00e1lez, 14 a\u00f1os, estudiante, Coahuila<\/strong><\/p>\n\n\n\n<p class=\"wp-block-paragraph\">\u201cAnte la constituci\u00f3n, la ley y la justicia es verdadero que somos iguales. Pero fuera de eso, considero que es falso que somos iguales\u201d.<\/p>\n\n\n\n<p class=\"wp-block-paragraph\"><strong>Arantza S\u00e1nchez Guerrero, est\u00e1 por ingresar al Instituto de&nbsp;Tecnolog\u00eda de Massachusetts (MIT), Tlaxcala<\/strong><\/p>\n\n\n\n<p class=\"wp-block-paragraph\">\u201cYo creo que es falso, siento que valemos lo mismo, no nos quita valor ser uno u otro, pero, s\u00ed somos diferentes, y ser diferentes es lo que nos hace hombres y mujeres, una de las cosas que me gusta de ser mujer es que no soy hombre\u201d.<\/p>\n\n\n\n<p class=\"wp-block-paragraph\"><strong>Athena Meneses Kovacs, 17 a\u00f1os de edad, deportista de alto rendimiento, Estado de M\u00e9xico<\/strong><\/p>\n\n\n\n<p class=\"wp-block-paragraph\">\u201cEs falso, no somos iguales ni f\u00edsica ni mentalmente. Que podamos hacer lo mismo es otra cosa, pero eso es falso que haya igualdad en los g\u00e9neros y eso lo vemos con las oportunidades\u201d.<\/p>\n\n\n\n<p class=\"wp-block-paragraph\"><strong>Avril Castel\u00e1n Mart\u00ednez, 15 a\u00f1os, cantautora, activista y locutora, Veracruz<\/strong><\/p>\n\n\n\n<p class=\"wp-block-paragraph\">\u201cDeber\u00eda ser igual en el sentido de tener las mismas oportunidades, pero la verdad es que cada persona tiene necesidades distintas, por eso es por lo que m\u00e1s que ser iguales deber\u00edamos pensar en si sus oportunidades son equitativas\u201d.<\/p>\n\n\n\n<p class=\"wp-block-paragraph\"><strong>Regina Turrubiates Calder\u00f3n, 12 a\u00f1os, bailarina y estudiante, Tampico<\/strong><\/p>\n\n\n\n<figure class=\"wp-block-image size-full\"><a href=\"https:\/\/redsemlac.com\/semmexico\/wp-content\/uploads\/2022\/03\/mujers-5.jpg\"><img loading=\"lazy\" decoding=\"async\" width=\"720\" height=\"449\" src=\"https:\/\/redsemlac.com\/semmexico\/wp-content\/uploads\/2022\/03\/mujers-5.jpg\" alt=\"\" class=\"wp-image-46696\"\/><\/a><\/figure>\n\n\n\n<p class=\"wp-block-paragraph\">\u201cBiol\u00f3gicamente las mujeres tienen menos fuerza, algunas capacidades distintas que el hombre, pero en derecho, socialmente, claro que no; todos merecemos el mismo respeto\u201d.<\/p>\n\n\n\n<p class=\"wp-block-paragraph\"><strong>Genoveva Ramos,&nbsp;17 a\u00f1os, cient\u00edfica, Tabasco<\/strong><\/p>\n\n\n\n<p class=\"wp-block-paragraph\">\u201cNo somos iguales, existe una distinci\u00f3n que va desde el g\u00e9nero y el sexo. Nuestras capacidades son distintas y por supuesto el trato que nos dan es diferente. Las mujeres solemos batallar m\u00e1s y hacer el doble de esfuerzo para conseguir lo que queremos\u201d.<\/p>\n\n\n\n<p class=\"wp-block-paragraph\"><strong>Alejandra Mart\u00ednez Hern\u00e1ndez, 15 a\u00f1os, preseleccionada para el Mundial de Basquetbol, San Luis Potos\u00ed<\/strong><\/p>\n\n\n\n<p class=\"wp-block-paragraph\">\u201cNo, no somos iguales. Los hombres gozan de privilegios que a\u00fan hoy en d\u00eda nosotras no tenemos. Algo tan simple como vestir como t\u00fa quieres, no lo podemos hacer por los peligros que representa a veces. Ellos tiene la fortuna de vivir su vida como quieren, sin ser constantemente juzgados y nosotras no. Siempre estamos siendo estigmatizadas\u201d.<\/p>\n\n\n\n<p class=\"wp-block-paragraph\"><strong>Nicole Melissa Castillo Mor\u00e1n, 13 a\u00f1os, violinista, San Luis Potos\u00ed<\/strong><\/p>\n\n\n\n<p class=\"wp-block-paragraph\">\u201cFalso, siento que ni siquiera entre los mismos hombres y mujeres son iguales, cada persona tiene su propia forma de ser\u201d.<\/p>\n\n\n\n<p class=\"wp-block-paragraph\"><strong>Ana \u00d3quita, 15 a\u00f1os, seleccionada nacional en softbol, Sonora<\/strong><\/p>\n\n\n\n<p class=\"wp-block-paragraph\">\u201cBiol\u00f3gicamente est\u00e1 comprobado que un hombre siempre va a ser m\u00e1s fuerte que una mujer, en el tema de la inteligencia somos iguales\u201d.<\/p>\n\n\n\n<p class=\"wp-block-paragraph\"><strong>Montserrat Rodr\u00edguez Ejarque, 17 a\u00f1os, velocista, San Luis Potos\u00ed<\/strong><\/p>\n\n\n\n<p class=\"wp-block-paragraph\">Y qu\u00e9 pasa con la comunidad LGBT+<\/p>\n\n\n\n<p class=\"wp-block-paragraph\">\u201cSiento que es igual, muy triste que todas las personas que los odian o que cometen actos de violencia hacia ellos simplemente por ser quienes ellos son, que son personas igual que nosotros\u201d.<\/p>\n\n\n\n<p class=\"wp-block-paragraph\"><strong>Athena Meneses Kovacs, 17 a\u00f1os de edad, deportista de alto rendimiento, Estado de M\u00e9xico<\/strong><\/p>\n\n\n\n<p class=\"wp-block-paragraph\">\u201cHay muchas opiniones al respecto, personalmente yo los apoyo mucho, me encanta ver como las personas son lo que son, hacen lo que sienten y creo que ese amor a ellos mismos y creencias es lo m\u00e1s hermoso que podemos tener como sociedad y no perder eso. Estoy muy orgullosa de ese movimiento\u201d.<\/p>\n\n\n\n<p class=\"wp-block-paragraph\"><strong>Natalia Sof\u00eda Ch\u00e1vez Pacheco, 18 a\u00f1os, aceptada en Harvard College, Hidalgo<\/strong><\/p>\n\n\n\n<p class=\"wp-block-paragraph\">\u201cTodas las personas tienen derecho a amar. No hay nada prohibido, nada fuera de lo normal, tienen derecho a amar y ser amados, estoy totalmente a favor de ella\u201d.<\/p>\n\n\n\n<p class=\"wp-block-paragraph\"><strong>Genoveva Ramos,&nbsp;17 a\u00f1os, cient\u00edfica, Tabasco<\/strong><\/p>\n\n\n\n<p class=\"wp-block-paragraph\">\u201cEs algo que poco a poco la sociedad va aceptando, pero desafortunadamente muchos no, por homofobia o religi\u00f3n y es triste ver un mundo donde la apariencia vale m\u00e1s que la igualdad\u201d.<\/p>\n\n\n\n<p class=\"wp-block-paragraph\"><strong>Metzly Varenka Hern\u00e1ndez Alcal\u00e1, estudiante, Tamaulipas<\/strong><\/p>\n\n\n\n<p class=\"wp-block-paragraph\">\u201cEs una comunidad que yo acept\u00f3 y aprecio mucho. Creo que es necesario crear m\u00e1s pol\u00edticas que les beneficien en sus derechos humanos\u201d.<\/p>\n\n\n\n<p class=\"wp-block-paragraph\"><strong>Alejandra Mart\u00ednez Hern\u00e1ndez, 15 a\u00f1os, preseleccionada para el Mundial de Basquetbol, San Luis Potos\u00ed<\/strong><\/p>\n\n\n\n<p class=\"wp-block-paragraph\">\u201cRespeto sus creencias y decisiones\u201d.<\/p>\n\n\n\n<p class=\"wp-block-paragraph\"><strong>B\u00e1rbara Natalia, 15 a\u00f1os, Premio Estatal del Deporte 2021, Tlaxcala<\/strong><\/p>\n\n\n\n<p class=\"wp-block-paragraph\">\u201cLamentablemente en nuestro pa\u00eds hay muchos prejuicios, creo que todas las personas deben tener libertad y deben respetarse sus derechos, es decir, en M\u00e9xico no hay condiciones de equidad y hay muchos prejuicios por los que no se respeta a las personas independientemente si son o no de la comunidad LGTB+. Pienso que cada uno es libre de vivir su vida como quiera mientras no afecte a otras personas debemos respetar las decisiones de cada uno\u201d.<\/p>\n\n\n\n<p class=\"wp-block-paragraph\"><strong>Regina Turrubiates Calder\u00f3n, 12 a\u00f1os, bailarina y estudiante, Tampico<\/strong><\/p>\n\n\n\n<p class=\"wp-block-paragraph\">&nbsp;\u201cCreo que es muy importante darles voz. Yo me desenvuelvo con amigos y amigas que se han declarado parte de la comunidad. Hay que aceptarlos y no discriminarlos\u201d.<\/p>\n\n\n\n<p class=\"wp-block-paragraph\"><strong>Nicole Melissa Castillo Mor\u00e1n, 13 a\u00f1os, violinista, San Luis Potos\u00ed<\/strong><\/p>\n\n\n\n<p class=\"wp-block-paragraph\">\u201cPues ellos son hombres y mujeres, que tengan otra preferencia sexual es otra cosa\u201d.<\/p>\n\n\n\n<p class=\"wp-block-paragraph\"><strong>Ana Karen, 15 a\u00f1os, estudiante, Tabasco<\/strong><\/p>\n\n\n\n<p class=\"wp-block-paragraph\">\u201cApoyo cien por ciento al movimiento, soy hetero, pero tengo amigos y amigas que son parte del movimiento y no veo ninguna diferencia entre ellos, el hecho que les guste cierta persona no nos hace diferentes\u201d.<\/p>\n\n\n\n<p class=\"wp-block-paragraph\"><strong>Montserrat Rodr\u00edguez Ejarque, 17 a\u00f1os, velocista, San Luis Potos\u00ed<\/strong><\/p>\n\n\n\n<p class=\"wp-block-paragraph\">\u00bfCrees que en M\u00e9xico se trata por igual a todas y a todos?<\/p>\n\n\n\n<p class=\"wp-block-paragraph\">\u201cNo, porque a\u00fan sigue habiendo falta de oportunidades como las de trabajo y tambi\u00e9n es notoria la desigualdad que existe por el hecho de ser hombre o mujer\u201d.<\/p>\n\n\n\n<p class=\"wp-block-paragraph\"><strong>Valeria Delgado Gonz\u00e1lez, 14 a\u00f1os, estudiante, Coahuila<\/strong><\/p>\n\n\n\n<p class=\"wp-block-paragraph\">\u201cNo, no creo que en ninguna parte del mundo se traten igual a las personas\u201d.<\/p>\n\n\n\n<p class=\"wp-block-paragraph\"><strong>Athena Meneses Kovacs, 17 a\u00f1os de edad, deportista de alto rendimiento, Estado de M\u00e9xico<\/strong><\/p>\n\n\n\n<p class=\"wp-block-paragraph\">\u201cNo siempre igual. S\u00ed se dicen muchas cosas de desigualdad. Un d\u00eda conoc\u00ed a un director de orquesta y yo iba con un amigo m\u00edo y el director no me salud\u00f3, me dej\u00f3 con la mano estirada y se fue con mi amigo hombre. Otras veces no me hacen caso o creen que no voy a poder. Pero la verdad no me afecta porque s\u00e9 que yo voy a poder. La verdad me da igual\u201d.<\/p>\n\n\n\n<p class=\"wp-block-paragraph\"><strong>Mar\u00eda Hanneman, 15 a\u00f1os, pianista, Ciudad de M\u00e9xico<\/strong><\/p>\n\n\n\n<p class=\"wp-block-paragraph\">\u201cComo te ven, te tratan, y ser\u00eda mentira decir que eso es falso, porque muchas personas a diario durante cualquier actividad cotidiana, ya sea por color de piel, etnia, religi\u00f3n o c\u00edrculo social al que pertenecen, son tratadas como objetos, ridiculizadas, esclavizadas y degradadas\u201d.<\/p>\n\n\n\n<p class=\"wp-block-paragraph\"><strong>Arantza S\u00e1nchez Guerrero, est\u00e1 por ingresar al Instituto de&nbsp;Tecnolog\u00eda de Massachusetts (MIT), Tlaxcala<\/strong><\/p>\n\n\n\n<p class=\"wp-block-paragraph\">\u201cCreo que podemos mejorar en el aspecto de la igualdad de g\u00e9nero, de hecho, es una lucha constante desde hace muchas d\u00e9cadas, creo que debemos mejorar en ello, pero en mi opini\u00f3n, todos merecemos esas mismas oportunidades y en M\u00e9xico podemos lograrlo\u201d.<\/p>\n\n\n\n<p class=\"wp-block-paragraph\"><strong>Natalia Sof\u00eda Ch\u00e1vez Pacheco, 18 a\u00f1os, aceptada en Harvard College, Hidalgo<\/strong><\/p>\n\n\n\n<p class=\"wp-block-paragraph\">\u201cNo. Jam\u00e1s. Si fuera as\u00ed las mujeres no nos enfrentar\u00edamos a tantas desigualdades. Creo que hay mucho por hacer en ese tema\u201d.<\/p>\n\n\n\n<p class=\"wp-block-paragraph\"><strong>Alejandra Mart\u00ednez Hern\u00e1ndez, 15 a\u00f1os, preseleccionada para el Mundial de Basquetbol, San Luis Potos\u00ed<\/strong><\/p>\n\n\n\n<p class=\"wp-block-paragraph\">\u201cNo, no precisamente por si es hombre o mujer, a veces tiene que ver la clase social\u201d.<\/p>\n\n\n\n<p class=\"wp-block-paragraph\"><strong>B\u00e1rbara Natalia, 15 a\u00f1os, Premio Estatal del Deporte 2021, Tlaxcala<\/strong><\/p>\n\n\n\n<p class=\"wp-block-paragraph\">\u201cNo, desafortunadamente es un pa\u00eds en donde existen muchos problemas sociales, entre ellos la injusticia, el racismo, el bullying, la discriminaci\u00f3n, el nivel socioecon\u00f3mico y entre otros, que hacen que no todos sean tratados por igual\u201d.<\/p>\n\n\n\n<p class=\"wp-block-paragraph\"><strong>Metzly Varenka Hern\u00e1ndez Alcal\u00e1, estudiante, Tamaulipas<\/strong><\/p>\n\n\n\n<p class=\"wp-block-paragraph\">\u201cNo, para nada, porque siempre ha sido un pa\u00eds machista donde los roles de g\u00e9nero est\u00e1n definidos injustamente\u2026 porque las generaciones vienen diciendo tu eres mujer tienes que hacer esto aquello y tu hombre no haces nada\u201d.<\/p>\n\n\n\n<p class=\"wp-block-paragraph\"><strong>Guadalupe M\u00e1rquez Amador, 18 a\u00f1os, campeona nacional de judo, Hidalgo<\/strong><\/p>\n\n\n\n<p class=\"wp-block-paragraph\">\u201cNo. C\u00f3mo lo dec\u00eda, nosotras las mujeres pasamos por mucho, incluso no podemos decidir sobre nuestros propios cuerpos. No hay trato igualitario\u201d.<\/p>\n\n\n\n<p class=\"wp-block-paragraph\"><strong>Nicole Melissa Castillo Mor\u00e1n, 13 a\u00f1os, violinista, San Luis Potos\u00ed<\/strong><\/p>\n\n\n\n<p class=\"wp-block-paragraph\">\u00bfQu\u00e9 quieres ser de grande?<\/p>\n\n\n\n<p class=\"wp-block-paragraph\">\u201cMe gustar\u00eda ser Ingeniera Qu\u00edmica o una empresaria reconocida, a\u00fan no lo tengo muy claro pero una de esas dos es\u201d.<\/p>\n\n\n\n<p class=\"wp-block-paragraph\"><strong>Valeria Delgado Gonz\u00e1lez, 14 a\u00f1os, estudiante, Coahuila<\/strong><\/p>\n\n\n\n<p class=\"wp-block-paragraph\">\u201cCuando era peque\u00f1a no ten\u00eda un modelo a seguir de mujeres en la ciencia, sobre todo por los estereotipos de g\u00e9nero que vinculan la ciencia a la masculinidad, pero ahora que estoy por terminar mi primera licenciatura en el \u00e1rea de STEM y que las oportunidades empiezan a ser por igual, tengo miles de mujeres cient\u00edficas como modelos, y eso me encanta. Quiero contribuir a mi comunidad para mejorar los diagn\u00f3sticos moleculares que existen en diversas enfermedades\u00bb.<\/p>\n\n\n\n<p class=\"wp-block-paragraph\"><strong>Arantza S\u00e1nchez Guerrero, est\u00e1 por ingresar al Instituto de&nbsp;Tecnolog\u00eda de Massachusetts (MIT), Tlaxcala<\/strong><\/p>\n\n\n\n<p class=\"wp-block-paragraph\">\u201cEs una pregunta que me he hecho a m\u00ed misma los \u00faltimos meses, pero me gustar\u00eda seguir siendo yo misma, es decir, no querer convertirme en alguien m\u00e1s o ser alguien m\u00e1s, pero sobre todo, profesionalmente me gustar\u00eda involucrarme en la ONU con los derechos humanos, sin olvidar nunca mi hogar que es M\u00e9xico\u201d.<\/p>\n\n\n\n<p class=\"wp-block-paragraph\"><strong>Natalia Sof\u00eda Ch\u00e1vez Pacheco, 18 a\u00f1os, aceptada en Harvard College, Hidalgo<\/strong><\/p>\n\n\n\n<p class=\"wp-block-paragraph\">\u201cQuiero ser una excelente doctora que sin importar qu\u00e9, incluso si hay personas que no les alcanza o si les alcanza tengamos acceso a una salud digna\u201d.<\/p>\n\n\n\n<p class=\"wp-block-paragraph\"><strong>Guadalupe M\u00e1rquez Amador, 18 a\u00f1os, campeona nacional de judo, Hidalgo<\/strong><\/p>\n\n\n\n<p class=\"wp-block-paragraph\">\u201cQuiero ser una persona que deje huella en el mundo, una persona reconocida y no s\u00f3lo por sus grandes empresas, sino por su gran coraz\u00f3n y su gran ayuda al mundo, quiero ser esa persona que sea una gran inspiraci\u00f3n para muchos\u201d.<\/p>\n\n\n\n<p class=\"wp-block-paragraph\"><strong>Metzly Varenka Hern\u00e1ndez Alcal\u00e1, estudiante, Tamaulipas<\/strong><\/p>\n\n\n\n<p class=\"wp-block-paragraph\">\u201cTengo varios objetivos, el primero es ser atleta ol\u00edmpica, otro de mis sue\u00f1os es ser modelo; m\u00e1s adelante quiero estudiar mercadotecnia y ser community manager, o hacer marketing de deportes\u201d.<\/p>\n\n\n\n<p class=\"wp-block-paragraph\"><strong>Montserrat Rodr\u00edguez Ejarque, 17 a\u00f1os, velocista, San Luis Potos\u00ed<\/strong><\/p>\n\n\n\n<p class=\"wp-block-paragraph\">\u00bfTe gustar\u00eda casarte y tener hijos cuando seas mayor, o no piensas en ello?<\/p>\n\n\n\n<p class=\"wp-block-paragraph\">\u201cEn estos momentos pienso que quiero concentrarme en mi carrera de ballet, no he pensado en casarme ni en tener hijos, pero s\u00ed en tener perros\u201d.<\/p>\n\n\n\n<p class=\"wp-block-paragraph\"><strong>Regina Turrubiates Calder\u00f3n, 12 a\u00f1os, bailarina y estudiante, Tampico<\/strong><\/p>\n\n\n\n<p class=\"wp-block-paragraph\">\u201cCasarme y formar una familia no est\u00e1 en mis planes, siento que primero me tengo que enfocar en mi carrera y ya despu\u00e9s se ver\u00e1 eso\u201d.<\/p>\n\n\n\n<p class=\"wp-block-paragraph\"><strong>Valeria Delgado Gonz\u00e1lez, 14 a\u00f1os, estudiante, Coahuila<\/strong><\/p>\n\n\n\n<p class=\"wp-block-paragraph\">\u201cEstoy abierta a la idea, no ser\u00eda algo que totalmente no quisiera, pero no es algo que voy a buscar desesperadamente en mi vida. No es algo que tenga que hacer para sentir que mi vida tuvo sentido, para sentirme completa\u201d.<\/p>\n\n\n\n<p class=\"wp-block-paragraph\"><strong>Athena Meneses Kovacs, 17 a\u00f1os de edad, deportista de alto rendimiento, Estado de M\u00e9xico<\/strong><\/p>\n\n\n\n<p class=\"wp-block-paragraph\">\u201cActualmente no es un tema en el que pienso a diario y tampoco es algo que me preocupe. Sin embargo, s\u00ed me gustar\u00eda casarme, pero por ahora no me gustar\u00eda tener hijos; a diario leemos de la escasez de recursos naturales, contaminaci\u00f3n, sobrepoblaci\u00f3n, ni\u00f1os abandonados, viviendo en las calles, sufriendo y muriendo por hambre o simplemente con enfermedades incurables, y esto me hace considerar que podr\u00eda concebir a un ser humano que s\u00f3lo est\u00e9 destinado a vivir en un futuro con recursos escasos\u201d.<\/p>\n\n\n\n<p class=\"wp-block-paragraph\"><strong>Arantza S\u00e1nchez Guerrero, est\u00e1 por ingresar al Instituto de&nbsp;Tecnolog\u00eda de Massachusetts (MIT), Tlaxcala<\/strong><\/p>\n\n\n\n<p class=\"wp-block-paragraph\">\u201cS\u00ed, s\u00ed quiero casarme y tener hijos, pero eso no me quita el hecho de ser m\u00fasica o tener que dejar mi carrera. S\u00ed me encantar\u00eda tener familia, un esposo e hijos, pero yo voy a seguir tocando, dando conciertos y que ellos me acompa\u00f1en. Mucha gente lo hace, puede combinar la familia con el trabajo, por qu\u00e9 yo no\u201d.<\/p>\n\n\n\n<p class=\"wp-block-paragraph\"><strong>Mar\u00eda Hanneman, 15 a\u00f1os, pianista, Ciudad de M\u00e9xico<\/strong><\/p>\n\n\n\n<p class=\"wp-block-paragraph\">No me veo en un futuro casada ni con hijos porque siento que tener un hijo es una gran responsabilidad que en la actualidad y en un futuro no estar\u00eda dispuesta a enfrentarme\u201d.<\/p>\n\n\n\n<p class=\"wp-block-paragraph\"><strong>Guadalupe M\u00e1rquez Amador, 18 a\u00f1os, campeona nacional de judo, Hidalgo<\/strong><\/p>\n\n\n\n<p class=\"wp-block-paragraph\">\u201cNunca he pensado en ello, y yo creo que nunca tendr\u00eda hijos. Tal vez en algunos a\u00f1os me casar\u00eda porque creo que es bonito que una pareja permanezca junta cuando se ama\u201d.<\/p>\n\n\n\n<p class=\"wp-block-paragraph\"><strong>Nicole Melissa Castillo Mor\u00e1n, 13 a\u00f1os, violinista, San Luis Potos\u00ed<\/strong><\/p>\n\n\n\n<p class=\"wp-block-paragraph\">\u201cNo pienso en ello\u201d.<\/p>\n\n\n\n<p class=\"wp-block-paragraph\"><strong>B\u00e1rbara Natalia, 15 a\u00f1os, Premio Estatal del Deporte 2021, Tlaxcala<\/strong><\/p>\n\n\n\n<p class=\"wp-block-paragraph\">\u201cCreo que todo llega a su debido momento, como dicen, los tiempos de Dios son perfectos y \u00e9l sabe cu\u00e1ndo nos va a dar esas bendiciones, cuando es el momento indicado y la verdad, si me gustar\u00eda, me gustan mucho los ni\u00f1os\u201d.<\/p>\n\n\n\n<p class=\"wp-block-paragraph\"><strong>Ana \u00d3quita, 15 a\u00f1os, seleccionada nacional en softbol, Sonora<\/strong><\/p>\n\n\n\n<p class=\"wp-block-paragraph\">\u201cClaro que quiero casarme, siempre he querido tener de dos a cuatro hijos, siento que es el n\u00famero perfecto; estar casada, mi sue\u00f1o es vivir en Europa\u201d.<\/p>\n\n\n\n<p class=\"wp-block-paragraph\"><strong>Montserrat Rodr\u00edguez Ejarque, 17 a\u00f1os, velocista, San Luis Potos\u00ed<\/strong><\/p>\n\n\n\n<p class=\"wp-block-paragraph\">\u00bfHas discutido con amigos, en casa o en la escuela sobre derechos humanos? \u00bfQu\u00e9 opinas?<\/p>\n\n\n\n<p class=\"wp-block-paragraph\">\u201cS\u00ed, mi opini\u00f3n es que hombres y mujeres tenemos los mismos derechos sin embargo no se ejercen de la misma manera por razones que no alcanzo a comprender a\u00fan\u201d.<\/p>\n\n\n\n<p class=\"wp-block-paragraph\"><strong>Valeria Delgado Gonz\u00e1lez, 14 a\u00f1os, estudiante, Coahuila<\/strong><\/p>\n\n\n\n<p class=\"wp-block-paragraph\">\u201cDesde el momento que nacemos todos deberemos de tener los mismos derechos ante la ley, todos debemos ser iguales, no deber\u00eda nacer alguien en desventaja simplemente por ser de otro pa\u00eds o de otro g\u00e9nero o ser diferente\u201d.<\/p>\n\n\n\n<p class=\"wp-block-paragraph\"><strong>Athena Meneses Kovacs, 17 a\u00f1os de edad, deportista de alto rendimiento, Estado de M\u00e9xico<\/strong><\/p>\n\n\n\n<p class=\"wp-block-paragraph\">\u201cCreo que es un tema fundamental, vivimos tiempos d\u00f3nde hay mucha violencia y discriminaci\u00f3n. Debemos ser un puente para aquellos que necesitan ser defendidos y escuchados, ojal\u00e1 un d\u00eda todo cambie y nadie vea vulnerados sus derechos humanos\u201d.<\/p>\n\n\n\n<p class=\"wp-block-paragraph\"><strong>Alejandra Mart\u00ednez Hern\u00e1ndez, 15 a\u00f1os, preseleccionada para el Mundial de Basquetbol, San Luis Potos\u00ed<\/strong><\/p>\n\n\n\n<p class=\"wp-block-paragraph\">\u201cOpino que los derechos humanos deben respetarse y garantizar que todos tengan acceso y se garantice que todas las personas puedan tener lo que necesitan y condiciones justas para todos. Todos debemos trabajar en garantizar los derechos de las personas y debemos empezar por expresar cuando vemos injusticias o hacer lo que est\u00e9 a nuestro alcance. Usar nuestra voz para que se garanticen los derechos de todos en nuestro d\u00eda a d\u00eda\u201d.<\/p>\n\n\n\n<p class=\"wp-block-paragraph\"><strong>Regina Turrubiates Calder\u00f3n, 12 a\u00f1os, bailarina y estudiante, Tampico<\/strong><\/p>\n\n\n\n<p class=\"wp-block-paragraph\">\u201cS\u00ed, todos sabemos que todos debemos tener los mismos derechos, las mismas oportunidades. Los derechos humanos son fundamentales porque gracias a ellos sabes que si hay una injustica est\u00e1n para defenderte\u201d.<\/p>\n\n\n\n<p class=\"wp-block-paragraph\"><strong>Guadalupe M\u00e1rquez Amador, 18 a\u00f1os, campeona nacional de judo, Hidalgo<\/strong><\/p>\n\n\n\n<p class=\"wp-block-paragraph\">\u201cDesgraciadamente no es muy com\u00fan hablar de ese tipo de cosas. Actualmente los adolescentes estamos acostumbrados a hablar de cosas que no tienen sentido y no enfocarnos en eso. Hablamos de ese tipo de cosas en las clases y en la escuela, pero deber\u00edamos enfocarnos en hablar m\u00e1s de eso para crear un futuro mejor\u201d.<\/p>\n\n\n\n<p class=\"wp-block-paragraph\"><strong>Ana \u00d3quita, 15 a\u00f1os, seleccionada nacional en softbol, Sonora<\/strong><\/p>\n\n\n\n<p class=\"wp-block-paragraph\">\u201cMi punto de vista como mujer acerca de este tema, es que en M\u00e9xico un gran porcentaje de la poblaci\u00f3n no ejerce la mayor\u00eda de sus derechos y dando un peque\u00f1o ejemplo de los miles que hay, a m\u00ed no se me permite salir sola a ning\u00fan lugar debido a la inseguridad que existe y porque soy mujer\u201d.<\/p>\n\n\n\n<p class=\"wp-block-paragraph\"><strong>Metzly Varenka Hern\u00e1ndez Alcal\u00e1, estudiante, Tamaulipas<\/strong><\/p>\n\n\n\n<p class=\"wp-block-paragraph\">\u201cEs un tema, podr\u00eda decirse, delicado, pues he visto casos que hay preferencia por las personas de la clase alta sobre la clase baja. Hay favoritismos en este tipo de cosas lamentablemente. Por ejemplo, en la sobreexplotaci\u00f3n laboral de las personas no se puede hacer mucho con los patrones, y las personas no tienen m\u00e1s remedio que seguir trabajando por temor a perder su empleo\u201d.<\/p>\n\n\n\n<p class=\"wp-block-paragraph\"><strong>Genoveva Ramos,&nbsp;17 a\u00f1os, cient\u00edfica, Tabasco<\/strong><\/p>\n\n\n\n<p class=\"wp-block-paragraph\"><strong>\u00bfTe preocupa el futuro del planeta? \u00bfQu\u00e9 crees que debemos hacer?<\/strong><\/p>\n\n\n\n<p class=\"wp-block-paragraph\">\u201cYo creo que tenemos que buscar iniciativas para contaminar menos, como usar menos pl\u00e1stico, se sabe que el pl\u00e1stico es un contaminante muy usado que por el hecho de reemplazarlo por otras alternativas que dicen ser m\u00e1s ecol\u00f3gicas cuando en realidad su impacto ambiental es igual o peor que el mismo pl\u00e1stico, no soluciona nada solo hace el problema m\u00e1s grande, simplemente es reducir o evitar su uso si se tiene la opci\u00f3n de no usarlo, no lo usamos, as\u00ed con todos lo dem\u00e1s contaminantes\u201d.<\/p>\n\n\n\n<p class=\"wp-block-paragraph\"><strong>Valeria Delgado Gonz\u00e1lez, 14 a\u00f1os, estudiante, Coahuila<\/strong><\/p>\n\n\n\n<p class=\"wp-block-paragraph\">\u201cS\u00ed. Son varias respuestas porque en realidad el futuro del planeta puede tener muchos sentidos, ya sea ambiental, c\u00f3mo sociedad o c\u00f3mo humanidad, pero creo que lo que puede ayudar en muchos sentidos es que todos debemos ser m\u00e1s conscientes en nuestras acciones y lo que puedan causar y sus consecuencias en todo sentido\u201d.<\/p>\n\n\n\n<p class=\"wp-block-paragraph\"><strong>Athena Meneses Kovacs, 17 a\u00f1os de edad, deportista de alto rendimiento, Estado de M\u00e9xico<\/strong><\/p>\n\n\n\n<p class=\"wp-block-paragraph\">\u201cS\u00ed y mucho, porque es mi primera casa. Primero que nada, debemos concientizar, esto porque algunas personas viven con la err\u00f3nea idea de que los recursos son ilimitados. Adem\u00e1s de sumar cada granito de arena, por ejemplo: no desperdiciar el agua, ahorrar el consumo de energ\u00eda el\u00e9ctrica y disminuir nuestros desperdicios\u201d.<\/p>\n\n\n\n<p class=\"wp-block-paragraph\"><strong>Arantza S\u00e1nchez Guerrero, est\u00e1 por ingresar al Instituto de&nbsp;Tecnolog\u00eda de Massachusetts (MIT), Tlaxcala<\/strong><\/p>\n\n\n\n<p class=\"wp-block-paragraph\">\u201cA m\u00ed me encantar\u00eda que en realidad estuvi\u00e9ramos m\u00e1s conscientes de todo, no tirar basura en la calle, cuidar m\u00e1s el agua, pero la gente no lo respeta. Igual mis compa\u00f1eros en la escuela no le daban importancia y lo segu\u00edan haciendo. Es muy malo\u201d.<\/p>\n\n\n\n<p class=\"wp-block-paragraph\"><strong>Mar\u00eda Hanneman, 15 a\u00f1os, pianista, Ciudad de M\u00e9xico<\/strong><\/p>\n\n\n\n<p class=\"wp-block-paragraph\">\u201cLa verdad es que creo que tenemos que desaprender todos estos pensamientos antiguos que tenemos para comenzar a convivir de una mejor manera. Respetar a las personas con las que nos rodeamos y esto implica no estarlas juzgando, criticando o estereotipando, que es algo que hacemos todos muy com\u00fanmente\u201d.<\/p>\n\n\n\n<p class=\"wp-block-paragraph\"><strong>Avril Castel\u00e1n Mart\u00ednez, 15 a\u00f1os,&nbsp;<\/strong>c<strong>antautora, activista y locutora, Veracruz<\/strong><\/p>\n\n\n\n<p class=\"wp-block-paragraph\">\u201cPor supuesto que me preocupa. Nuestro futuro se va a ir construyendo con el presente, y es importante ver qu\u00e9 queremos como mexicanos, mexicanas; hacia d\u00f3nde nos queremos dirigir, en todos los enfoques, y s\u00ed, planeo trabajar para mejorar como sociedad\u201d.<\/p>\n\n\n\n<p class=\"wp-block-paragraph\"><strong>Natalia Sof\u00eda Ch\u00e1vez Pacheco, 18 a\u00f1os, aceptada en Harvard College, Hidalgo<\/strong><\/p>\n\n\n\n<p class=\"wp-block-paragraph\">\u201cLa verdad, s\u00ed. A como est\u00e1 el cambio clim\u00e1tico y tanta desigualdad, tanta pobreza\u201d.<\/p>\n\n\n\n<p class=\"wp-block-paragraph\"><strong>Genoveva Ramos,&nbsp;17 a\u00f1os, cient\u00edfica, Tabasco<\/strong><\/p>\n\n\n\n<p class=\"wp-block-paragraph\">\u201cMe preocupa el da\u00f1o a la naturaleza, lo que ocasiona el calentamiento global; hay que pensar a conciencia si vale la pena lo que hagas\u201d.<\/p>\n\n\n\n<p class=\"wp-block-paragraph\"><strong>B\u00e1rbara Natalia, 15 a\u00f1os, Premio Estatal del Deporte 2021, Tlaxcala<\/strong><\/p>\n\n\n\n<p class=\"wp-block-paragraph\">\u201cDebemos tomar conciencia de nuestro consumo y de todo lo que est\u00e9 a nuestro alcance para cuidar el planeta, hay acciones peque\u00f1as que si todos hacemos podemos frenar los problemas que tiene el planeta, por ejemplo, reducir el consumo de productos innecesarios, reciclar lo que se puede, donar cosas que ya no usamos para darle otra oportunidad, o sembrar plantas, respetar la vida de los animales\u201d.<\/p>\n\n\n\n<p class=\"wp-block-paragraph\"><strong>Regina Turrubiates Calder\u00f3n, 12 a\u00f1os, bailarina y estudiante, Tampico<\/strong><\/p>\n\n\n\n<p class=\"wp-block-paragraph\">\u201cS\u00ed. Creo que debemos hacer conciencia de cuidar el medio ambiente y no contaminar\u201d.<\/p>\n\n\n\n<p class=\"wp-block-paragraph\"><strong>Ana Karen, 15 a\u00f1os, estudiante, Tabasco<\/strong><\/p>\n\n\n\n<p class=\"wp-block-paragraph\">\u201cS\u00ed. Creo que se ha descuidado mucho el tema. Ya no se habla como antes de los cuidados al planeta y la bi\u00f3sfera. Debemos volver a las buenas pr\u00e1cticas que nos ense\u00f1aron en la escuela desde no tirar la basura y respetar el medio ambiente\u201d.<\/p>\n\n\n\n<p class=\"wp-block-paragraph\"><strong>Nicole Melissa Castillo Mor\u00e1n, 13 a\u00f1os, violinista, San Luis Potos\u00ed<\/strong><\/p>\n\n\n\n<p class=\"wp-block-paragraph\">\u201cMe gustar\u00eda cumplir todos mis sue\u00f1os y creo que hay muchas por mejorar, muchas cosas para que el mundo en s\u00ed, sea mejor y el cambio est\u00e1 en cada persona, todo empieza dentro de cada uno. Deber\u00edamos cambiar nuestra forma de ser en muchos aspectos, pero siempre hacer lo mejor para nosotros mismos, porque en realidad es para nosotros\u201d.<\/p>\n\n\n\n<p class=\"wp-block-paragraph\"><strong>Ana \u00d3quita, 15 a\u00f1os, seleccionada nacional en softbol, Sonora<\/strong><\/p>\n\n\n\n<p class=\"wp-block-paragraph\">\u201cMe preocupa el calentamiento global, ahora que vivo en Estados Unidos me gusta que ciertos d\u00edas de la semana pasa el cami\u00f3n de la basura nada m\u00e1s a recoger pet o productos que se puedan reutilizar como el cart\u00f3n y el pl\u00e1stico; de mi parte siempre procuro ahorrar agua, o comprar cosas que son reutilizables, siempre que voy a comprar un producto me fijo que no est\u00e9 probado en animales\u201d.<\/p>\n\n\n\n<p class=\"wp-block-paragraph\"><strong>Montserrat Rodr\u00edguez Ejarque, 17 a\u00f1os, velocista, San Luis Potos\u00ed<\/strong><\/p>\n\n\n\n<p class=\"wp-block-paragraph\">\u00bfA qu\u00e9 le tienes miedo?<\/p>\n\n\n\n<p class=\"wp-block-paragraph\">\u201cAntes le ten\u00eda miedo a la muerte, a las ara\u00f1as o a los cocodrilos, pero ahora s\u00f3lo disfruto. Ahora, la verdad es que he aprendido a vivir con el miedo, es parte de cada uno de nosotros, cuando lo percibo s\u00f3lo lo abrazo y luego suelto. Podr\u00eda decir que mis miedos entre m\u00e1s crezco, m\u00e1s desaparecen\u201d.<\/p>\n\n\n\n<p class=\"wp-block-paragraph\"><strong>Arantza S\u00e1nchez Guerrero, est\u00e1 por ingresar al Instituto de<\/strong><\/p>\n\n\n\n<p class=\"wp-block-paragraph\"><strong>Tecnolog\u00eda de Massachusetts (MIT), Tlaxcala<\/strong><\/p>\n\n\n\n<p class=\"wp-block-paragraph\">\u201cAl rechazo\u201d<\/p>\n\n\n\n<p class=\"wp-block-paragraph\"><strong>Valeria Delgado Gonz\u00e1lez, 14 a\u00f1os, estudiante, Coahuila<\/strong><\/p>\n\n\n\n<p class=\"wp-block-paragraph\">\u201cA vivir una vida de la que me arrepienta\u201d.<\/p>\n\n\n\n<p class=\"wp-block-paragraph\"><strong>Athena Meneses Kovacs, 17 a\u00f1os de edad, deportista de alto rendimiento, Estado de M\u00e9xico<\/strong><\/p>\n\n\n\n<p class=\"wp-block-paragraph\">\u201cA trabajar por todo esto, por los derechos humanos, que las personas nos veamos m\u00e1s all\u00e1 de prejuicios y que no podamos mejorar\u2026 como decepcionar a todos ellos en ese aspecto, trabajar y no conseguir una mejor\u00eda\u201d.<\/p>\n\n\n\n<p class=\"wp-block-paragraph\"><strong>Natalia Sof\u00eda Ch\u00e1vez Pacheco, 18 a\u00f1os, aceptada en Harvard College, Hidalgo<\/strong><\/p>\n\n\n\n<p class=\"wp-block-paragraph\">\u201cAl fracaso y no cumplir las expectativas de mi familia\u201d.<\/p>\n\n\n\n<p class=\"wp-block-paragraph\"><strong>Alejandra Mart\u00ednez Hern\u00e1ndez, 15 a\u00f1os, preseleccionada para el Mundial de Basquetbol, San Luis Potos\u00ed<\/strong><\/p>\n\n\n\n<p class=\"wp-block-paragraph\">\u201cA no regresar a casa\u201d.<\/p>\n\n\n\n<p class=\"wp-block-paragraph\"><strong>Ana Karen, 15 a\u00f1os, estudiante, Tabasco<\/strong><\/p>\n\n\n\n<p class=\"wp-block-paragraph\">\u201cA no aprender de mis fracasos, a frustrarme tanto de no lograr mis objetivos que no vea las oportunidades que se abren como alternativas, y a la violencia de todo tipo que vivimos en el pa\u00eds\u201d.<\/p>\n\n\n\n<p class=\"wp-block-paragraph\"><strong>Regina Turrubiates Calder\u00f3n, 12 a\u00f1os, bailarina y estudiante, Tampico<\/strong><\/p>\n\n\n\n<p class=\"wp-block-paragraph\">\u201cComo mujer tengo mucho miedo de salir en las noches. Antes de la pandemia estaba acostumbrada a salir sin ning\u00fan problema y luego viene la pandemia, no salgo y retomar las salidas es algo que tengo miedo de afrontar\u201d.<\/p>\n\n\n\n<p class=\"wp-block-paragraph\"><strong>Guadalupe M\u00e1rquez Amador, 18 a\u00f1os, campeona nacional de judo, Hidalgo<\/strong><\/p>\n\n\n\n<p class=\"wp-block-paragraph\">\u201cMi \u00fanico miedo en esta vida adem\u00e1s de perder a mi familia, es al fracaso\u201d.<\/p>\n\n\n\n<p class=\"wp-block-paragraph\"><strong>Metzly Varenka Hern\u00e1ndez Alcal\u00e1, estudiante, Tamaulipas<\/strong><\/p>\n\n\n\n<p class=\"wp-block-paragraph\">\u201cA no triunfar y no ser alguien en la vida\u201d.<\/p>\n\n\n\n<p class=\"wp-block-paragraph\"><strong>Nicole Melissa Castillo Mor\u00e1n, 13 a\u00f1os, violinista, San Luis Potos\u00ed<\/strong><\/p>\n\n\n\n<p class=\"wp-block-paragraph\">\u00bfTe parece que internet es un lugar seguro?<\/p>\n\n\n\n<p class=\"wp-block-paragraph\">\u201cNo, pero creo que he sido extremadamente cuidadosa, casi casi al punto de ser paranoica sobre esto\u201d.<\/p>\n\n\n\n<p class=\"wp-block-paragraph\"><strong>Athena Meneses Kovacs, 17 a\u00f1os de edad, deportista de alto rendimiento, Estado de M\u00e9xico<\/strong><\/p>\n\n\n\n<p class=\"wp-block-paragraph\">\u201cDepende, para encontrar art\u00edculos en revistas cient\u00edficas, podr\u00eda decir que s\u00ed, pero no creo que sea para las redes sociales, ya muchas veces est\u00e1n llenas de informaci\u00f3n ambigua o falsa, puede existir robo de identidad, estafas, en general pierdes tiempo, hay racismo e inclusive violencia\u201d.<\/p>\n\n\n\n<p class=\"wp-block-paragraph\"><strong>Arantza S\u00e1nchez Guerrero, est\u00e1 por ingresar al Instituto de&nbsp;Tecnolog\u00eda de Massachusetts (MIT), Tlaxcala<\/strong><\/p>\n\n\n\n<p class=\"wp-block-paragraph\">\u201cNo, pero podemos buscar lugares seguros. Yo siempre intento publicar sobre lo que hago y lo que me gusta, pero tambi\u00e9n s\u00e9 que es un sitio en el que podemos ser menospreciadas, discriminadas y podemos recibir comentarios no deseados\u201d.<\/p>\n\n\n\n<p class=\"wp-block-paragraph\"><strong>Avril Castel\u00e1n Mart\u00ednez, 15 a\u00f1os, cantautora, activista y locutora, Veracruz<\/strong><\/p>\n\n\n\n<p class=\"wp-block-paragraph\">\u201cLa verdad no me gusta nada porque s\u00ed hay violencia, se supone que las redes sociales es para compartir tus gustos, lo que haces, yo creo que para eso sirven. Yo he tenido comentarios no muy lindos, una vez hubo un comentario asqueroso sobre una foto en la que estaba con una amiga, y al d\u00eda siguiente la persona lo borr\u00f3 porque realmente era muy desagradable. Me critican mucho por ser blanca porque pareciera que por eso no soy mexicana, pero s\u00ed lo soy. Pienso que lo \u00fanico que se puede hacer es ense\u00f1arle a la gente que lo que dice no es realmente la verdad. Se escucha feo pero callar a la gente con el trabajo propio\u201d.<\/p>\n\n\n\n<p class=\"wp-block-paragraph\"><strong>Mar\u00eda Hanneman, 15 a\u00f1os, pianista, Ciudad de M\u00e9xico<\/strong><\/p>\n\n\n\n<p class=\"wp-block-paragraph\">\u201cNo, hay muchos peligros y lo sabemos. Todos los d\u00edas salen noticias d\u00f3nde ni\u00f1os y adolescentes pierden la vida por el bullying en redes sociales. S\u00ed me he dado cuenta de c\u00f3mo se comporta la gente para herir y hacer da\u00f1o a trav\u00e9s de sus comentarios en las redes\u201d:<\/p>\n\n\n\n<p class=\"wp-block-paragraph\"><strong>Alejandra Mart\u00ednez Hern\u00e1ndez, 15 a\u00f1os, preseleccionada para el Mundial de Basquetbol, San Luis Potos\u00ed<\/strong><\/p>\n\n\n\n<p class=\"wp-block-paragraph\">\u201cNo, es algo muy complejo y delicado que debemos usarlo con cuidado y respeto por su contenido. (Violencia en las redes) es algo que existe y se ve mucho y debemos hacer conciencia del da\u00f1o que puede causar.\u201d<\/p>\n\n\n\n<p class=\"wp-block-paragraph\"><strong>Metzly Varenka Hern\u00e1ndez Alcal\u00e1, estudiante, Tamaulipas<\/strong><\/p>\n\n\n\n<p class=\"wp-block-paragraph\">\u201cNo, pero cada usuario debe aprender a cuidarse para tratar de que sea m\u00e1s seguro. Yo cuido lo que comparto, estoy pendiente de quien me sigue y a quien sigo en redes sociales, mantengo mis perfiles cerrados en algunos momentos, y sobre todo en mi familia hay adultos que me ayudan a gestionar y vigilar mis redes y lo que consumo en internet\u201d.<\/p>\n\n\n\n<p class=\"wp-block-paragraph\"><strong>Regina Turrubiates Calder\u00f3n, 12 a\u00f1os, bailarina y estudiante, Tampico<\/strong><\/p>\n\n\n\n<p class=\"wp-block-paragraph\">\u201cTiene ciertas desventajas y ventajas porque en internet est\u00e1 la clave de todo, est\u00e1 el conocimiento de todo el mundo, porque podemos encontrar desde tu tarea y todo lo que puedas imaginar y por lo mismo te pones en cierta controversia porque incluso pueden saber de ti\u201d.<\/p>\n\n\n\n<p class=\"wp-block-paragraph\"><strong>Guadalupe M\u00e1rquez Amador, 18 a\u00f1os, campeona nacional de judo, Hidalgo<\/strong><\/p>\n\n\n\n<p class=\"wp-block-paragraph\">\u201cAcostumbro usar redes sociales, pero no es como que d\u00e9 mi informaci\u00f3n. Cuido mucho eso de no publicar fotos que no debo de publicar, d\u00f3nde est\u00e9, pero desgraciadamente es muy com\u00fan eso, violencia f\u00edsica y verbal, mucho&nbsp;<em>bullying<\/em>. Gracias a Dios no me ha tocado ser parte de eso\u201d.<\/p>\n\n\n\n<p class=\"wp-block-paragraph\"><strong>Ana \u00d3quita, 15 a\u00f1os, seleccionada nacional en softbol, Sonora<\/strong><\/p>\n\n\n\n<p class=\"wp-block-paragraph\">\u201cEn el tema de redes sociales, por ejemplo, Instagram, si lo usas adecuadamente es un espacio sano, pero si le empiezas a dar un mal uso o tus padres no est\u00e1n supervis\u00e1ndote cuando est\u00e1s chico se puede transformar un lugar inseguro. Hace poco crearon una cuenta falsa m\u00eda, promoviendo cosas que no son propias, mis amigos me avisaron y ayudaron a reportarla\u201d.<\/p>\n\n\n\n<p class=\"wp-block-paragraph\"><strong>Montserrat Rodr\u00edguez Ejarque, 17 a\u00f1os, velocista, San Luis Potos\u00ed<\/strong><\/p>\n\n\n\n<p class=\"wp-block-paragraph\">Si viajaras al espacio, \u00bfa d\u00f3nde ir\u00edas?<\/p>\n\n\n\n<p class=\"wp-block-paragraph\">\u201cA un lugar que me haga sentir m\u00e1s segura y con la persona que me haga sentir segura, pienso en Saturno\u201d.<\/p>\n\n\n\n<p class=\"wp-block-paragraph\"><strong>B\u00e1rbara Natalia, 15 a\u00f1os, Premio Estatal del Deporte 2021, Tlaxcala<\/strong><\/p>\n\n\n\n<p class=\"wp-block-paragraph\">\u201cMe gustar\u00eda ir a una constelaci\u00f3n de estrellas, que se llama Las Pl\u00e9yades, que son las que m\u00e1s gustan cuando llego a ver estrellas. Aunque aqu\u00ed no se pueden ver mucho, pero me gustar\u00eda ver qu\u00e9 pasa cerca de ellas, y cosas as\u00ed\u201d.<\/p>\n\n\n\n<p class=\"wp-block-paragraph\"><strong>Athena Meneses Kovacs, 17 a\u00f1os de edad, estudiante, deportista de alto rendimiento, Estado de M\u00e9xico<\/strong><\/p>\n\n\n\n<p class=\"wp-block-paragraph\">\u201cA Saturno, es mi planeta favorito, es el m\u00e1s padre, tiene bonitos colores y los aros, es donde me gustar\u00eda ir\u201d.<\/p>\n\n\n\n<p class=\"wp-block-paragraph\"><strong>Montserrat Rodr\u00edguez Ejarque, 17 a\u00f1os, velocista, San Luis Potos\u00ed<\/strong><\/p>\n\n\n\n<p class=\"wp-block-paragraph\">\u201cIr\u00eda a la luna, a un agujero negro y a buscar vida inteligente en los confines de \u00e9sta y otras galaxias\u201d.<\/p>\n\n\n\n<p class=\"wp-block-paragraph\"><strong>Regina Turrubiates Calder\u00f3n, 12 a\u00f1os, bailarina y estudiante, Tampico<\/strong><\/p>\n\n\n\n<p class=\"wp-block-paragraph\">\u201cIr\u00eda a Deneb que est\u00e1 en la constelaci\u00f3n del cisne. Hace seis a\u00f1os escrib\u00ed un cuento sobre ese planeta que se public\u00f3 en el libro&nbsp;<em>Historias de ni\u00f1as extraordinarias<\/em>&nbsp;en el que narro que lo imagino como un planeta justo y con mucha equidad de g\u00e9nero que es el objetivo que tendr\u00eda que tener la sociedad\u201d.<\/p>\n\n\n\n<p class=\"wp-block-paragraph\"><strong>Avril Castel\u00e1n Mart\u00ednez, 15 a\u00f1os,&nbsp;<\/strong>c<strong>antautora, activista y locutora, Veracruz<\/strong><\/p>\n\n\n\n<p class=\"wp-block-paragraph\">\u201cCreo que a la Luna, porque dentro de la mitolog\u00eda la luna siempre ha sido representada por una mujer y creo que somos demasiado fuertes porque hacemos cosas que no todos podr\u00edan afrontar, tan s\u00f3lo tener un hijo es un trauma que pasa la mujer, pero est\u00e1 dispuesta hacerlo por amor\u201d.<\/p>\n\n\n\n<p class=\"wp-block-paragraph\"><strong>Guadalupe M\u00e1rquez Amador, 18 a\u00f1os, campeona nacional de judo, Hidalgo<\/strong><\/p>\n\n\n\n<p class=\"wp-block-paragraph\">\u00bfC\u00f3mo te gustar\u00eda que fuera la persona que gobierne M\u00e9xico?<\/p>\n\n\n\n<p class=\"wp-block-paragraph\">\u201cMe gustar\u00eda que fuera alguien que de verdad le importa nuestro futuro como pa\u00eds y como sociedad\u201d.<\/p>\n\n\n\n<p class=\"wp-block-paragraph\"><strong>Athena Meneses Kovacs, 17 a\u00f1os de edad, deportista de alto rendimiento, Estado de M\u00e9xico<\/strong><\/p>\n\n\n\n<p class=\"wp-block-paragraph\">\u201cMe gustar\u00eda una persona que crea en los valores, que crea en los mexicanos, pero que lo m\u00e1s importante seamos nosotros, el pueblo, nuestra opini\u00f3n, nuestras historias y que lo tenga presente como prioridad\u201d.<\/p>\n\n\n\n<p class=\"wp-block-paragraph\"><strong>Natalia Sof\u00eda Ch\u00e1vez Pacheco, 18 a\u00f1os, aceptada en Harvard College, Hidalgo<\/strong><\/p>\n\n\n\n<p class=\"wp-block-paragraph\">\u201cM\u00e1s all\u00e1 de g\u00e9neros, que sea una persona capaz, que se entregue al pueblo y que combata las necesidades de la gente\u201d.<\/p>\n\n\n\n<p class=\"wp-block-paragraph\"><strong>Alejandra Mart\u00ednez Hern\u00e1ndez, 15 a\u00f1os, preseleccionada para el Mundial de Basquetbol, San Luis Potos\u00ed<\/strong><\/p>\n\n\n\n<p class=\"wp-block-paragraph\">\u201cNo me gustar\u00eda morir sin antes celebrar que una mujer gobierne M\u00e9xico, considero que se necesita alguien joven, que no carezca de conocimientos. Adem\u00e1s, me gustar\u00eda que fuera una mujer que haya estudiado y se haya especializado en cualquier \u00e1rea cient\u00edfica, que le permita tener un panorama objetivo de los problemas que suceden com\u00fanmente en M\u00e9xico y que tenga la habilidad de resolverlos r\u00e1pidamente. Sin embargo, es una respuesta dif\u00edcil, porque de alguna u otra manera las personas se corrompen por el poder\u00bb.<\/p>\n\n\n\n<p class=\"wp-block-paragraph\"><strong>Arantza S\u00e1nchez Guerrero, est\u00e1 por ingresar al Instituto de&nbsp;Tecnolog\u00eda de Massachusetts (MIT), Tlaxcala<\/strong><\/p>\n\n\n\n<p class=\"wp-block-paragraph\">\u201cAlguien que de verdad nos escuche, alguien que tome en consideraci\u00f3n las opiniones del pueblo y no se deje llevar a su conveniencia\u201d.<\/p>\n\n\n\n<p class=\"wp-block-paragraph\"><strong>Guadalupe M\u00e1rquez Amador, 18 a\u00f1os, campeona nacional de judo, Hidalgo<\/strong><\/p>\n\n\n\n<p class=\"wp-block-paragraph\">\u201cCasi no me meto en esos temas, pero pienso que por lo menos deber\u00eda ser alguien capaz y con buenas propuestas para que saque el pa\u00eds adelante, como una mujer por ejemplo\u201d.<\/p>\n\n\n\n<p class=\"wp-block-paragraph\"><strong>Nicole Melissa Castillo Mor\u00e1n, 13 a\u00f1os, violinista, San Luis Potos\u00ed<\/strong><\/p>\n\n\n\n<p class=\"wp-block-paragraph\">\u201cMe gustar\u00eda que fuera \u00e9tico, que apoye a todas las personas por igual, que a todos se les apoye por igual y de una manera justa. Me gustar\u00eda que fuera equitativo y que se facilitaran las cosas para que nos den apoyos\u201d.<\/p>\n\n\n\n<p class=\"wp-block-paragraph\"><strong>Ana \u00d3quita, 15 a\u00f1os, seleccionada nacional en softbol, Sonora<\/strong><\/p>\n\n\n\n<p class=\"wp-block-paragraph\">\u201cMe gustar\u00eda que apoyara m\u00e1s al deporte, en especial al atletismo, todos sabemos que el deporte favorito es el futbol, le dan todo el apoyo del mundo, hay otros deportes donde los mexicanos est\u00e1n destacando y no les ponen atenci\u00f3n, y es una de las primeras causas del por qu\u00e9 esas personas se van a vivir a otros pa\u00edses, para que les den el apoyo necesario\u201d.<\/p>\n\n\n\n<p class=\"wp-block-paragraph\"><strong>Montserrat Rodr\u00edguez Ejarque, 17 a\u00f1os, velocista, San Luis Potos\u00ed<\/strong><\/p>\n\n\n\n<p class=\"wp-block-paragraph\">\u00bfA ti te gustar\u00eda ser Presidenta de M\u00e9xico?<\/p>\n\n\n\n<p class=\"wp-block-paragraph\">\u201cSiento que no ser\u00eda una persona apta para eso; creo que hay personas que ser\u00edan m\u00e1s capaces que yo para ser Presidente\u201d.<\/p>\n\n\n\n<p class=\"wp-block-paragraph\"><strong>Athena Meneses Kovacs, 17 a\u00f1os de edad, deportista de alto rendimiento, Estado de M\u00e9xico<\/strong><\/p>\n\n\n\n<p class=\"wp-block-paragraph\">\u201cEs una responsabilidad muy grande, pero si el destino lo pone, la oportunidad aparece, si estoy preparada para serlo, en todos los aspectos, con todas las herramientas, s\u00ed lo har\u00eda\u201d.<\/p>\n\n\n\n<p class=\"wp-block-paragraph\"><strong>Natalia Sof\u00eda Ch\u00e1vez Pacheco, 18 a\u00f1os, aceptada en Harvard College, Hidalgo<\/strong><\/p>\n\n\n\n<p class=\"wp-block-paragraph\">\u201cSer\u00eda un reto muy complicado, pero si me gustar\u00eda. Me gusta informarme de lo que pasa en el pa\u00eds y el mundo y cuando no conozco algo me doy el tiempo de investigarlo\u201d.<\/p>\n\n\n\n<p class=\"wp-block-paragraph\"><strong>Avril Castel\u00e1n Mart\u00ednez, 15 a\u00f1os,&nbsp;<\/strong>c<strong>antautora, activista y locutora, Veracruz<\/strong><\/p>\n\n\n\n<p class=\"wp-block-paragraph\">\u201cNunca lo hab\u00eda pensado, pero pues s\u00ed, no creo que ahorita est\u00e9 preparada para serlo, pero cuando alguien se pone una meta y tiene las ganas de cumplirlas, se puede, pero que sea mi sue\u00f1o, no\u201d.<\/p>\n\n\n\n<p class=\"wp-block-paragraph\"><strong>Ana \u00d3quita, 15 a\u00f1os, seleccionada nacional en softbol, Sonora<\/strong><\/p>\n\n\n\n<p class=\"wp-block-paragraph\">\u201cNo, yo quiero dedicarme a otras cosas, y me debo centrar en lograr mis objetivos por lo que no tendr\u00eda tiempo para dedicarme a la pol\u00edtica\u201d.<\/p>\n\n\n\n<p class=\"wp-block-paragraph\"><strong>Regina Turrubiates Calder\u00f3n, 12 a\u00f1os, bailarina y estudiante, Tampico<\/strong><\/p>\n\n\n\n<p class=\"wp-block-paragraph\">\u201cS\u00ed, hay veces que digo, voy a estudiar leyes, quiero ser Presidenta, luego veo todo lo que tienes que estudiar y por lo que tienes que pasar y mejor digo, no\u201d.<\/p>\n\n\n\n<p class=\"wp-block-paragraph\"><strong>Montserrat Rodr\u00edguez Ejarque, 17 a\u00f1os, velocista, San Luis Potos\u00ed<\/strong><\/p>\n\n\n\n<p class=\"wp-block-paragraph\">\u201cSi claro, a qui\u00e9n no, pero para llegar ah\u00ed necesito tener la preparaci\u00f3n y capacitaci\u00f3n profesional\u201d.<\/p>\n\n\n\n<p class=\"wp-block-paragraph\"><strong>Metzly Varenka Hern\u00e1ndez Alcal\u00e1, estudiante, Tamaulipas<\/strong><\/p>\n\n\n\n<p class=\"wp-block-paragraph\">\u00bfQu\u00e9 har\u00edas por tu comunidad si pudieras?<\/p>\n\n\n\n<p class=\"wp-block-paragraph\">\u201cMe gustar\u00eda crear m\u00e1s empleos para toda la gente que perdi\u00f3 parte de su ingreso y tambi\u00e9n me gustar\u00eda hacer m\u00e1s disponible la educaci\u00f3n a todas las personas. Siento que eso nos ayudar\u00eda a mejorar mucho c\u00f3mo pa\u00eds\u201d.<\/p>\n\n\n\n<p class=\"wp-block-paragraph\"><strong>Athena Meneses Kovacs, 17 a\u00f1os de edad, deportista de alto rendimiento, Estado de M\u00e9xico<\/strong><\/p>\n\n\n\n<p class=\"wp-block-paragraph\">\u201cEn espec\u00edfico me gustar\u00eda dar la herramienta de la educaci\u00f3n a los que no tienen acceso a ella, en zonas donde la educaci\u00f3n sigue siendo un privilegio\u201d.<\/p>\n\n\n\n<p class=\"wp-block-paragraph\"><strong>Natalia Sof\u00eda Ch\u00e1vez Pacheco, 18 a\u00f1os, aceptada en Harvard College, Hidalgo<\/strong><\/p>\n\n\n\n<p class=\"wp-block-paragraph\">\u201cYo trato de ayudar siempre, en familia o en la escuela, pero a m\u00ed me gustar\u00eda ayudar a ni\u00f1as, ni\u00f1os y adolescentes que quieran bailar ballet y tengan limitantes para hacerlo, me gustar\u00eda darles clases o hacer alguna fundaci\u00f3n o algo as\u00ed para ayudar a que m\u00e1s personas puedan bailar ballet porque es una disciplina que puede ser costosa en nuestro pa\u00eds y no toda la gente puede tener acceso, a m\u00ed me gustar\u00eda poder brindarles acceso a m\u00e1s personas al ballet\u201d.<\/p>\n\n\n\n<p class=\"wp-block-paragraph\"><strong>Regina Turrubiates Calder\u00f3n, 12 a\u00f1os, bailarina y estudiante, Tampico<\/strong><\/p>\n\n\n\n<p class=\"wp-block-paragraph\">\u201cCambiar la forma de pensar de las personas, hacer ver que la clase econ\u00f3mica o social no define tu persona\u201d.<\/p>\n\n\n\n<p class=\"wp-block-paragraph\"><strong>B\u00e1rbara Natalia, 15 a\u00f1os, Premio Estatal del Deporte 2021, Tlaxcala<\/strong><\/p>\n\n\n\n<p class=\"wp-block-paragraph\">\u201cLes dar\u00eda mucha m\u00fasica porque ayuda en todos los sentidos. Ayuda a desestresarte, la verdad todos vivimos con la m\u00fasica en todo momento, y me gustar\u00eda ense\u00f1arles a que alcen la voz, a que no se queden callados, y la m\u00fasica puede servir para eso\u201d.<\/p>\n\n\n\n<p class=\"wp-block-paragraph\"><strong>Mar\u00eda Hanneman, 15 a\u00f1os, pianista, Ciudad de M\u00e9xico<\/strong><\/p>\n\n\n\n<p class=\"wp-block-paragraph\">\u201cDarles educaci\u00f3n, creo que es la herramienta perfecta para que puedan disfrutar de una vida digna\u201d.<\/p>\n\n\n\n<p class=\"wp-block-paragraph\"><strong>Alejandra Mart\u00ednez Hern\u00e1ndez, 15 a\u00f1os, preseleccionada para el Mundial de Basquetbol, San Luis Potos\u00ed<\/strong><\/p>\n\n\n\n<p class=\"wp-block-paragraph\">\u201cPara ayudar a mi comunidad empezar\u00eda por su educaci\u00f3n, valores y principios, as\u00ed como ense\u00f1arles a cuidar su medio ambiente empezando desde su casa\u201d.<\/p>\n\n\n\n<p class=\"wp-block-paragraph\"><strong>Metzly Varenka Hern\u00e1ndez Alcal\u00e1, estudiante, Tamaulipas<\/strong><\/p>\n\n\n\n<p class=\"wp-block-paragraph\">&nbsp;\u201cLes dar\u00eda acceso a todas las personas el derecho a la salud, que no sea un privilegio, que sea digna y no mediocre. Que lo que te cobren por las consultas sea por un trabajo digno y los doctores no se dejen llevar por qui\u00e9n gana m\u00e1s o menos\u201d.<\/p>\n\n\n\n<p class=\"wp-block-paragraph\"><strong>Guadalupe M\u00e1rquez Amador, 18 a\u00f1os, campeona nacional de judo, Hidalgo<\/strong><\/p>\n","protected":false},"excerpt":{"rendered":"<p>Como una manera de conmemorar el D\u00eda Internacional de la Mujer, j\u00f3venes de varios puntos del pa\u00eds expresan su gusto por ser mujeres<\/p>\n","protected":false},"author":3,"featured_media":46697,"comment_status":"open","ping_status":"open","sticky":false,"template":"","format":"standard","meta":{"_monsterinsights_skip_tracking":false,"footnotes":""},"categories":[693,205,54],"tags":[149],"class_list":["post-46691","post","type-post","status-publish","format-standard","has-post-thumbnail","category-693","category-8-de-marzo","category-mujeres","tag-mujeres"],"_links":{"self":[{"href":"https:\/\/redsemlac.com\/semmexico\/wp-json\/wp\/v2\/posts\/46691","targetHints":{"allow":["GET"]}}],"collection":[{"href":"https:\/\/redsemlac.com\/semmexico\/wp-json\/wp\/v2\/posts"}],"about":[{"href":"https:\/\/redsemlac.com\/semmexico\/wp-json\/wp\/v2\/types\/post"}],"author":[{"embeddable":true,"href":"https:\/\/redsemlac.com\/semmexico\/wp-json\/wp\/v2\/users\/3"}],"replies":[{"embeddable":true,"href":"https:\/\/redsemlac.com\/semmexico\/wp-json\/wp\/v2\/comments?post=46691"}],"version-history":[{"count":0,"href":"https:\/\/redsemlac.com\/semmexico\/wp-json\/wp\/v2\/posts\/46691\/revisions"}],"wp:featuredmedia":[{"embeddable":true,"href":"https:\/\/redsemlac.com\/semmexico\/wp-json\/wp\/v2\/media\/46697"}],"wp:attachment":[{"href":"https:\/\/redsemlac.com\/semmexico\/wp-json\/wp\/v2\/media?parent=46691"}],"wp:term":[{"taxonomy":"category","embeddable":true,"href":"https:\/\/redsemlac.com\/semmexico\/wp-json\/wp\/v2\/categories?post=46691"},{"taxonomy":"post_tag","embeddable":true,"href":"https:\/\/redsemlac.com\/semmexico\/wp-json\/wp\/v2\/tags?post=46691"}],"curies":[{"name":"wp","href":"https:\/\/api.w.org\/{rel}","templated":true}]}}