{"id":46667,"date":"2022-03-05T17:46:10","date_gmt":"2022-03-05T23:46:10","guid":{"rendered":"https:\/\/redsemlac.com\/semmexico\/?p=46667"},"modified":"2023-07-21T19:00:05","modified_gmt":"2023-07-22T00:00:05","slug":"de-aguascalientes-a-zacatecas-marchas-en-todo-el-pais-para-el-8m","status":"publish","type":"post","link":"https:\/\/redsemlac.com\/semmexico\/de-aguascalientes-a-zacatecas-marchas-en-todo-el-pais-para-el-8m\/","title":{"rendered":"De Aguascalientes a Zacatecas: \u00a0marchas en todo el pa\u00eds para el 8M"},"content":{"rendered":"\n<ul class=\"wp-block-list\"><li><strong>No a la violencia, por las desaparecidas, ni\u00f1as y mujeres y despenalizaci\u00f3n del aborto, principales demandas<\/strong><\/li><li><strong>En el Z\u00f3calo capitalino Vallas y polic\u00edas las esperan<\/strong><\/li><li><a href=\"https:\/\/www.facebook.com\/hashtag\/niunamenos?__eep__=6&amp;fref=mentions\" target=\"_blank\" rel=\"noreferrer noopener\">#NiUnaMenos<\/a><br><a href=\"https:\/\/www.facebook.com\/hashtag\/vivasnosqueremos?__eep__=6&amp;fref=mentions\" target=\"_blank\" rel=\"noreferrer noopener\">#VivasNosQueremos<\/a><br><a href=\"https:\/\/www.facebook.com\/hashtag\/ser%C3%A1ley?__eep__=6&amp;fref=mentions\" target=\"_blank\" rel=\"noreferrer noopener\">#Ser\u00e1Ley<\/a><\/li><\/ul>\n\n\n\n<p class=\"wp-block-paragraph\">Hasta este 5 de marzo se anuncian marchas para este este 8M. &nbsp;<strong>D\u00eda Internacional de la Mujer. Una recopilaci\u00f3n de las convocatorias marchas por SemM\u00e9xico, para el <\/strong>martes<strong>&nbsp;8 de marzo<\/strong>, se ofrece a nuestras y nuestros lectores.<\/p>\n\n\n\n<p class=\"wp-block-paragraph\">Los grupos feministas saldr\u00e1n para exigir alto a la violencia y el respeto de los derechos de las mujeres.<\/p>\n\n\n\n<p class=\"wp-block-paragraph\">En los 32 estados del pa\u00eds y una docena de ciudades, adicionales, m\u00e1s de 40 movilizaciones podr\u00e1n suceder. En todas las capitales de las distintas entidades se anuncian movilizaciones, talleres, conferencias, seminarios, reuniones acad\u00e9micas. Se anunciaron en redes sociales, en algunos medios de comunicaci\u00f3n y est\u00e1n circulando. Los pa\u00f1uelos verdes para lograr la ILE y contra la violencia, el principal motor.<\/p>\n\n\n\n<p class=\"wp-block-paragraph\">Un programa de actividades en el Congreso Federal y tambi\u00e9n en otras instancias oficiales, se suman con \u201creflexiones\u201d o anuncios.<\/p>\n\n\n\n<p class=\"wp-block-paragraph\">Es la Ciudad de M\u00e9xico, que tendr\u00e1 varios contingentes, desde distintos puntos, por lo que se han colocado vallas en todo el Z\u00f3calo, cubriendo monumentos y se disponen m\u00e1s de mil 200 polic\u00edas, hombres y mujeres, para rodear a las manifestantes.<\/p>\n\n\n\n<p class=\"wp-block-paragraph\">En algunas ciudades habr\u00e1 marchas diferenciadas, con contingentes varios, y marchar\u00e1n mujeres rurales e ind\u00edgenas, sobre todo en Chiapas y Oaxaca.<\/p>\n\n\n\n<p class=\"wp-block-paragraph\">Va la informaci\u00f3n, de donde, a qu\u00e9 hora y con que prop\u00f3sito, informaci\u00f3n rescatada hasta hoy.<\/p>\n\n\n\n<figure class=\"wp-block-image size-large\"><a href=\"https:\/\/redsemlac.com\/semmexico\/wp-content\/uploads\/2022\/03\/marcha-1.jpg\"><img decoding=\"async\" src=\"https:\/\/redsemlac.com\/semmexico\/wp-content\/uploads\/2022\/03\/marcha-1-790x1024.jpg\" alt=\"\" class=\"wp-image-46668\"\/><\/a><\/figure>\n\n\n\n<p class=\"wp-block-paragraph\"><strong>Marchas por el d\u00eda &nbsp;Internacional de la mujer a los a 112 a\u00f1os de su promoci\u00f3n, en Copenhague,&nbsp; Dinamarca.<\/strong><strong><\/strong><\/p>\n\n\n\n<p class=\"wp-block-paragraph\"><strong>Aguascalientes<\/strong><\/p>\n\n\n\n<ul class=\"wp-block-list\"><li><strong>Hora:&nbsp;<\/strong>17:00 hrs.<\/li><li><strong>Punto de salida:&nbsp;<\/strong>Fiscal\u00eda General de Estado de Aguascalientes.<\/li><\/ul>\n\n\n\n<p class=\"wp-block-paragraph\"><strong>Baja California<\/strong><\/p>\n\n\n\n<ul class=\"wp-block-list\"><li><strong>Hora:<\/strong> 19:00 hrs.<\/li><li><strong>Punto de salida:&nbsp;<\/strong>En Mexicali, de la Fiscal\u00eda de Rio Nuevo hacia Palacio de gobierno en Centro C\u00edvico.<\/li><li>Marcha libre de machismo, misoginia y transfobias<\/li><\/ul>\n\n\n\n<p class=\"wp-block-paragraph\"><strong>Baja California Sur<\/strong><\/p>\n\n\n\n<ul class=\"wp-block-list\"><li><strong>Hora:<\/strong> 16:00 hrs.<\/li><li><strong>Puntos de salida:\u00a0<\/strong>La Paz. Monumento a la Madre<strong>\/\/<\/strong>\u00a0San Jos\u00e9 del Cabo: Glorieta de FONATUR<strong>\/\/<\/strong>\u00a0Cabo San Lucas: Pabell\u00f3n Cultural. El uso de cubrebocas ser\u00e1 obligatorio.<\/li><\/ul>\n\n\n\n<figure class=\"wp-block-image size-full\"><a href=\"https:\/\/redsemlac.com\/semmexico\/wp-content\/uploads\/2022\/03\/marcha-2.jpg\"><img loading=\"lazy\" decoding=\"async\" width=\"720\" height=\"900\" src=\"https:\/\/redsemlac.com\/semmexico\/wp-content\/uploads\/2022\/03\/marcha-2.jpg\" alt=\"\" class=\"wp-image-46669\"\/><\/a><\/figure>\n\n\n\n<p class=\"wp-block-paragraph\"><strong>Campeche<\/strong><\/p>\n\n\n\n<p class=\"wp-block-paragraph\">Sin convocatoria a marcha a\u00fan, pero con actividades en el marco de este d\u00eda. al\u00a0<a href=\"https:\/\/www.facebook.com\/hashtag\/8m?__eep__=6&amp;fref=mentions\" target=\"_blank\" rel=\"noreferrer noopener\">#8m<\/a>\u00a0en\u00a0<a href=\"https:\/\/www.facebook.com\/hashtag\/campeche?__eep__=6&amp;fref=mentions\" target=\"_blank\" rel=\"noreferrer noopener\">#Campeche<\/a>\u00a0?? ?\u00bfQuieres impartir alg\u00fan taller, exponer tu arte o proponer alguna actividad? ?\u00a0INSCRIBETE EN ESTE LINK:\u00a0<a href=\"https:\/\/forms.gle\/b1TpFDTNA8HqJUKg7?fbclid=IwAR2PKk6UuWWUbe4QRndb6iBP3gG0f97eaaiCQRWQul8lGhPVyRv_rVRqCiM\" target=\"_blank\" rel=\"noreferrer noopener\">https:\/\/forms.gle\/b1TpFDTNA8HqJUKg7<\/a><\/p>\n\n\n\n<figure class=\"wp-block-image size-large\"><a href=\"https:\/\/redsemlac.com\/semmexico\/wp-content\/uploads\/2022\/03\/marcha-3.jpg\"><img decoding=\"async\" src=\"https:\/\/redsemlac.com\/semmexico\/wp-content\/uploads\/2022\/03\/marcha-3-576x1024.jpg\" alt=\"\" class=\"wp-image-46670\"\/><\/a><\/figure>\n\n\n\n<p class=\"wp-block-paragraph\"><strong>Chiapas<\/strong><\/p>\n\n\n\n<ul class=\"wp-block-list\"><li><strong>Hora:&nbsp;<\/strong>16:00 hrs. <strong>Punto de salida:&nbsp;<\/strong>UNACH Campus Uno, frente a Plaza Jardines.<\/li><li><strong>E<\/strong>n San Crist\u00f3bal, la Asamblea Feminista SCLC llama a mujeres cis y trans, y a disidencias sexogen\u00e9ricas, a manifestarse. La acci\u00f3n inicia en la Unidad Administrativa, a las 11:00 horas.<\/li><\/ul>\n\n\n\n<figure class=\"wp-block-image size-full\"><a href=\"https:\/\/redsemlac.com\/semmexico\/wp-content\/uploads\/2022\/03\/marcha-4.jpg\"><img loading=\"lazy\" decoding=\"async\" width=\"526\" height=\"526\" src=\"https:\/\/redsemlac.com\/semmexico\/wp-content\/uploads\/2022\/03\/marcha-4.jpg\" alt=\"\" class=\"wp-image-46671\"\/><\/a><\/figure>\n\n\n\n<p class=\"wp-block-paragraph\"><strong>Chihuahua<\/strong><\/p>\n\n\n\n<ul class=\"wp-block-list\"><li><strong>Hora:<\/strong> 16:00 hrs. <strong>Punto de salida:&nbsp;<\/strong>Glorieta de Pancho Villa. MARCHA 8M 2022 CHIHUAHUA&nbsp;?? Si no tienes con quien marchar, eres m\u00e1s que bienvenida a marchar con nosotras. \u00a1Las esperamos! \u00a1Y que empiece la cuenta regresiva!<\/li><\/ul>\n\n\n\n<p class=\"wp-block-paragraph\"><strong>Coahuila<\/strong><\/p>\n\n\n\n<ul class=\"wp-block-list\"><li><strong>D\u00eda: 6&nbsp;<\/strong>de marzo, <strong>Hora:&nbsp;<\/strong>9:00 hrs. <strong>Punto de salida:&nbsp;<\/strong>De la Plaza de Armas de Ciudad Lerdo a la Plaza Mayor de Torre\u00f3n.<\/li><\/ul>\n\n\n\n<p class=\"wp-block-paragraph\"><strong>Colima<\/strong><\/p>\n\n\n\n<ul class=\"wp-block-list\"><li><strong>Hora:<\/strong>&nbsp;17:30 hrs. <strong>Punto de partida:<\/strong>&nbsp;De la Plaza de las y los desaparecidos (Parque de la Piedra Lisa, en Colima, Col.) hacia el jard\u00edn Libertad, en el centro de la ciudad.<\/li><\/ul>\n\n\n\n<p class=\"wp-block-paragraph\"><strong>Ciudad de M\u00e9xico<\/strong><\/p>\n\n\n\n<p class=\"wp-block-paragraph\"><strong>Hora: 16:00 hrs. Punto de partida: Del \u00c1ngel de la Independencia hacia el Z\u00f3calo capitalino. Este #8M2022 \u00a1Paramos, marchamos y nos organizamos <\/strong><strong>???<\/strong><strong>! En la CDMX nos veremos a las <\/strong><strong>?<\/strong><strong> 4:00pm, en la \u00c1ngela de la Independencia para marchar hacia el Z\u00f3calo capitalino \u00a1No olvides el uso de gel y cubrebocas!<\/strong><\/p>\n\n\n\n<p class=\"wp-block-paragraph\"><strong>Durango&nbsp;<\/strong><\/p>\n\n\n\n<p class=\"wp-block-paragraph\"><strong>Hora:&nbsp;<\/strong>17:30. <strong>Punto de partida:<\/strong>&nbsp;De la Calle 20 de Noviembre a la altura del Hotel Gobernador a la Plaza de Armas, frente a Catedral.<\/p>\n\n\n\n<figure class=\"wp-block-image size-large\"><a href=\"https:\/\/redsemlac.com\/semmexico\/wp-content\/uploads\/2022\/03\/marcha-5.jpg\"><img decoding=\"async\" src=\"https:\/\/redsemlac.com\/semmexico\/wp-content\/uploads\/2022\/03\/marcha-5-723x1024.jpg\" alt=\"\" class=\"wp-image-46672\"\/><\/a><\/figure>\n\n\n\n<p class=\"wp-block-paragraph\">?SEGUIMOS RESISTIENDO?<\/p>\n\n\n\n<p class=\"wp-block-paragraph\">Convocamos a todas las mujeres a marchar, salir a la calle a protestar, por todas y con todas. En la tercera marcha feminista de nuestra ciudad, el 8 de Marzo D\u00eda Internacional de la Mujer. Para unir, nuestras voces y fuerza en protesta contra las violencias que vivimos en este estado y este pa\u00eds.<\/p>\n\n\n\n<p class=\"wp-block-paragraph\"><strong>Estado de M\u00e9xico<\/strong><\/p>\n\n\n\n<p class=\"wp-block-paragraph\">Habr\u00e1 un contingente que se unir\u00e1 a la marcha de la CDMX. El punto de encuentro ser\u00e1 el Monumento a la Revoluci\u00f3n a las 14:00 horas. ??&nbsp;ALERTAAAAA&nbsp;??&nbsp;8 de MARZO&nbsp;??\u2728 En el marco del d\u00eda internacional de la mujer, se convoca a acompa\u00f1ar y unirse al contingente&nbsp;<a href=\"https:\/\/www.facebook.com\/hashtag\/verdadyjusticia?__eep__=6&amp;fref=mentions\" target=\"_blank\" rel=\"noreferrer noopener\">#VerdadYJusticia<\/a>&nbsp;<a href=\"https:\/\/www.facebook.com\/hashtag\/edomex?__eep__=6&amp;fref=mentions\" target=\"_blank\" rel=\"noreferrer noopener\">#EdoMex<\/a>&nbsp;que march\u00f3 por primera vez el&nbsp;<a href=\"https:\/\/www.facebook.com\/hashtag\/25n?__eep__=6&amp;fref=mentions\" target=\"_blank\" rel=\"noreferrer noopener\">#25N<\/a>&nbsp;2021 en la CdMx, bajo la consigna de visibilizar la INDOLENCIA e IMPUNIDAD que impera en el sistema judicial mexicano y que se intensifica en uno de los estados con m\u00e1s FEMINICIDIOS del pa\u00eds y AM\u00c9RICA LATINA: EL ESTADO DE M\u00c9XICO. El contingente prioriza a las familias de v\u00edctimas de Feminicidio. En Ecatepec habr\u00e1 una marcha pac\u00edfica; la reuni\u00f3n es en Puente de Fierro a las 12:00 horas.<\/p>\n\n\n\n<figure class=\"wp-block-image size-full\"><a href=\"https:\/\/redsemlac.com\/semmexico\/wp-content\/uploads\/2022\/03\/marcha-6.jpg\"><img loading=\"lazy\" decoding=\"async\" width=\"526\" height=\"526\" src=\"https:\/\/redsemlac.com\/semmexico\/wp-content\/uploads\/2022\/03\/marcha-6.jpg\" alt=\"\" class=\"wp-image-46673\"\/><\/a><\/figure>\n\n\n\n<p class=\"wp-block-paragraph\"><strong>Guanajuato<\/strong><\/p>\n\n\n\n<ul class=\"wp-block-list\"><li><strong>Hora:<\/strong>&nbsp;A las 16:30 hrs. <strong>Punto de partida:<\/strong>&nbsp;Teatro Ju\u00e1rez, capital.<\/li><li>En Le\u00f3n habr\u00e1 una marcha a las 17:00 horas. La salida es en el Arco de la Calzada<\/li><\/ul>\n\n\n\n<p class=\"wp-block-paragraph\"><strong>Guerrero<\/strong><\/p>\n\n\n\n<ul class=\"wp-block-list\"><li><strong>Hora:<\/strong>&nbsp;16:00 hrs. <strong>Punto de partida:<\/strong>&nbsp;Monumento a las Banderas en Chilpancingo de los Bravo, Guerrero.<\/li><\/ul>\n\n\n\n<p class=\"wp-block-paragraph\"><strong>Hidalgo<\/strong><\/p>\n\n\n\n<ul class=\"wp-block-list\"><li><strong>Hora:&nbsp;<\/strong>17:00 hrs. <strong>Punto de partida:<\/strong>&nbsp;Plaza Ju\u00e1rez, Pachuca convoca colectiva feminista Marea Verde. Las actividades iniciar\u00e1n a las 15:00 horas con la instalaci\u00f3n de la mercadita feminista en la explanada de la plaza. concentraci\u00f3n a las 17:00 horas; a las 18:00 horas empezar\u00e1 el camino.<\/li><li>&nbsp;<\/li><\/ul>\n\n\n\n<p class=\"wp-block-paragraph\"><strong>Jalisco.<\/strong><\/p>\n\n\n\n<p class=\"wp-block-paragraph\"><strong>A las <\/strong>15:00 hrs. <strong>Punto de partida:<\/strong>&nbsp;De la Glorieta de las y los Desaparecidos hasta llegar a la \u201cAntimonumenta\u201d, ubicada en la llamada \u201cPlaza Imelda Virgen\u201d, sobre el Paseo Alcalde a la altura de la Plaza de Armas, en la zona Centro de Guadalajara.<\/p>\n\n\n\n<figure class=\"wp-block-image size-full\"><a href=\"https:\/\/redsemlac.com\/semmexico\/wp-content\/uploads\/2022\/03\/marcha-7.jpg\"><img loading=\"lazy\" decoding=\"async\" width=\"526\" height=\"526\" src=\"https:\/\/redsemlac.com\/semmexico\/wp-content\/uploads\/2022\/03\/marcha-7.jpg\" alt=\"\" class=\"wp-image-46674\"\/><\/a><\/figure>\n\n\n\n<p class=\"wp-block-paragraph\"><strong>Michoac\u00e1n<\/strong><\/p>\n\n\n\n<ul class=\"wp-block-list\"><li><strong>Hora:<\/strong>&nbsp;17:00 hrs. <strong>Punto de partida:&nbsp;<\/strong>Monumento a L\u00e1zaro C\u00e1rdenas, en Morelia. En P\u00e1tzcuaro, las mujeres se reunir\u00e1n en la plaza San Francisco a las 17:00 horas el martes.<\/li><\/ul>\n\n\n\n<figure class=\"wp-block-image size-full\"><a href=\"https:\/\/redsemlac.com\/semmexico\/wp-content\/uploads\/2022\/03\/marcha-8.jpg\"><img loading=\"lazy\" decoding=\"async\" width=\"320\" height=\"527\" src=\"https:\/\/redsemlac.com\/semmexico\/wp-content\/uploads\/2022\/03\/marcha-8.jpg\" alt=\"\" class=\"wp-image-46675\"\/><\/a><\/figure>\n\n\n\n<p class=\"wp-block-paragraph\"><strong>Morelos<\/strong><\/p>\n\n\n\n<ul class=\"wp-block-list\"><li><strong>Hora:<\/strong>&nbsp;13:30 hrs. <strong>Punto de partida:&nbsp;<\/strong>Glorieta de Tlaltenango hacia el Z\u00f3calo de Cuernavaca.<\/li><\/ul>\n\n\n\n<figure class=\"wp-block-image size-large\"><a href=\"https:\/\/redsemlac.com\/semmexico\/wp-content\/uploads\/2022\/03\/marcha-9.jpg\"><img decoding=\"async\" src=\"https:\/\/redsemlac.com\/semmexico\/wp-content\/uploads\/2022\/03\/marcha-9-768x1024.jpg\" alt=\"\" class=\"wp-image-46676\"\/><\/a><\/figure>\n\n\n\n<p class=\"wp-block-paragraph\"><strong>Nayarit<\/strong><\/p>\n\n\n\n<p class=\"wp-block-paragraph\">La Colectiva Feminista Nayarit llevar\u00e1 a cabo diferentes actividades en marco de este d\u00eda, aunque no existe una convocatoria a una marcha. El&nbsp;<a href=\"https:\/\/www.facebook.com\/hashtag\/8mnayarit?__eep__=6&amp;fref=mentions\" target=\"_blank\" rel=\"noreferrer noopener\">#8MNayarit<\/a>&nbsp;se acerca, ac\u00e1&nbsp;?&nbsp;les compartimos el calendario de actividades que diferentes agrupaciones locales realizaremos en el marco del D\u00eda Internacional de la Mujer Trabajadora.<\/p>\n\n\n\n<figure class=\"wp-block-image size-large\"><a href=\"https:\/\/redsemlac.com\/semmexico\/wp-content\/uploads\/2022\/03\/marcha-10.jpg\"><img decoding=\"async\" src=\"https:\/\/redsemlac.com\/semmexico\/wp-content\/uploads\/2022\/03\/marcha-10-1024x576.jpg\" alt=\"\" class=\"wp-image-46677\"\/><\/a><\/figure>\n\n\n\n<p class=\"wp-block-paragraph\"><strong>Nuevo Le\u00f3n<\/strong><\/p>\n\n\n\n<p class=\"wp-block-paragraph\"><strong>El Movimiento de Personas con Discapacidad Nuevo Le\u00f3n tendr\u00e1 un contingente en la marcha que saldr\u00e1 a las 17:00 horas de la Explanada de los H\u00e9roes, frente al Palacio de Gobierno. Se anuncia En que asistir\u00e1n contingentes de trabajadoras de la educaci\u00f3n, madres, periodistas, mujeres trans y personas no binarias, universitarias y mujeres por el aborto, familias de desaparecidas Asamblea Feminista NL.<\/strong><\/p>\n\n\n\n<figure class=\"wp-block-image size-full\"><a href=\"https:\/\/redsemlac.com\/semmexico\/wp-content\/uploads\/2022\/03\/marcha-11.jpg\"><img loading=\"lazy\" decoding=\"async\" width=\"370\" height=\"524\" src=\"https:\/\/redsemlac.com\/semmexico\/wp-content\/uploads\/2022\/03\/marcha-11.jpg\" alt=\"\" class=\"wp-image-46678\"\/><\/a><\/figure>\n\n\n\n<p class=\"wp-block-paragraph\"><strong>Oaxaca<\/strong><\/p>\n\n\n\n<ul class=\"wp-block-list\"><li><strong>Hora:<\/strong>&nbsp;15:00 hrs. <strong>Punto de partida:&nbsp;<\/strong>Parque El Llano, iglesia del Patrocinio.<\/li><\/ul>\n\n\n\n<figure class=\"wp-block-image size-full\"><a href=\"https:\/\/redsemlac.com\/semmexico\/wp-content\/uploads\/2022\/03\/marcha-12.jpg\"><img loading=\"lazy\" decoding=\"async\" width=\"526\" height=\"526\" src=\"https:\/\/redsemlac.com\/semmexico\/wp-content\/uploads\/2022\/03\/marcha-12.jpg\" alt=\"\" class=\"wp-image-46679\"\/><\/a><\/figure>\n\n\n\n<p class=\"wp-block-paragraph\"><strong>Puebla<\/strong><\/p>\n\n\n\n<ul class=\"wp-block-list\"><li><strong>Hora:<\/strong>&nbsp;14:30 hrs. <strong>Punto de partida:<\/strong>&nbsp;De la Fiscal\u00eda hacia Casa Aguayo y concluir\u00e1 en el Z\u00f3calo, frente al palacio municipal.<\/li><\/ul>\n\n\n\n<p class=\"wp-block-paragraph\"><strong>Quer\u00e9taro<\/strong><\/p>\n\n\n\n<p class=\"wp-block-paragraph\"><strong>Hora:<\/strong>&nbsp;16:00 hrs. <strong>Punto de partida:&nbsp;<\/strong>Plaza Constituci\u00f3n, en la capital.<\/p>\n\n\n\n<p class=\"wp-block-paragraph\"><strong>Quintana Roo<\/strong><\/p>\n\n\n\n<ul class=\"wp-block-list\"><li><strong>Hora:<\/strong>&nbsp;16:00 hrs. <strong>Punto de partida:&nbsp;<\/strong>Museo de la Cultura Maya.<\/li><\/ul>\n\n\n\n<p class=\"wp-block-paragraph\"><strong>San Luis Potos\u00ed<\/strong><\/p>\n\n\n\n<ul class=\"wp-block-list\"><li><strong>Hora:<\/strong>&nbsp;14:00 hrs. <strong>Punto de partida:<\/strong>&nbsp;Memorial en la Plaza de Armas San Luis Potos\u00ed.<\/li><\/ul>\n\n\n\n<p class=\"wp-block-paragraph\"><strong>Sinaloa<\/strong><\/p>\n\n\n\n<p class=\"wp-block-paragraph\"><strong>Hora:<\/strong>&nbsp;15:30 hrs. <strong>Punto de partida:&nbsp;<\/strong>En Culiac\u00e1n, de Catedral hacia Parque Acu\u00e1tico.<\/p>\n\n\n\n<p class=\"wp-block-paragraph\"><strong>Sonora<\/strong><\/p>\n\n\n\n<ul class=\"wp-block-list\"><li>A\u00fan por definirse.<\/li><\/ul>\n\n\n\n<p class=\"wp-block-paragraph\"><strong>Tabasco<\/strong><\/p>\n\n\n\n<ul class=\"wp-block-list\"><li><strong>Hora:<\/strong>\u00a015:30 hrs. <strong>Punto de partida Monumento a los Ni\u00f1os H\u00e9roes, Villahermosa.<\/strong><\/li><\/ul>\n\n\n\n<figure class=\"wp-block-image size-large\"><a href=\"https:\/\/redsemlac.com\/semmexico\/wp-content\/uploads\/2022\/03\/marcha-13.jpg\"><img decoding=\"async\" src=\"https:\/\/redsemlac.com\/semmexico\/wp-content\/uploads\/2022\/03\/marcha-13-1024x792.jpg\" alt=\"\" class=\"wp-image-46680\"\/><\/a><\/figure>\n\n\n\n<p class=\"wp-block-paragraph\"><strong>Tamaulipas<\/strong><\/p>\n\n\n\n<ul class=\"wp-block-list\"><li><strong>Hora:<\/strong>&nbsp;15:00 hrs. <strong>Punto de partida:&nbsp;<\/strong>Monumento a los ni\u00f1os h\u00e9roes, AV. Usumacinta, Villahermosa.<\/li><\/ul>\n\n\n\n<p class=\"wp-block-paragraph\"><strong>Tlaxcala<\/strong><\/p>\n\n\n\n<ul class=\"wp-block-list\"><li><strong>Hora:<\/strong>&nbsp;15:00 hrs. <strong>Punto de partida:<\/strong>&nbsp;De la asta bandera al Palacio de Gobierno de Tlaxcala.<\/li><\/ul>\n\n\n\n<p class=\"wp-block-paragraph\"><strong>Veracruz<\/strong><\/p>\n\n\n\n<ul class=\"wp-block-list\"><li><strong>Hora:<\/strong>&nbsp;17:00 hrs. <strong>Punto de partida:&nbsp;<\/strong>Plaza Dorada &#8211; Plaza de los Valores, Veracruz. En Boca del R\u00edo l hay una convocatoria incluyente.<\/li><\/ul>\n\n\n\n<figure class=\"wp-block-image size-large\"><a href=\"https:\/\/redsemlac.com\/semmexico\/wp-content\/uploads\/2022\/03\/marcha-14.jpg\"><img decoding=\"async\" src=\"https:\/\/redsemlac.com\/semmexico\/wp-content\/uploads\/2022\/03\/marcha-14-1024x994.jpg\" alt=\"\" class=\"wp-image-46681\"\/><\/a><\/figure>\n\n\n\n<p class=\"wp-block-paragraph\"><strong>Yucat\u00e1n<\/strong><\/p>\n\n\n\n<ul class=\"wp-block-list\"><li><strong>Hora:<\/strong>&nbsp;18:00 hrs. <strong>Punto de partida:&nbsp;<\/strong>La Antimonumenta Yucat\u00e1n, situada frente al monumento a Los Montejo en M\u00e9rida.<\/li><\/ul>\n\n\n\n<p class=\"wp-block-paragraph\"><strong>Zacatecas<\/strong><\/p>\n\n\n\n<ul class=\"wp-block-list\"><li><strong>Hora:<\/strong>&nbsp;14:00 hrs. <strong>Punto de partida:&nbsp;<\/strong>En la explanada de la Unidad Acad\u00e9mica de Ingenier\u00eda de la UAZ, para partir rumbo a Plaza de Armas. &nbsp;Calles y avenidas aleda\u00f1as a Plaza <strong>Marea Verde anuncia una marcha el 8 de marzo<\/strong><\/li><\/ul>\n\n\n\n<figure class=\"wp-block-image size-full\"><a href=\"https:\/\/redsemlac.com\/semmexico\/wp-content\/uploads\/2022\/03\/marcha-15.jpg\"><img loading=\"lazy\" decoding=\"async\" width=\"526\" height=\"526\" src=\"https:\/\/redsemlac.com\/semmexico\/wp-content\/uploads\/2022\/03\/marcha-15.jpg\" alt=\"\" class=\"wp-image-46682\"\/><\/a><\/figure>\n\n\n\n<figure class=\"wp-block-image size-full\"><a href=\"https:\/\/redsemlac.com\/semmexico\/wp-content\/uploads\/2022\/03\/marcha-16.jpg\"><img loading=\"lazy\" decoding=\"async\" width=\"768\" height=\"479\" src=\"https:\/\/redsemlac.com\/semmexico\/wp-content\/uploads\/2022\/03\/marcha-16.jpg\" alt=\"\" class=\"wp-image-46683\"\/><\/a><\/figure>\n\n\n\n<p class=\"wp-block-paragraph\">8M C\u00c1MARA DE DIPUTADOS<\/p>\n\n\n\n<p class=\"wp-block-paragraph\">Con motivo del D\u00eda Internacional de la Mujer, diputadas acordaron utilizar la bandera creada por la activista Fernanda Dudette con los colores violeta, verde y rosa. &nbsp;<\/p>\n\n\n\n<p class=\"wp-block-paragraph\">El 8 y 10 de marzo, conferencia \u201cMujer y Deporte\u201d y la instalaci\u00f3n del Comit\u00e9 para la Institucionalizaci\u00f3n de la Pol\u00edtica de Igualdad y no Discriminaci\u00f3n.<\/p>\n\n\n\n<p class=\"wp-block-paragraph\">El d\u00eda 15, se presentar\u00e1 el programa de liderazgo y fortalecimiento para diputadas federales y el curso sobre Derechos Humanos e Igualdad Sustantiva.<\/p>\n\n\n\n<p class=\"wp-block-paragraph\">El 16, de la Unidad para la Igualdad de G\u00e9nero de la C\u00e1mara de Diputados, programa y el 17, el foro Mujeres Emprendedoras en Industrias Creativas.<\/p>\n\n\n\n<p class=\"wp-block-paragraph\">El 22 presentaci\u00f3n del Estudio y An\u00e1lisis sobre la Disparidad Salarial en M\u00e9xico.<\/p>\n\n\n\n<p class=\"wp-block-paragraph\">El 24, el foro sobre Violencia Obst\u00e9trica a cargo de las Comisiones de Igualdad de G\u00e9nero y de Salud, y de la Direcci\u00f3n de Servicios M\u00e9dicos.&nbsp;<\/p>\n\n\n\n<p class=\"wp-block-paragraph\">El 29 exposici\u00f3n \u201cLas primeras mexicanas de los siglos XX y XXI\u201d, en el vest\u00edbulo del edificio A del recinto Legislativo,<\/p>\n\n\n\n<p class=\"wp-block-paragraph\">Las 30 diputadas har\u00e1n la presentaci\u00f3n del libro Perspectiva de G\u00e9nero en M\u00e9xico.<\/p>\n\n\n\n<p class=\"wp-block-paragraph\">El 31, \u00faltima actividad presentaci\u00f3n del libro 200 A\u00f1os de la Administraci\u00f3n del Poder Legislativo en M\u00e9xico y la participaci\u00f3n de las mujeres.<\/p>\n","protected":false},"excerpt":{"rendered":"<p>No a la violencia, por las desaparecidas, ni\u00f1as y mujeres y despenalizaci\u00f3n del aborto, principales demandas<\/p>\n","protected":false},"author":3,"featured_media":46684,"comment_status":"open","ping_status":"open","sticky":false,"template":"","format":"standard","meta":{"_monsterinsights_skip_tracking":false,"footnotes":""},"categories":[693,205],"tags":[],"class_list":["post-46667","post","type-post","status-publish","format-standard","has-post-thumbnail","category-693","category-8-de-marzo"],"_links":{"self":[{"href":"https:\/\/redsemlac.com\/semmexico\/wp-json\/wp\/v2\/posts\/46667","targetHints":{"allow":["GET"]}}],"collection":[{"href":"https:\/\/redsemlac.com\/semmexico\/wp-json\/wp\/v2\/posts"}],"about":[{"href":"https:\/\/redsemlac.com\/semmexico\/wp-json\/wp\/v2\/types\/post"}],"author":[{"embeddable":true,"href":"https:\/\/redsemlac.com\/semmexico\/wp-json\/wp\/v2\/users\/3"}],"replies":[{"embeddable":true,"href":"https:\/\/redsemlac.com\/semmexico\/wp-json\/wp\/v2\/comments?post=46667"}],"version-history":[{"count":0,"href":"https:\/\/redsemlac.com\/semmexico\/wp-json\/wp\/v2\/posts\/46667\/revisions"}],"wp:featuredmedia":[{"embeddable":true,"href":"https:\/\/redsemlac.com\/semmexico\/wp-json\/wp\/v2\/media\/46684"}],"wp:attachment":[{"href":"https:\/\/redsemlac.com\/semmexico\/wp-json\/wp\/v2\/media?parent=46667"}],"wp:term":[{"taxonomy":"category","embeddable":true,"href":"https:\/\/redsemlac.com\/semmexico\/wp-json\/wp\/v2\/categories?post=46667"},{"taxonomy":"post_tag","embeddable":true,"href":"https:\/\/redsemlac.com\/semmexico\/wp-json\/wp\/v2\/tags?post=46667"}],"curies":[{"name":"wp","href":"https:\/\/api.w.org\/{rel}","templated":true}]}}