{"id":46664,"date":"2022-03-05T17:24:53","date_gmt":"2022-03-05T23:24:53","guid":{"rendered":"https:\/\/redsemlac.com\/semmexico\/?p=46664"},"modified":"2023-07-21T19:00:05","modified_gmt":"2023-07-22T00:00:05","slug":"desde-la-mano-izquierda-8-de-marzo-2022-mexico","status":"publish","type":"post","link":"https:\/\/redsemlac.com\/semmexico\/desde-la-mano-izquierda-8-de-marzo-2022-mexico\/","title":{"rendered":"Desde la mano izquierda| 8 de marzo 2022, M\u00e9xico"},"content":{"rendered":"\n<p class=\"wp-block-paragraph\"><strong>Claudia Espinosa Almaguer<\/strong><\/p>\n\n\n\n<p class=\"wp-block-paragraph\">SemM\u00e9xico, San Luis Potos\u00ed, 5 de marzo, 2022.- El pr\u00f3ximo martes 8 de marzo, tanto en M\u00e9xico como en San Luis Potos\u00ed, no debe haber otro asunto que no sea la conmemoraci\u00f3n del D\u00eda Internacional de la Mujer, vigilar que se respete el derecho a la manifestaci\u00f3n y la integridad de todas las mujeres que en lo individual y desde las organizaciones feministas van a participar en cada una de las acciones pol\u00edticas y culturales que exigir\u00e1n respuestas claras ante la violencia y la desigualdad.<\/p>\n\n\n\n<p class=\"wp-block-paragraph\">No nos hallamos ante un asunto menor, en todo el pa\u00eds existen pendientes ineludibles que superan el \u00e1mbito de la voluntad personal de los gobernantes, en tanto derivan de obligaciones jur\u00eddicas concretas marcadas por la ley, y todas las entidades comparten contextos de desventaja y amenazas contra mujeres y ni\u00f1as.<\/p>\n\n\n\n<p class=\"wp-block-paragraph\">Al cabo de aquella marcha hist\u00f3rica de marzo de 2020, la pandemia contribuy\u00f3 a silenciar las circunstancias denunciadas que estaban atravesando las mujeres, pero no las atenu\u00f3, por el contrario, actualmente sabemos que ellas han sido las m\u00e1s afectadas en su autonom\u00eda padeciendo mayores niveles de inseguridad econ\u00f3mica y alimentaria, disminuci\u00f3n de ingresos y desempleo lo cual ha sido se\u00f1alado desde Naciones Unidas, como un riesgo importante para su integridad.&nbsp;<\/p>\n\n\n\n<p class=\"wp-block-paragraph\">Para el caso de San Luis Potos\u00ed, previo a la crisis sanitaria se ten\u00edan ya documentadas pr\u00e1cticas discriminatorias como la carga en las horas dedicadas al trabajo no remunerado, la feminizaci\u00f3n de la pobreza y la escasa representatividad pol\u00edtica.<\/p>\n\n\n\n<p class=\"wp-block-paragraph\">Tales condiciones han sido recientemente vueltas a se\u00f1alar en el estudio #ConLupadeG\u00e9nero del Instituto Mexicano para la Competitividad que ubic\u00f3 a la entidad en la posici\u00f3n 19, es decir estancada en lo que deber\u00eda llevar a cabo para equilibrar el tiempo invertido en labores de cuidado, la participaci\u00f3n y permanencia de las mujeres en el mercado laboral, as\u00ed como la educaci\u00f3n y formaci\u00f3n de sus capacidades.<\/p>\n\n\n\n<p class=\"wp-block-paragraph\">En cuanto a la violencia, como el obst\u00e1culo principal para conseguir la igualdad, en los a\u00f1os anteriores a la pandemia, sab\u00edamos que m\u00e1s de la mitad de las mujeres habitantes del Estado hab\u00edan sido sometidas a una o m\u00e1s de sus tipos en distintos \u00e1mbitos y por parte de diversos agresores tanto familiares como compa\u00f1eros de trabajo o personas desconocidas.<\/p>\n\n\n\n<p class=\"wp-block-paragraph\">Para este martes en que ellas salen a las calles, habr\u00e1n transcurrido 4 a\u00f1os, 8 meses y 16 d\u00edas de vigencia de la Declaratoria de Alerta de Violencia de G\u00e9nero, sin embargo, el avance de esas medidas extraordinarias y su eficacia se desconoce, aunque el agravamiento de la violencia no. Est\u00e1 all\u00ed en la incidencia delictiva contra las mujeres que abarca miles de actos denunciados y llamadas de emergencia al 911, adem\u00e1s de los 112 feminicidios producidos desde esa misma fecha.<\/p>\n\n\n\n<p class=\"wp-block-paragraph\">A este escenario ahora debemos a\u00f1adir la posibilidad de solicitar una segunda declaratoria de alerta para el estado por agravio comparado toda vez que la omisi\u00f3n de legislar por parte del Congreso actual, temas como la interrupci\u00f3n legal del embarazo, las adecuaciones en materia de \u00f3rdenes de protecci\u00f3n y la nula voluntad pol\u00edtica para crear las herramientas adecuadas para ello est\u00e1n generando un riesgo importante para las mujeres.<\/p>\n\n\n\n<p class=\"wp-block-paragraph\">No dude que nos esperan los muros y el silencio, como en otros sitios aguardar\u00e1n los actos de represi\u00f3n, porque el Movimiento Feminista de M\u00e9xico es la \u00fanica oposici\u00f3n que estos gobiernos no han conseguido desarticular ni denostar y es que perseguimos un inter\u00e9s leg\u00edtimo, compartimos una agenda que pone a las mujeres como sujeto pol\u00edtico esencial sin el cual no se puede afirmar que se respetan derechos humanos, defendemos la vida y la libertad de las mujeres en el pa\u00eds m\u00e1s feminicida del mundo. A m\u00e1s ver.<\/p>\n","protected":false},"excerpt":{"rendered":"<p>El pr\u00f3ximo martes 8 de marzo, tanto en M\u00e9xico como en San Luis Potos\u00ed, no debe haber otro asunto que no sea la conmemoraci\u00f3n del D\u00eda Internacional de la Mujer<\/p>\n","protected":false},"author":3,"featured_media":36870,"comment_status":"open","ping_status":"open","sticky":false,"template":"","format":"standard","meta":{"_monsterinsights_skip_tracking":false,"footnotes":""},"categories":[693,131,35],"tags":[459],"class_list":["post-46664","post","type-post","status-publish","format-standard","has-post-thumbnail","category-693","category-claudia-almaguer","category-opinion","tag-opinion"],"_links":{"self":[{"href":"https:\/\/redsemlac.com\/semmexico\/wp-json\/wp\/v2\/posts\/46664","targetHints":{"allow":["GET"]}}],"collection":[{"href":"https:\/\/redsemlac.com\/semmexico\/wp-json\/wp\/v2\/posts"}],"about":[{"href":"https:\/\/redsemlac.com\/semmexico\/wp-json\/wp\/v2\/types\/post"}],"author":[{"embeddable":true,"href":"https:\/\/redsemlac.com\/semmexico\/wp-json\/wp\/v2\/users\/3"}],"replies":[{"embeddable":true,"href":"https:\/\/redsemlac.com\/semmexico\/wp-json\/wp\/v2\/comments?post=46664"}],"version-history":[{"count":0,"href":"https:\/\/redsemlac.com\/semmexico\/wp-json\/wp\/v2\/posts\/46664\/revisions"}],"wp:featuredmedia":[{"embeddable":true,"href":"https:\/\/redsemlac.com\/semmexico\/wp-json\/wp\/v2\/media\/36870"}],"wp:attachment":[{"href":"https:\/\/redsemlac.com\/semmexico\/wp-json\/wp\/v2\/media?parent=46664"}],"wp:term":[{"taxonomy":"category","embeddable":true,"href":"https:\/\/redsemlac.com\/semmexico\/wp-json\/wp\/v2\/categories?post=46664"},{"taxonomy":"post_tag","embeddable":true,"href":"https:\/\/redsemlac.com\/semmexico\/wp-json\/wp\/v2\/tags?post=46664"}],"curies":[{"name":"wp","href":"https:\/\/api.w.org\/{rel}","templated":true}]}}