{"id":46580,"date":"2022-03-03T12:25:42","date_gmt":"2022-03-03T18:25:42","guid":{"rendered":"https:\/\/redsemlac.com\/semmexico\/?p=46580"},"modified":"2023-07-21T19:00:07","modified_gmt":"2023-07-22T00:00:07","slug":"maria-elena-chapa-hernandez-entre-seleccionadas-a-recibir-la-medalla-sor-juana-ines-de-la-cruz-de-la-camara-de-diputados","status":"publish","type":"post","link":"https:\/\/redsemlac.com\/semmexico\/maria-elena-chapa-hernandez-entre-seleccionadas-a-recibir-la-medalla-sor-juana-ines-de-la-cruz-de-la-camara-de-diputados\/","title":{"rendered":"Mar\u00eda Elena Chapa Hern\u00e1ndez entre seleccionadas a recibir la medalla Sor Juana In\u00e9s de la Cruz de la C\u00e1mara de Diputados."},"content":{"rendered":"\n<p class=\"wp-block-paragraph\">Entre las cinco que se discuten, la periodista y activista Tania Meza Escorza de Hidalgo<\/p>\n\n\n\n<p class=\"wp-block-paragraph\">Reconocimiento desde la C\u00e1mara de la Paridad<\/p>\n\n\n\n<p class=\"wp-block-paragraph\">Micaela M\u00e1rquez&nbsp;<\/p>\n\n\n\n<p class=\"wp-block-paragraph\">&nbsp;SemM\u00e9xico, Cd. de M\u00e9xico, 3 de marzo 2022.- La Comisi\u00f3n de Igualdad de G\u00e9nero que preside la diputada de Morena, Julieta Kristal Vences Valencia, eligi\u00f3 a cinco aspirantes de una lista de 70 candidatas a recibir la Medalla Sor Juana In\u00e9s de la Cruz, correspondiente al primer a\u00f1o de ejercicio de la LXV Legislatura.<\/p>\n\n\n\n<p class=\"wp-block-paragraph\">De la lista de cinco aspirantes destaca el nombre de la pol\u00edtica Mar\u00eda Elena Chapa Hern\u00e1ndez, fallecida el a\u00f1o pasado en agosto, quien promovi\u00f3 y defendi\u00f3 iniciativas en materia de paridad de g\u00e9nero, haciendo visible la importancia que tienen las mujeres en la pol\u00edtica nacional, as\u00ed como su incansable lucha por los derechos humanos.<\/p>\n\n\n\n<p class=\"wp-block-paragraph\">Las otras aspirantes son la cient\u00edfica Susana L\u00f3pez Charret\u00f3n, Olimpia Coral Melo Cruz, impulsora de la \u201cLey Olimpia, que busca prevenir y sancionar los casos de violencia digita y las activistas y defensoras de los derechos de las mujeres Er\u00e9ndira Meza Escorza y Elena \u00c1lvarez Bernal.<\/p>\n\n\n\n<p class=\"wp-block-paragraph\">La diputada Julieta Kristal dijo que \u201cesta condecoraci\u00f3n es un acto simb\u00f3lico para que no olvidemos que las mujeres s\u00ed podemos, que nuestra lucha es en el d\u00eda a d\u00eda, que vamos avanzando y rompiendo el techo de cristal que se nos impuso durante muchos siglos. Debemos seguir trabajando para que la agenda feminista avance y que todas y todos tengamos la misma igualdad de derechos\u201d.<\/p>\n\n\n\n<p class=\"wp-block-paragraph\">Indic\u00f3 que para la revisi\u00f3n de los perfiles se reconoci\u00f3 que son referentes en diversos campos y \u00e1mbitos de la vida p\u00fablica y social de nuestro pa\u00eds. En sus contribuciones a la defensa y promoci\u00f3n de los derechos humanos de las mujeres, ni\u00f1as y adolescentes, as\u00ed como sus aportaciones en la academia y la ciencia, destaca el papel fundamental que juegan las mujeres en el M\u00e9xico actual\u201d, a\u00f1adi\u00f3.<\/p>\n\n\n\n<p class=\"wp-block-paragraph\">Dijo que la junta directiva de la Comisi\u00f3n determin\u00f3 proponer una lista de cinco aspirantes a ser consideradas por la Comisi\u00f3n de R\u00e9gimen, Reglamentos y Pr\u00e1cticas Parlamentarias en la emisi\u00f3n del respectivo dictamen que declara la ganadora, y que ser\u00e1 votado en el Pleno de la C\u00e1mara de Diputados.<\/p>\n\n\n\n<p class=\"wp-block-paragraph\">En su intervenci\u00f3n, la diputada Montserrat Alicia Arcos Vel\u00e1zquez del PRI reconoci\u00f3 la labor de las mujeres propuestas para recibir la medalla, as\u00ed como el trabajo que hicieron en favor de la igualdad de g\u00e9nero o en el campo de la ciencia.<\/p>\n\n\n\n<p class=\"wp-block-paragraph\">Olimpia Coral Melo Cruz, activista en favor de los derechos humanos de las mujeres, particularmente por el derecho a una vida libre de violencia. Ha sido reconocida como una de las principales impulsoras de la \u201cLey Olimpia\u201d, que busca prevenir y sancionar los casos de violencia digital en contra de las mujeres.<\/p>\n\n\n\n<p class=\"wp-block-paragraph\">Durante su activismo social logr\u00f3 la aprobaci\u00f3n de la \u201cLey Olimpia\u201d en casi todos los congresos locales. Ha participado en diversas conferencias y campa\u00f1as para generar sensibilizaci\u00f3n sobre la cosificaci\u00f3n de los cuerpos de las mujeres.&nbsp;<\/p>\n\n\n\n<p class=\"wp-block-paragraph\">Susana L\u00f3pez Charret\u00f3n, es cient\u00edfica con doctorado en Investigaci\u00f3n Biom\u00e9dica B\u00e1sica en la UNAM. Es docente en la M\u00e1xima Casa de Estudios desde 1983 y ha dedicado su investigaci\u00f3n principalmente al estudio de la biolog\u00eda de virus gastrointestinales, con \u00e9nfasis en rotavirus y astrovirus.<\/p>\n\n\n\n<p class=\"wp-block-paragraph\">Le han sido entregados distintos reconocimientos, entre los que destacan el Premio de la Academia de la Investigaci\u00f3n Cient\u00edfica 1993 en el \u00e1rea de Ciencias Naturales; el Premio Carlos J. Finaly en Microbiolog\u00eda por la UNESCO (2001); dos veces seleccionada como International Research Scholar del Instituto M\u00e9dico Howard Hughes (2000 y 2010); el Premio Laurete for Woman in Science por L\u00b4oreal-UNESCO (2012); y el Premio Universidad 2013 por la Facultad de Ciencias de la UNAM.<\/p>\n\n\n\n<p class=\"wp-block-paragraph\">Tania Er\u00e9ndira Meza Escorza, activista y acad\u00e9mica en la defensa y promoci\u00f3n de los derechos de las mujeres con estudios de licenciatura, maestr\u00eda y doctorado en Ciencias de la Comunicaci\u00f3n por la UNAM. Durante su trayectoria ha acompa\u00f1ado a mujeres v\u00edctimas de violencia en regiones rurales y comunidades ind\u00edgenas en Hidalgo.&nbsp;<\/p>\n\n\n\n<p class=\"wp-block-paragraph\">En casi tres d\u00e9cadas de trabajo en favor del feminismo, ha sido impulsadora de leyes, c\u00f3digos y protocolos de atenci\u00f3n a mujeres v\u00edctimas de la violencia, e impartido capacitaci\u00f3n en derechos humanos para instituciones del sector p\u00fablico, privado y social.&nbsp;<\/p>\n\n\n\n<p class=\"wp-block-paragraph\">Mar\u00eda Elena \u00c1lvarez Bernal, reconocida abogada en favor de la igualdad sustantiva, tiene licenciatura, maestr\u00eda y doctorado en Ciencia Pol\u00edtica por la UNAM. Se ha desempe\u00f1ado como diputada federal en cuatro ocasiones y senadora de la Rep\u00fablica.&nbsp;<\/p>\n\n\n\n<p class=\"wp-block-paragraph\">Como legisladora present\u00f3 el proyecto de ley para la creaci\u00f3n del Instituto Nacional de las Mujeres. Entre algunos de sus reconocimientos, recibi\u00f3 la C\u00e1tedra Extraordinaria \u201cAbel Vicencio Tovar\u201d de la Facultad de Derecho de la UNAM.<\/p>\n\n\n\n<p class=\"wp-block-paragraph\">La Medalla Sor Juana In\u00e9s de la Cruz es un reconocimiento inspirado en la trayectoria de esta gran mexicana, desde 2019 las y los diputados otorgan este reconocimiento para premiar a las mujeres que luchan por la igualdad de g\u00e9nero. El a\u00f1o pasado se entrego la presea Marcela Lagarde y de los R\u00edos.<\/p>\n","protected":false},"excerpt":{"rendered":"<p>La Comisi\u00f3n de Igualdad de G\u00e9nero que preside la diputada de Morena, Julieta Kristal Vences Valencia, eligi\u00f3 a cinco aspirantes de una lista de 70 candidatas a recibir la Medalla Sor Juana In\u00e9s de la Cruz, correspondiente al primer a\u00f1o de ejercicio de la LXV Legislatura.<\/p>\n","protected":false},"author":3,"featured_media":46581,"comment_status":"open","ping_status":"open","sticky":false,"template":"","format":"standard","meta":{"_monsterinsights_skip_tracking":false,"footnotes":""},"categories":[693,205],"tags":[],"class_list":["post-46580","post","type-post","status-publish","format-standard","has-post-thumbnail","category-693","category-8-de-marzo"],"_links":{"self":[{"href":"https:\/\/redsemlac.com\/semmexico\/wp-json\/wp\/v2\/posts\/46580","targetHints":{"allow":["GET"]}}],"collection":[{"href":"https:\/\/redsemlac.com\/semmexico\/wp-json\/wp\/v2\/posts"}],"about":[{"href":"https:\/\/redsemlac.com\/semmexico\/wp-json\/wp\/v2\/types\/post"}],"author":[{"embeddable":true,"href":"https:\/\/redsemlac.com\/semmexico\/wp-json\/wp\/v2\/users\/3"}],"replies":[{"embeddable":true,"href":"https:\/\/redsemlac.com\/semmexico\/wp-json\/wp\/v2\/comments?post=46580"}],"version-history":[{"count":0,"href":"https:\/\/redsemlac.com\/semmexico\/wp-json\/wp\/v2\/posts\/46580\/revisions"}],"wp:featuredmedia":[{"embeddable":true,"href":"https:\/\/redsemlac.com\/semmexico\/wp-json\/wp\/v2\/media\/46581"}],"wp:attachment":[{"href":"https:\/\/redsemlac.com\/semmexico\/wp-json\/wp\/v2\/media?parent=46580"}],"wp:term":[{"taxonomy":"category","embeddable":true,"href":"https:\/\/redsemlac.com\/semmexico\/wp-json\/wp\/v2\/categories?post=46580"},{"taxonomy":"post_tag","embeddable":true,"href":"https:\/\/redsemlac.com\/semmexico\/wp-json\/wp\/v2\/tags?post=46580"}],"curies":[{"name":"wp","href":"https:\/\/api.w.org\/{rel}","templated":true}]}}