{"id":46569,"date":"2022-03-03T11:38:01","date_gmt":"2022-03-03T17:38:01","guid":{"rendered":"https:\/\/redsemlac.com\/semmexico\/?p=46569"},"modified":"2023-07-21T19:00:07","modified_gmt":"2023-07-22T00:00:07","slug":"no-nos-quieren-escuchar-produzcan-sin-nosotras-brujas-del-mar-9m","status":"publish","type":"post","link":"https:\/\/redsemlac.com\/semmexico\/no-nos-quieren-escuchar-produzcan-sin-nosotras-brujas-del-mar-9m\/","title":{"rendered":"\u201cNo nos quieren escuchar, produzcan sin nosotras\u201d: Brujas del Mar #9M"},"content":{"rendered":"\n<p class=\"wp-block-paragraph\">Lanzan convocatoria para este este pr\u00f3ximo mi\u00e9rcoles #9M.<\/p>\n\n\n\n<p class=\"wp-block-paragraph\">Parar la econom\u00eda, #Und\u00edasinnosotras<\/p>\n\n\n\n<p class=\"wp-block-paragraph\">SemM\u00e9xico, Cd. de M\u00e9xico, 3 de marzo, 2022.- \u201cEn 2020 las mexicanas inundamos las calles un d\u00eda y desaparecimos al siguiente. Paralizando actividades, visibilizando el trabajo no remunerado, el empleo informal y los sectores donde somos indispensables\u2026 ese d\u00eda, paralicemos m\u00e1s de 40 mil millones de pesos de la econom\u00eda del pa\u00eds\u201d, convoca e invita &nbsp;&nbsp;la colectiva feminista Las Brujas del Mar, de Veracruz.\u201d<\/p>\n\n\n\n<p class=\"wp-block-paragraph\">Mientras tanto, aqu\u00ed, este 3 de marzo amaneci\u00f3 la parte occidente del primer cuadro de la ciudad, con las primera vallas y cercas met\u00e1licas en las avenidas Ju\u00e1rez y Reforma.<\/p>\n\n\n\n<p class=\"wp-block-paragraph\">Al tiempo la jefa de gobierno de la capital del pa\u00eds, Claudia Sheinbaum Pardo, dijo en su conferencia diaria, que se \u201cpermitir\u00e1n las manifestaciones\u201d, si no son violentas. Se espera que las previsiones y las vallas se extienden entre hoy y ma\u00f1ana, alrededor del Palacio Nacional.<\/p>\n\n\n\n<p class=\"wp-block-paragraph\">Mientras que se anuncian unas 300 actividades de \u201creflexi\u00f3n\u201d y an\u00e1lisis, mesas redondas, actividades culturales en todo el pa\u00eds. Tambi\u00e9n se espera para este domingo la concentraci\u00f3n del partido oficial a que llamaron las 7 gobernadoras de Morena y se empiezan a distribuir manifiestos y campa\u00f1as.<\/p>\n\n\n\n<p class=\"wp-block-paragraph\">El 2021 se considera el a\u00f1o m\u00e1s violento y letal para las mujeres. La crisis y la pandemia, impacto a las mujeres trabajadoras.<\/p>\n\n\n\n<p class=\"wp-block-paragraph\">Al corte de agosto del 2021, se registr\u00f3 que en t\u00e9rminos absolutos son s\u00f3lo 388 mil 193 las mujeres con un trabajo que les da ingresos superiores a los 21,255 pesos mensuales, lo que representa apenas el 2% del total de la poblaci\u00f3n femenina que trabaja, de acuerdo con cifras de la Encuesta Nacional de Ocupaci\u00f3n y Empleo ENOE del INEGI. Por estos datos Brujas del Mar y otros colectivos en el pa\u00eds llaman a un paro de consumo.<\/p>\n\n\n\n<p class=\"wp-block-paragraph\">Y hasta ahora no se han recuperado medio mill\u00f3n de empleos para las mujeres de pocos ingresos.<\/p>\n\n\n\n<p class=\"wp-block-paragraph\">Solamente un mill\u00f3n 327,484 trabajadores en general, tienen ingresos superiores a cinco salarios m\u00ednimos diarios (21,255 pesos por mes) y de este peque\u00f1o grupo con los mejores ingresos s\u00f3lo 29% son&nbsp;<strong>mujeres<\/strong>, el 71% restante son hombres.<\/p>\n\n\n\n<p class=\"wp-block-paragraph\">La<strong>\u00a0brecha de g\u00e9nero<\/strong>\u00a0es una de las problem\u00e1ticas laborales m\u00e1s persistentes en el mercado nacional: las mujeres ganan menos, son discriminadas con mayor frecuencia, tienen trabajos de alta vulnerabilidad y encuentran m\u00e1s obst\u00e1culos para llegar a los puestos de direcci\u00f3n o liderazgo.<\/p>\n\n\n\n<div class=\"wp-block-image\"><figure class=\"aligncenter size-full\"><a href=\"https:\/\/redsemlac.com\/semmexico\/wp-content\/uploads\/2022\/03\/escuchar-8m.jpg\"><img loading=\"lazy\" decoding=\"async\" width=\"600\" height=\"600\" src=\"https:\/\/redsemlac.com\/semmexico\/wp-content\/uploads\/2022\/03\/escuchar-8m.jpg\" alt=\"\" class=\"wp-image-46570\"\/><\/a><\/figure><\/div>\n\n\n\n<p class=\"wp-block-paragraph\">Las Brujas del Mar,&nbsp;piden que el pr\u00f3ximo mi\u00e9rcoles&nbsp;se sumen al paro del 9 de marzo #unDiaSinNosotras.<\/p>\n\n\n\n<p class=\"wp-block-paragraph\">\u200bLa colectiva cobr\u00f3 especial relevancia al convocar en el 2020 un paro como forma de protesta con repercusiones insospechadas pues la afectaci\u00f3n alcanz\u00f3 m\u00e1s de 42 mil millones de pesos, sostuvo la activista, al argumentar que el fin de la huelga es para que la sociedad \u201cviva un d\u00eda como si las mujeres no existieran\u201d.<\/p>\n\n\n\n<p class=\"wp-block-paragraph\">\u201cEs como el del 2020 pero un poco m\u00e1s flexible y enfocado a lo econ\u00f3mico\u201d, pues estamos conscientes de lo que significa para las mujeres dejar de trabajar, indic\u00f3, al hacer el anuncio este martes por la ma\u00f1ana, en cadena nacional.<\/p>\n\n\n\n<p class=\"wp-block-paragraph\">Arussi Unda declar\u00f3 a los micr\u00f3fonos que el objetivo del paro nacional este 9 de marzo es impactar lo econ\u00f3mico.<\/p>\n\n\n\n<p class=\"wp-block-paragraph\">\u201cEl prop\u00f3sito es no mover dinero, evitar hacer transacciones bancarias, ir al s\u00faper y quienes puedan que no asistan a trabajar\u201d, aclar\u00f3.<\/p>\n\n\n\n<p class=\"wp-block-paragraph\">Un d\u00eda antes, el pr\u00f3ximo 8 de marzo, las mujeres en todo el territorio estatal tienen programadas marchas, vigilias, movilizaciones virtuales, y m\u00e1s, por el D\u00eda Internacional de la Mujer, donde se busca visibilizar la creciente desigualdad y ola de violencia en contra de ni\u00f1as y mujeres.<\/p>\n\n\n\n<p class=\"wp-block-paragraph\">Origen<\/p>\n\n\n\n<p class=\"wp-block-paragraph\">El D\u00eda Internacional de la Mujer<\/p>\n\n\n\n<p class=\"wp-block-paragraph\">Han trascurrido 122 a\u00f1os desde que, en 1910, mujeres socialistas se reunieron en Copenhague, Dinamarca, para celebrar la II Conferencia Internacional de las Mujeres Socialistas. En esa ocasi\u00f3n, Clara Zetkin (1857-1933), dirigenta de la socialdemocracia alemana y sus camaradas aprobaron establecer un D\u00eda Internacional de la Mujer, en homenaje a las miles de obreras que hab\u00edan luchado exigiendo mejores condiciones laborales, las razones de tal homenaje eran claros para las mujeres socialistas.<\/p>\n\n\n\n<p class=\"wp-block-paragraph\">En la \u00faltima d\u00e9cada del siglo XIX y la primera del XX, se sucedieron numerosas huelgas de obreras y obreros en los Estados Unidos y en Europa por mejores condiciones laborales; adem\u00e1s, la organizaci\u00f3n de las socialistas para recordar cada a\u00f1o el 8 de marzo, con una reivindicaci\u00f3n fundamental, el derecho a voto, fue la demanda que se levant\u00f3 en las primeras actividades programadas para esa fecha.<\/p>\n\n\n\n<p class=\"wp-block-paragraph\">Con el correr del tiempo, el 8 de marzo se fue convirtiendo en una fecha cl\u00e1sica que en el presente marca las agendas feministas a nivel internacional.<\/p>\n\n\n\n<p class=\"wp-block-paragraph\">En M\u00e9xico, una de las primeras manifestaciones en favor de los derechos de las mujeres sucedi\u00f3 en 1935, cuando mujeres del Partido Nacional Revolucionario (PNR), hoy PRI, y del Partido Comunista de M\u00e9xico, celebraron conjuntamente esta fecha.<\/p>\n\n\n\n<p class=\"wp-block-paragraph\">En 1975, la Asamblea General de las Naciones Unidas (ONU), estableci\u00f3 el 8 de Marzo como D\u00eda de las Naciones Unidas para los Derechos de la Mujer y la Paz Mundial.<\/p>\n\n\n\n<p class=\"wp-block-paragraph\">&nbsp;PRONUNCIAMIENTO 2022<\/p>\n\n\n\n<p class=\"wp-block-paragraph\">La colectiva dio a conocer en un comunicado donde exhiben las desigualdades como es que las mujeres ganan 34 % en promedio menos que los hombres. Que en M\u00e9xico asesinan a 11 mujeres y ni\u00f1as al d\u00eda y entre otras cifras que exhiben, no s\u00f3lo \u00e9l no avance sino la regresi\u00f3n en los derechos de las mujeres. \u201cEn 2020 las mexicanas inundamos las calles un d\u00eda y desaparecimos al siguiente. Paralizando actividades, visibilizando el trabajo no remunerado, el empleo informal y los sectores donde somos indispensables\u2026 ese d\u00eda, paralizamos m\u00e1s de 4o mil millones de pesos de la econom\u00eda del pa\u00eds\u201d, da a conocer la colectiva feminista Las Brujas del Mar, de Veracruz.\u201d<\/p>\n\n\n\n<p class=\"wp-block-paragraph\">Este #9M, paramos: No nos quieren escuchar, produzcan sin nosotras\u201d, argumentan al invitar, a trav\u00e9s de Arussi Unda, vocera de la agrupaci\u00f3n veracruzana, Las Brujas del Mar, a que este mi\u00e9rcoles&nbsp;se sumen al paro del 9 de marzo #unDiaSinNosotras.<\/p>\n\n\n\n<p class=\"wp-block-paragraph\">\u200b \u201cEs como el del 2020 pero un poco m\u00e1s flexible y enfocado a lo econ\u00f3mico\u201d, pues estamos conscientes de lo que significa para las mujeres dejar de trabajar, indic\u00f3 en Radio f\u00f3rmula, con Ciro G\u00f3mez Leyva, esta ma\u00f1ana.<\/p>\n","protected":false},"excerpt":{"rendered":"<p>\u201cEn 2020 las mexicanas inundamos las calles un d\u00eda y desaparecimos al siguiente. Paralizando actividades, visibilizando el trabajo no remunerado, el empleo informal y los sectores donde somos indispensables\u2026\u00bb<\/p>\n","protected":false},"author":3,"featured_media":46573,"comment_status":"open","ping_status":"open","sticky":false,"template":"","format":"standard","meta":{"_monsterinsights_skip_tracking":false,"footnotes":""},"categories":[693,205],"tags":[],"class_list":["post-46569","post","type-post","status-publish","format-standard","has-post-thumbnail","category-693","category-8-de-marzo"],"_links":{"self":[{"href":"https:\/\/redsemlac.com\/semmexico\/wp-json\/wp\/v2\/posts\/46569","targetHints":{"allow":["GET"]}}],"collection":[{"href":"https:\/\/redsemlac.com\/semmexico\/wp-json\/wp\/v2\/posts"}],"about":[{"href":"https:\/\/redsemlac.com\/semmexico\/wp-json\/wp\/v2\/types\/post"}],"author":[{"embeddable":true,"href":"https:\/\/redsemlac.com\/semmexico\/wp-json\/wp\/v2\/users\/3"}],"replies":[{"embeddable":true,"href":"https:\/\/redsemlac.com\/semmexico\/wp-json\/wp\/v2\/comments?post=46569"}],"version-history":[{"count":0,"href":"https:\/\/redsemlac.com\/semmexico\/wp-json\/wp\/v2\/posts\/46569\/revisions"}],"wp:featuredmedia":[{"embeddable":true,"href":"https:\/\/redsemlac.com\/semmexico\/wp-json\/wp\/v2\/media\/46573"}],"wp:attachment":[{"href":"https:\/\/redsemlac.com\/semmexico\/wp-json\/wp\/v2\/media?parent=46569"}],"wp:term":[{"taxonomy":"category","embeddable":true,"href":"https:\/\/redsemlac.com\/semmexico\/wp-json\/wp\/v2\/categories?post=46569"},{"taxonomy":"post_tag","embeddable":true,"href":"https:\/\/redsemlac.com\/semmexico\/wp-json\/wp\/v2\/tags?post=46569"}],"curies":[{"name":"wp","href":"https:\/\/api.w.org\/{rel}","templated":true}]}}