{"id":46390,"date":"2022-02-28T10:58:18","date_gmt":"2022-02-28T16:58:18","guid":{"rendered":"https:\/\/redsemlac.com\/semmexico\/?p=46390"},"modified":"2023-07-21T19:00:10","modified_gmt":"2023-07-22T00:00:10","slug":"desobediencia-mientras-los-tigres-se-rascan-los-huevos-a-tarascadas","status":"publish","type":"post","link":"https:\/\/redsemlac.com\/semmexico\/desobediencia-mientras-los-tigres-se-rascan-los-huevos-a-tarascadas\/","title":{"rendered":"Desobediencia| Mientras los tigres se rascan los huevos a tarascadas\u2026"},"content":{"rendered":"\n<p class=\"wp-block-paragraph\"><strong>Olimpia Flores Ortiz<\/strong><\/p>\n\n\n\n<p class=\"wp-block-paragraph\">SemM\u00e9xico, Ciudad de M\u00e9xico, 28 de febrero, 2022.-<strong> A nadie nos gusta vivir bajo la sombra de la guerra<\/strong>, saber que en un lugar del mundo hay un conflicto en el que se pierden vidas humanas. Mucho menos en el tiempo globalizado y digital en el que nos enteramos de las tragedias en tiempo real.<\/p>\n\n\n\n<p class=\"wp-block-paragraph\"><strong><em>\u201cLa reproducci\u00f3n en masa favorece la reproducci\u00f3n de masas. En desfiles gigantes y festivos, monstruosas asambleas, masivas celebraciones deportivas y, en fin, en la guerra, reproducidas hoy todas juntamente para su proyecci\u00f3n y difusi\u00f3n, la masa se ve a s\u00ed misma cara a cara\u201d.<\/em><\/strong><strong> <\/strong>La obra de arte en la \u00c9poca de su reproductibilidad T\u00e9cnica. Walter Benjamin.<\/p>\n\n\n\n<p class=\"wp-block-paragraph\">Hemos atestiguado el preciso instante en que la guerra entre Rusia y Ucrania ha comenzado como espect\u00e1culo de pirotecnia.<\/p>\n\n\n\n<p class=\"wp-block-paragraph\">Lo que nos nace es clamar por la paz, pero despu\u00e9s de la Guerra Fr\u00eda, sabemos que la no guerra, no es la paz, sino s\u00f3lo el tenso interludio en el que todo el mundo literalmente vive entre dos potencias y su influencia regional, jugando a las fuercitas con su respectivo poder\u00edo militar y nuclear.<\/p>\n\n\n\n<p class=\"wp-block-paragraph\">El conflicto entre estos dos pa\u00edses es muy viejo y complicado. &nbsp;Viene de fines del siglo IX, (hablamos de la Edad Media) que un grupo de escandinavos, los Rus (pronunciado \u00abRoos\u00bb) estableci\u00f3 el control sobre las comunidades eslavas orientales en lo que ahora es el noroeste de Rusia, luego se traslad\u00f3 r\u00edo abajo por el r\u00edo Dni\u00e9per para fundar la ciudad de Kiev, que es ahora la capital de Ucrania en disputa. El coraz\u00f3n del estado de Rus era la actual Ucrania central; Mosc\u00fa se estableci\u00f3 en el siglo XII en lo que entonces era una extensa frontera nororiental.<\/p>\n\n\n\n<p class=\"wp-block-paragraph\"><strong>Asistimos b\u00e1sicamente a una disputa entre primos hermanos, por motivos \u00e9tnicos, religiosos y nacionalistas que adem\u00e1s comparten territorio.<\/strong><\/p>\n\n\n\n<figure class=\"wp-block-gallery has-nested-images columns-default is-cropped wp-block-gallery-1 is-layout-flex wp-block-gallery-is-layout-flex\">\n<figure class=\"wp-block-image size-large\"><a href=\"https:\/\/redsemlac.com\/semmexico\/wp-content\/uploads\/2022\/02\/desobediencia-2-1.png\"><img loading=\"lazy\" decoding=\"async\" width=\"202\" height=\"249\" data-id=\"46392\" src=\"https:\/\/redsemlac.com\/semmexico\/wp-content\/uploads\/2022\/02\/desobediencia-2-1.png\" alt=\"\" class=\"wp-image-46392\"\/><\/a><\/figure>\n\n\n\n<figure class=\"wp-block-image size-large\"><a href=\"https:\/\/redsemlac.com\/semmexico\/wp-content\/uploads\/2022\/02\/desobediencia-3.png\"><img loading=\"lazy\" decoding=\"async\" width=\"201\" height=\"251\" data-id=\"46393\" src=\"https:\/\/redsemlac.com\/semmexico\/wp-content\/uploads\/2022\/02\/desobediencia-3.png\" alt=\"\" class=\"wp-image-46393\"\/><\/a><\/figure>\n<\/figure>\n\n\n\n<h2 class=\"wp-block-heading\" id=\"mujer-rusa-y-mujer-ucraniana\"><strong>Mujer rusa y mujer ucraniana<\/strong><\/h2>\n\n\n\n<p class=\"wp-block-paragraph\">La derrota de la monarqu\u00eda rusa en 1917, no le trajo a Ucrania su independencia, el bolchevismo triunfante la anex\u00f3 a la Uni\u00f3n Sovi\u00e9tica.<\/p>\n\n\n\n<p class=\"wp-block-paragraph\">Rusia y Ucrania han compartido la suerte durante toda su historia y todav\u00eda se disputan hasta hoy el glorioso legado de la Rus medieval con motivos fundamentalmente religiosos renovados con la disoluci\u00f3n de la Uni\u00f3n Sovi\u00e9tica y ahora en el cisma de las dos iglesias cristianas ortodoxas una con cabeza en Mosc\u00fa y la otra con cabeza en Kiev y una minor\u00eda cat\u00f3lica no af\u00edn a Roma.<\/p>\n\n\n\n<p class=\"wp-block-paragraph\">Ucrania, en tanto pa\u00eds del oriente de Europa tiene una apetitosa ubicaci\u00f3n territorial que resulta estrat\u00e9gica tanto para la Uni\u00f3n Europea como para Rusia. La diversidad de estructuras geol\u00f3gicas lo hace uno de los pa\u00edses m\u00e1s ricos del mundo en recursos minerales, como gas y petr\u00f3leo, pero tambi\u00e9n tiene variedad de agua mineral y recursos de 57,4 millones de m3 de agua potable; es tambi\u00e9n un gran productor de cereales, granero de Europa.<\/p>\n\n\n\n<p class=\"wp-block-paragraph\">La Organizaci\u00f3n del Tratado del Atl\u00e1ntico Norte, <strong>la famosa OTAN representa un pacto de protecci\u00f3n mutua, pol\u00edtica y militar, entre sus pa\u00edses miembros.<\/strong> Y ah\u00ed radica el conflicto actual: Rusia est\u00e1 exigiendo que se le niegue la entrada a la organizaci\u00f3n a Ucrania, porque le representa el riesgo de ataques en una posici\u00f3n tan cercana a su frontera; mientras que Estados Unidos y la Uni\u00f3n Europea van de defensores de la soberan\u00eda de Ucrania, porque les interesa su territorio, por sus recursos minerales, por el abasto de granos, pero tambi\u00e9n por su ubicaci\u00f3n geogr\u00e1fica respecto de Rusia.<\/p>\n\n\n\n<p class=\"wp-block-paragraph\">&nbsp;Tener presente por favor, que el Tratado Antimisiles firmado en 1972, que establec\u00eda un equilibrio de mutua vulnerabilidad, fue roto por Bush hijo en 2002, abusando de su hegemon\u00eda unipolar despu\u00e9s del fin de la Guerra Fr\u00eda. <strong>En 2020, Estados Unidos instal\u00f3 bases de misiles antibal\u00edsticos en Polonia y Rumania, pa\u00edses integrantes de la OTAN.<\/strong><\/p>\n\n\n\n<p class=\"wp-block-paragraph\">Y no olvidemos que Ucrania sol\u00eda ser parte de la Uni\u00f3n Sovi\u00e9tica hasta hace unas tres d\u00e9cadas que esta se disolvi\u00f3 y se independiz\u00f3. Pero los lazos entre Rusia y Ucrania son muy fuertes y a\u00f1ejos. Por eso es un conflicto sin fin.&nbsp;<\/p>\n\n\n\n<p class=\"wp-block-paragraph\">En 2014, el pa\u00eds ya liderado por Vladimir Putin instig\u00f3 una rebeli\u00f3n separatista en el oriente ucraniano, que result\u00f3 en la anexi\u00f3n de la Pen\u00ednsula de Crimea a su territorio. Desde entonces, el deseo ucraniano por alinearse con Occidente se intensific\u00f3 y ha encontrado eco a la medida de Estados Unidos y las potencias europeas en apoyo del gobierno de Ucrania.<\/p>\n\n\n\n<p class=\"wp-block-paragraph\">Pero parece que no tanto para tragar fuego. Porque a esta hora del conflicto Ucrania se queja de soledad. Las potencias no quieren trasponer los umbrales de la diplomacia.<\/p>\n\n\n\n<p class=\"wp-block-paragraph\"><strong>Mientras los tigres se rascan los huevos a tarascadas<\/strong> y lejos de la moralidad maniquea, se dirime este conflicto, el mundo esperando que unos y otros hagan bien sus c\u00e1lculos y sus alianzas. Es una guerra de intereses geoestrat\u00e9gicos en la que no hay buenos ni malos. Pero s\u00ed mucha propaganda. Y una realineaci\u00f3n del orden mundial, en la que el tigre asi\u00e1tico est\u00e1 al acecho.<\/p>\n\n\n\n<p class=\"wp-block-paragraph\"><strong>Colof\u00f3n feminista: <\/strong>La afirmaci\u00f3n de que las guerras son cosa de hombres, y que ellos son quienes las inician, es una falacia que deja inferir que las mujeres somos pac\u00edficas por naturaleza, lo cual en ning\u00fan sentido es cierto, porque la violencia patriarcal nos atraviesa a todas, todos y todes. Adem\u00e1s, se desmiente hist\u00f3ricamente por las mujeres del poder y su posici\u00f3n frente a la Guerra: Thatcher, Merkel, Clinton, Rice, por citar s\u00f3lo algunas gobernantes de Estados recientes.<\/p>\n\n\n\n<p class=\"wp-block-paragraph\"><strong>Facebook: <\/strong><a href=\"https:\/\/www.facebook.com\/OlimpiaFloresMirabilia\" target=\"_blank\" rel=\"noreferrer noopener\"><strong>Olimpia Flores Mirabilia<\/strong><\/a><\/p>\n\n\n\n<p class=\"wp-block-paragraph\"><strong>Twitter: <\/strong><a href=\"https:\/\/twitter.com\/euphrasina\" target=\"_blank\" rel=\"noreferrer noopener\"><strong>@euphrasina<\/strong><\/a><strong> (amor por la elocuencia)<\/strong><\/p>\n\n\n\n<p class=\"wp-block-paragraph\"><strong>TikTok: <\/strong><a href=\"https:\/\/www.tiktok.com\/@gentopia_mx?lang=es\" target=\"_blank\" rel=\"noreferrer noopener\"><strong>Gentopia_mx<\/strong><\/a><strong> (La t\u00eda de les muchaches)<\/strong><\/p>\n\n\n\n<p class=\"wp-block-paragraph\"><strong>LinkedIn: <\/strong><a href=\"http:\/\/linkedin.com\/in\/olimpia-flores-ortiz-6820911a2\/\" target=\"_blank\" rel=\"noreferrer noopener\"><strong>Olimpia Flores Ortiz<\/strong><\/a><\/p>\n","protected":false},"excerpt":{"rendered":"<p>Hemos atestiguado el preciso instante en que la guerra entre Rusia y Ucrania ha comenzado como espect\u00e1culo de pirotecnia.<\/p>\n","protected":false},"author":3,"featured_media":41746,"comment_status":"open","ping_status":"open","sticky":false,"template":"","format":"standard","meta":{"_monsterinsights_skip_tracking":false,"footnotes":""},"categories":[693,133,134,35],"tags":[459],"class_list":["post-46390","post","type-post","status-publish","format-standard","has-post-thumbnail","category-693","category-desobediencia","category-olimpia-flores-ortiz","category-opinion","tag-opinion"],"_links":{"self":[{"href":"https:\/\/redsemlac.com\/semmexico\/wp-json\/wp\/v2\/posts\/46390","targetHints":{"allow":["GET"]}}],"collection":[{"href":"https:\/\/redsemlac.com\/semmexico\/wp-json\/wp\/v2\/posts"}],"about":[{"href":"https:\/\/redsemlac.com\/semmexico\/wp-json\/wp\/v2\/types\/post"}],"author":[{"embeddable":true,"href":"https:\/\/redsemlac.com\/semmexico\/wp-json\/wp\/v2\/users\/3"}],"replies":[{"embeddable":true,"href":"https:\/\/redsemlac.com\/semmexico\/wp-json\/wp\/v2\/comments?post=46390"}],"version-history":[{"count":0,"href":"https:\/\/redsemlac.com\/semmexico\/wp-json\/wp\/v2\/posts\/46390\/revisions"}],"wp:featuredmedia":[{"embeddable":true,"href":"https:\/\/redsemlac.com\/semmexico\/wp-json\/wp\/v2\/media\/41746"}],"wp:attachment":[{"href":"https:\/\/redsemlac.com\/semmexico\/wp-json\/wp\/v2\/media?parent=46390"}],"wp:term":[{"taxonomy":"category","embeddable":true,"href":"https:\/\/redsemlac.com\/semmexico\/wp-json\/wp\/v2\/categories?post=46390"},{"taxonomy":"post_tag","embeddable":true,"href":"https:\/\/redsemlac.com\/semmexico\/wp-json\/wp\/v2\/tags?post=46390"}],"curies":[{"name":"wp","href":"https:\/\/api.w.org\/{rel}","templated":true}]}}