{"id":46361,"date":"2022-02-27T12:10:52","date_gmt":"2022-02-27T18:10:52","guid":{"rendered":"https:\/\/redsemlac.com\/semmexico\/?p=46361"},"modified":"2023-07-21T19:00:11","modified_gmt":"2023-07-22T00:00:11","slug":"botella-al-mar-abran-los-ojos","status":"publish","type":"post","link":"https:\/\/redsemlac.com\/semmexico\/botella-al-mar-abran-los-ojos\/","title":{"rendered":"Botella al Mar| \u00a1Abran los ojos!"},"content":{"rendered":"\n<p class=\"wp-block-paragraph\">Martha Canseco Gonz\u00e1lez.<\/p>\n\n\n\n<p class=\"wp-block-paragraph\">SemM\u00e9xico, Pachuca, Hidalgo, 27 de febrero, 2022.-A finales de los a\u00f1os setentas, tuve la oportunidad de hacer un viaje de estudios, de poco m\u00e1s de un mes, a la entonces Uni\u00f3n de Rep\u00fablicas Sovi\u00e9ticas Socialistas, incluida Ucrania. Quer\u00eda saber si era cierto que bajo el r\u00e9gimen comunista separaban a ni\u00f1as y ni\u00f1os de sus padres para luego devorarlos, que todas y todos eran muy pobres, que la gente no ten\u00eda la oportunidad de decidir, viv\u00edan totalmente oprimidos y que caminaban por las calles cabizbajos y meditabundos.<\/p>\n\n\n\n<p class=\"wp-block-paragraph\">En suma, quer\u00eda saber si todo lo que se dec\u00eda en occidente sobre ese enorme pa\u00eds era verdad, tambi\u00e9n quer\u00eda comprobar el rumor de que si llevaba muchos chicles para venderlos me har\u00eda rica porque las y los sovi\u00e9ticos de todas las edades sent\u00edan cierta locura por las golosinas occidentales, locura que, me dijeron, tambi\u00e9n ten\u00edan por los pantalones de mezclilla, \u00a1l\u00e1stima que nada m\u00e1s llevaba uno!<\/p>\n\n\n\n<p class=\"wp-block-paragraph\">Nada era cierto. Comprob\u00e9 que era un pa\u00eds como cualquier otro, incluso como el m\u00edo, con algunas diferencias. Por ejemplo, com\u00ed y prob\u00e9 algunas cosas que como estudiante en M\u00e9xico nunca habr\u00eda tenido los fondos suficientes para hacerlo. Com\u00ed caviar y beb\u00ed champa\u00f1a rusa (vino espumoso para que no se enojen los franceses), me sorprendi\u00f3 que se vendiera cerveza en las calles contenida en pipas muy similares a las que transportan agua ac\u00e1 en nuestro pa\u00eds.<\/p>\n\n\n\n<p class=\"wp-block-paragraph\">Fui muchas veces a ver al ballet Bolshoi, porque para m\u00ed era gratis como estudiante extranjera, visit\u00e9 palacios, las impresionantes estaciones del metro, los grandes almacenes donde parec\u00eda que regalaban, compart\u00ed con estudiantes, obreros, funcionarios del partido comunista, mujeres, ni\u00f1as y ni\u00f1os, porque en cada lugar que visit\u00e1bamos organizaban estos encuentros.<\/p>\n\n\n\n<p class=\"wp-block-paragraph\">El mont\u00f3n de chicles que llev\u00e9, los repart\u00ed entre un grupo de polacas y polacos a cambio de vodka, pedazos de un gigantesco salchich\u00f3n y hogazas de pan igual de grandes. Todo eso circul\u00f3 entre personas polacas y mexicanas que abarrotamos d\u00eda con d\u00eda una peque\u00f1a habitaci\u00f3n en los dormitorios de la entonces universidad Patricio Lumumba.<\/p>\n\n\n\n<p class=\"wp-block-paragraph\">La an\u00e9cdota viene a colaci\u00f3n por toda la informaci\u00f3n que nos llega sobre lo que est\u00e1 ocurriendo en Ucrania. Queridas, queridos, tienen que ser m\u00e1s selectivos e identificar s\u00ed las notas y opiniones que est\u00e1n leyendo son de medios y personas pro occidentales, pro rusos, pro gobierno ucraniano, pro milicias, pro oligarcas, pro grupos de ultraderecha y no quedarse s\u00f3lo con una informaci\u00f3n, en Facebook se est\u00e1n organizando acad\u00e9micos especializados en el tema y alumnos para equilibrar la informaci\u00f3n.<\/p>\n\n\n\n<p class=\"wp-block-paragraph\">No meto las manos al fuego por Putin, por la OTAN, por Biden, por el gobierno de Ucrania, por los vecinos de Ucrania, por los grupos pronazis, por ning\u00fan otro pa\u00eds occidental y mucho menos por los oligarcas rusos o norteamericanos.<\/p>\n\n\n\n<p class=\"wp-block-paragraph\">Meto las manos al fuego por las mujeres, ni\u00f1as, ni\u00f1os, ancianas, ancianos, por la poblaci\u00f3n m\u00e1s vulnerable y desprotegida de Ucrania que se encuentra en medio de todos estos intereses y que tiene a\u00f1os soportando muerte, destrucci\u00f3n, hambre y zozobra.<\/p>\n\n\n\n<p class=\"wp-block-paragraph\">Y lo peor es que, no tengo ni la menor idea de c\u00f3mo apoyarlos. No conf\u00edo en ninguna de las partes involucradas, ni en organizaciones civiles que se est\u00e1n dedicando a pedir dinero para Ucrania, pero que nada nos puede garantizar que realmente el apoyo les llegar\u00e1 a quienes necesiten la ayuda, diario me llegan a mi correo electr\u00f3nico solicitudes de donaci\u00f3n.<\/p>\n\n\n\n<p class=\"wp-block-paragraph\">Ah\u00ed tienen el caso M\u00e9xico luego del terremoto de septiembre del 2017, gobiernos, personas en lo particular, cantantes, actores que ofrecieron su apoyo y que la mayor\u00eda de ese dinero fue a parar a los bolsillos de los funcionarios corruptos del pe\u00f1anetismo, es decir casi todos.<\/p>\n\n\n\n<p class=\"wp-block-paragraph\">S\u00ed ahora todo es negocio, cochupo, inter\u00e9s gracias al neoliberalismo, ya no hay en quien confiar. Tampoco sirven las cadenas de WhatsApp que lo que buscan es hacerse de tus datos.<\/p>\n\n\n\n<p class=\"wp-block-paragraph\">Lo que urge es la paz.<\/p>\n\n\n\n<p class=\"wp-block-paragraph\">Aqu\u00ed lo que dijo Mar\u00eda Montessori<\/p>\n\n\n\n<p class=\"wp-block-paragraph\">\u201cTodo el mundo habla de paz, pero nadie educa para la paz, la gente educa para la competencia y ese es el principio de cualquier guerra. Cuando eduquemos para cooperar y ser solidarios unos con otros, ese d\u00eda estaremos educando para la paz\u201d<\/p>\n\n\n\n<p class=\"wp-block-paragraph\">botellalmar2017@gmail.com<\/p>\n","protected":false},"excerpt":{"rendered":"<p>A finales de los a\u00f1os setentas, tuve la oportunidad de hacer un viaje de estudios, a la entonces Uni\u00f3n de Rep\u00fablicas Sovi\u00e9ticas Socialistas, incluida Ucrania, comprob\u00e9 que era un pa\u00eds como cualquier otro.<\/p>\n","protected":false},"author":3,"featured_media":38582,"comment_status":"open","ping_status":"open","sticky":false,"template":"","format":"standard","meta":{"_monsterinsights_skip_tracking":false,"footnotes":""},"categories":[693,98,84,35],"tags":[],"class_list":["post-46361","post","type-post","status-publish","format-standard","has-post-thumbnail","category-693","category-botella-al-mar","category-martha-canseco","category-opinion"],"_links":{"self":[{"href":"https:\/\/redsemlac.com\/semmexico\/wp-json\/wp\/v2\/posts\/46361","targetHints":{"allow":["GET"]}}],"collection":[{"href":"https:\/\/redsemlac.com\/semmexico\/wp-json\/wp\/v2\/posts"}],"about":[{"href":"https:\/\/redsemlac.com\/semmexico\/wp-json\/wp\/v2\/types\/post"}],"author":[{"embeddable":true,"href":"https:\/\/redsemlac.com\/semmexico\/wp-json\/wp\/v2\/users\/3"}],"replies":[{"embeddable":true,"href":"https:\/\/redsemlac.com\/semmexico\/wp-json\/wp\/v2\/comments?post=46361"}],"version-history":[{"count":0,"href":"https:\/\/redsemlac.com\/semmexico\/wp-json\/wp\/v2\/posts\/46361\/revisions"}],"wp:featuredmedia":[{"embeddable":true,"href":"https:\/\/redsemlac.com\/semmexico\/wp-json\/wp\/v2\/media\/38582"}],"wp:attachment":[{"href":"https:\/\/redsemlac.com\/semmexico\/wp-json\/wp\/v2\/media?parent=46361"}],"wp:term":[{"taxonomy":"category","embeddable":true,"href":"https:\/\/redsemlac.com\/semmexico\/wp-json\/wp\/v2\/categories?post=46361"},{"taxonomy":"post_tag","embeddable":true,"href":"https:\/\/redsemlac.com\/semmexico\/wp-json\/wp\/v2\/tags?post=46361"}],"curies":[{"name":"wp","href":"https:\/\/api.w.org\/{rel}","templated":true}]}}