{"id":46356,"date":"2022-02-27T11:43:37","date_gmt":"2022-02-27T17:43:37","guid":{"rendered":"https:\/\/redsemlac.com\/semmexico\/?p=46356"},"modified":"2023-07-21T19:00:11","modified_gmt":"2023-07-22T00:00:11","slug":"diputada-evangelina-bustamante-moreno-coordinara-la-bancada-de-genero-del-congreso-de-colima","status":"publish","type":"post","link":"https:\/\/redsemlac.com\/semmexico\/diputada-evangelina-bustamante-moreno-coordinara-la-bancada-de-genero-del-congreso-de-colima\/","title":{"rendered":"<strong>Diputada Evangelina Bustamante Moreno coordinar\u00e1 la Bancada de G\u00e9nero del Congreso de Colima<\/strong>"},"content":{"rendered":"\n<p class=\"wp-block-paragraph\"><strong>Se instalar\u00e1 el pr\u00f3ximo 8 de marzo, \u201cD\u00eda Internacional de la Mujer \u201c<\/strong><\/p>\n\n\n\n<p class=\"wp-block-paragraph\">Micaela M\u00e1rquez<\/p>\n\n\n\n<p class=\"wp-block-paragraph\">SemM\u00e9xico, Cd. de M\u00e9xico, 27 de febrero 2022.- Las 13 diputadas de la LX Legislatura del Congreso del Estado de Colima conformaron la Bancada de G\u00e9nero cuya instalaci\u00f3n formal ser\u00e1 el pr\u00f3ximo 8 de marzo, \u201cD\u00eda Internacional de la Mujer\u201d y ser\u00e1 presidida por la diputada del Partido del Trabajo, Evangelina Bustamante Moreno.&nbsp;<\/p>\n\n\n\n<p class=\"wp-block-paragraph\">La diputada quien present\u00f3 el punto de acuerdo que fue aprobado el pasado 24 de febrero de manera un\u00e1nime y apoyada por colectivos feministas, ser\u00e1 la coordinadora de la bancada, de lo cual dieron cuenta medios locales. Destac\u00f3 que la perspectiva de g\u00e9nero es una visi\u00f3n que debe estar en todas las actividades que se desarrollen en la vida p\u00fablica\u201d.<\/p>\n\n\n\n<p class=\"wp-block-paragraph\">La agenda primaria de la bancada ser\u00e1: Electoral, construcci\u00f3n de presupuestos con perspectiva de g\u00e9nero; ausencia de funcionarios por maternidad; institucionalizaci\u00f3n de la perspectiva de g\u00e9nero en la administraci\u00f3n p\u00fablica; igualdad salarial; impartici\u00f3n de justicia, y respeto a los derechos humanos de nuestras ni\u00f1as, adolescentes y mujeres, as\u00ed como personas trans.<\/p>\n\n\n\n<p class=\"wp-block-paragraph\">En su cuenta de Facebook, la diputada se\u00f1alo: \u201cSomos una sociedad plural, pero la pluralidad nunca debe ser un obst\u00e1culo para trabajar en favor de Colima\u201d.<\/p>\n\n\n\n<p class=\"wp-block-paragraph\">Tambi\u00e9n expreso que la Bancada de G\u00e9nero tiene como finalidad lograr la Igualdad sustantiva como parte de los Derechos Humanos de las mujeres anteponi\u00e9ndose esta visi\u00f3n unificadora a las ideolog\u00edas pol\u00edticas.<\/p>\n\n\n\n<p class=\"wp-block-paragraph\">Record\u00f3 que desde el 2014 en que se incorpor\u00f3 la paridad de g\u00e9nero a nivel institucional se ha impregnado una nueva visi\u00f3n en la construcci\u00f3n de la agenda pol\u00edtica desde los congresos locales, cabe recordar que, de las 17 Comisiones del Congreso, 13 est\u00e1n representadas por mujeres y 12 por hombres.<\/p>\n\n\n\n<p class=\"wp-block-paragraph\">\u201cYa no somos un peque\u00f1o porcentaje de representaci\u00f3n en espacios p\u00fablicos en Colima, por segunda ocasi\u00f3n somos mayor\u00eda de mujeres quienes integramos la legislatura local y somos conscientes de la lucha hist\u00f3rica que varias generaciones y organismos de la sociedad civil han enfrentado para ver cristalizados momentos emblem\u00e1ticos como los que vivimos hoy en d\u00eda con el 52 por ciento de mujeres ocupando estas curules, un 60 por ciento encabezando las presidencias municipales, adem\u00e1s que la titularidad del Ejecutivo por segunda vez se encuentra a cargo de una mujer\u201d.<\/p>\n","protected":false},"excerpt":{"rendered":"<p>Las 13 diputadas de la LX Legislatura del Congreso del Estado de Colima conformaron la Bancada de G\u00e9nero cuya instalaci\u00f3n formal ser\u00e1 el pr\u00f3ximo 8 de marzo.<\/p>\n","protected":false},"author":3,"featured_media":46357,"comment_status":"open","ping_status":"open","sticky":false,"template":"","format":"standard","meta":{"_monsterinsights_skip_tracking":false,"footnotes":""},"categories":[693,50],"tags":[],"class_list":["post-46356","post","type-post","status-publish","format-standard","has-post-thumbnail","category-693","category-congreso"],"_links":{"self":[{"href":"https:\/\/redsemlac.com\/semmexico\/wp-json\/wp\/v2\/posts\/46356","targetHints":{"allow":["GET"]}}],"collection":[{"href":"https:\/\/redsemlac.com\/semmexico\/wp-json\/wp\/v2\/posts"}],"about":[{"href":"https:\/\/redsemlac.com\/semmexico\/wp-json\/wp\/v2\/types\/post"}],"author":[{"embeddable":true,"href":"https:\/\/redsemlac.com\/semmexico\/wp-json\/wp\/v2\/users\/3"}],"replies":[{"embeddable":true,"href":"https:\/\/redsemlac.com\/semmexico\/wp-json\/wp\/v2\/comments?post=46356"}],"version-history":[{"count":0,"href":"https:\/\/redsemlac.com\/semmexico\/wp-json\/wp\/v2\/posts\/46356\/revisions"}],"wp:featuredmedia":[{"embeddable":true,"href":"https:\/\/redsemlac.com\/semmexico\/wp-json\/wp\/v2\/media\/46357"}],"wp:attachment":[{"href":"https:\/\/redsemlac.com\/semmexico\/wp-json\/wp\/v2\/media?parent=46356"}],"wp:term":[{"taxonomy":"category","embeddable":true,"href":"https:\/\/redsemlac.com\/semmexico\/wp-json\/wp\/v2\/categories?post=46356"},{"taxonomy":"post_tag","embeddable":true,"href":"https:\/\/redsemlac.com\/semmexico\/wp-json\/wp\/v2\/tags?post=46356"}],"curies":[{"name":"wp","href":"https:\/\/api.w.org\/{rel}","templated":true}]}}