{"id":46094,"date":"2022-02-21T15:37:13","date_gmt":"2022-02-21T21:37:13","guid":{"rendered":"https:\/\/redsemlac.com\/semmexico\/?p=46094"},"modified":"2023-07-21T18:59:41","modified_gmt":"2023-07-21T23:59:41","slug":"firmaran-un-pacto-nacional-por-una-justicia-abierta-y-con-perspectiva-de-genero","status":"publish","type":"post","link":"https:\/\/redsemlac.com\/semmexico\/firmaran-un-pacto-nacional-por-una-justicia-abierta-y-con-perspectiva-de-genero\/","title":{"rendered":"Firmar\u00e1n un Pacto Nacional por una justicia abierta y con perspectiva de g\u00e9nero"},"content":{"rendered":"\n<ul class=\"wp-block-list\"><li><strong>La iniciativa ciudadana ser\u00e1 avalada por Procuradur\u00edas y Fiscal\u00edas, organizaciones feministas e instituciones acad\u00e9micas y el INAI<\/strong><\/li><\/ul>\n\n\n\n<ul class=\"wp-block-list\"><li><strong>Busca impulsar un nuevo modelo de justicia y es impulsada por <\/strong><strong>EQUIS Justicia para las Mujeres<\/strong><\/li><\/ul>\n\n\n\n<p class=\"wp-block-paragraph\"><strong>Elda Montiel<\/strong><\/p>\n\n\n\n<p class=\"wp-block-paragraph\">SemM\u00e9xico, Cd. de M\u00e9xico, 21 de febrero 2022.- Por una justicia abierta con perspectiva de g\u00e9nero que garantice el derecho a la informaci\u00f3n y el acceso a la justicia es lo que busca el Pacto Nacional que se firmar\u00e1n ma\u00f1ana martes con representantes de los Poderes Judiciales de nueve estados del pa\u00eds encabezados por la Comisi\u00f3n Nacional de Tribunales Superiores de Justicia del pa\u00eds.<\/p>\n\n\n\n<p class=\"wp-block-paragraph\">La iniciativa ciudadana busca impulsar un nuevo modelo de justicia junto con las procuradur\u00edas del pa\u00eds impulsada por EQUIS Justicia para las Mujeres, organizaciones feministas, ind\u00edgenas y de derechos humanos, as\u00ed como de instituciones como el INAI, acad\u00e9micas y de gobierno para que M\u00e9xico deje de estar entre los diez pa\u00edses peor evaluados en materia de impunidad y justicia de Am\u00e9rica Latina de acuerdo al \u00cdndice Global de Impunidad 2020.<\/p>\n\n\n\n<p class=\"wp-block-paragraph\">De acuerdo a las cifras oficiales 10 mujeres al d\u00eda han sido privadas de la vida, solo el cinco por ciento de las mujeres v\u00edctimas de violencia denuncian. De acuerdo a la informaci\u00f3n proporcionada por SESNSP-CNI, las procuradur\u00edas y fiscal\u00edas de las 32 entidades federativas, de enero a octubre del 2020 se han cometido 777 delitos de feminicidio en M\u00e9xico. Se registran dos mil 384 presuntas v\u00edctimas mujeres de homicidio doloso.<\/p>\n\n\n\n<p class=\"wp-block-paragraph\">En 2019, Equis Justicia para las Mujeres public\u00f3 el informe (In)Justicia Abierta: Ranking de opacidad judicial en M\u00e9xico, evidenciando que todos los poderes judiciales locales estaban reprobados en justicia abierta, pues no cumpl\u00edan con sus obligaciones en materia de transparencia.<\/p>\n\n\n\n<p class=\"wp-block-paragraph\">Tan s\u00f3lo uno de 32 poderes judiciales del pa\u00eds hab\u00eda publicado todas sus resoluciones, y en 18 entidades federativas el poder judicial local no reconoc\u00eda su obligaci\u00f3n de publicar esta informaci\u00f3n, ni hab\u00edan registrado el n\u00famero de sentencias que hab\u00edan emitido.<\/p>\n\n\n\n<p class=\"wp-block-paragraph\">Por supuesto, no contaban con la informaci\u00f3n desagregada por g\u00e9nero, etnia, e identidad de las personas. Recordemos que la generaci\u00f3n de informaci\u00f3n judicial es uno de los pilares de la justicia abierta.<\/p>\n\n\n\n<h2 class=\"wp-block-heading\" id=\"en-pandemia-los-poderes-judiciales-fallaron-a-las-mujeres\"><strong>En pandemia, los poderes judiciales fallaron a las mujeres<\/strong><\/h2>\n\n\n\n<p class=\"wp-block-paragraph\">En el contexto de la pandemia sanitaria, los poderes judiciales fallaron de nuevo a las mujeres. Los tribunales suspendieron o redujeron su labor en un momento en el que las situaciones de violencia dom\u00e9stica, sexual y virtual se incrementaron por el aislamiento social y por la crisis econ\u00f3mica.<\/p>\n\n\n\n<p class=\"wp-block-paragraph\">El informe (Des)protecci\u00f3n judicial en tiempos de COVID-19 se\u00f1ala que la mayor\u00eda de los poderes judiciales no contemplaron como importante o urgente el funcionamiento de los diferentes mecanismos de protecci\u00f3n dirigidos a mujeres, tales como las \u00f3rdenes de protecci\u00f3n que se pueden dictar con o sin proceso por las autoridades jurisdiccionales.<\/p>\n\n\n\n<p class=\"wp-block-paragraph\">La inseguridad, las formas de violencia, opacidad, impunidad y crisis pand\u00e9mica son factores que se interrelacionan aumentando el riesgo de mujeres y ni\u00f1as, como sucede en casos de otras crisis o emergencias.<\/p>\n\n\n\n<p class=\"wp-block-paragraph\">En M\u00e9xico, de acuerdo con el INEGI, al menos seis de cada 10 mujeres ha enfrentado un incidente de violencia; siendo los principales delitos cometidos en contra de las mujeres los relacionados con violencia sexual. La mayor\u00eda de los delitos generales no se denuncian: se estima que la \u201ccifra negra\u201d es del 92 por ciento, es decir, \u00fanicamente 1 de cada 10 delitos se denuncian. En el caso de las mujeres mexicanas v\u00edctimas de alg\u00fan tipo de violencia, s\u00f3lo el cinco por ciento denuncian.<\/p>\n\n\n\n<p class=\"wp-block-paragraph\">El Pacto Nacional por una Justicia Abierta con Perspectiva de G\u00e9nero supone el desarrollo de un proceso en 5 pasos en dos a\u00f1os con siete estrategias con 20 acciones. Inicia con la firma del Pacto; el diagnostico que ser\u00e1 publicado en marzo del 2022; implementaci\u00f3n del pacto con dos informes de avances; entrega del Informe Final y difusi\u00f3n de avances en septiembre de 2023, y finalmente el Foro y Reconocimiento en noviembre de 2023.&nbsp;<\/p>\n\n\n\n<p class=\"wp-block-paragraph\">El Pacto reconoce necesidades y derechos que no se cumplen; interpreta el derecho para que las personas tengan acceso efectivo a la justicia; reconoce las asimetr\u00edas de poder y las desigualdades que limitan el acceso a la justicia y al pleno goce de los derechos; implica participaci\u00f3n, transparencia y colaboraci\u00f3n entre actores sociales y estatales, y establece una relaci\u00f3n de doble v\u00eda entre ciudadan\u00eda y estado.&nbsp; &nbsp;&nbsp;<\/p>\n\n\n\n<h2 class=\"wp-block-heading\" id=\"hallazgos\"><strong>Hallazgos<\/strong><\/h2>\n\n\n\n<p class=\"wp-block-paragraph\">El Pacto considera como un reto y al mismo tiempo oportunidad para los poderes judiciales, transformar las instituciones de impartici\u00f3n de justicia y transitar a una justicia abierta que contribuya a una justicia en igualdad y sin discriminaci\u00f3n.<\/p>\n\n\n\n<p class=\"wp-block-paragraph\">Es com\u00fan encontrar sentencias judiciales que no protegen, que discriminan; que, en lugar de garantizar derechos, toleran la violencia, especialmente contra las mujeres. Son herramientas judiciales que alimentan este contexto de impunidad, reforzando la discriminaci\u00f3n y la violencia.<\/p>\n\n\n\n<p class=\"wp-block-paragraph\">De acuerdo a la Red por la Ciudadanizaci\u00f3n de la Justicia, con la auditor\u00eda ciudadana a los poderes judiciales de M\u00e9xico \u201cNo es Justicia\u201d, se analiz\u00f3 110 sentencias que evidenci\u00f3 que todos los poderes judiciales estudiados ten\u00edan una evaluaci\u00f3n de 5.85 (en una escala del 1 al 10) de acuerdo con los elementos de an\u00e1lisis.&nbsp;<\/p>\n\n\n\n<p class=\"wp-block-paragraph\">Entre los principales hallazgos se encuentra que el 85 por ciento de las sentencias y\/o resoluciones no consideraron c\u00f3mo influyeron los estereotipos de g\u00e9nero o las caracter\u00edsticas de identidad de las personas involucradas en el caso.<\/p>\n\n\n\n<p class=\"wp-block-paragraph\">En el 69 por ciento de los casos, las personas juzgadoras omitieron analizar las situaciones de riesgo para las mujeres, y no dictaron \u00f3rdenes de protecci\u00f3n.<\/p>\n\n\n\n<p class=\"wp-block-paragraph\">En el 86 por ciento de las resoluciones no se dictaron medidas de reparaci\u00f3n y no se emitieron medidas de seguimiento en las sentencias.<\/p>\n\n\n\n<h2 class=\"wp-block-heading\" id=\"recomendaciones-de-la-cedaw\"><strong>Recomendaciones de la CEDAW<\/strong><\/h2>\n\n\n\n<p class=\"wp-block-paragraph\">Tambi\u00e9n el Pacto considero los compromisos de M\u00e9xico con el Comit\u00e9 para la Eliminaci\u00f3n de la Discriminaci\u00f3n contra la Mujer (Comit\u00e9 de la CEDAW), de acuerdo a las recomendaciones de garantizar el acceso a la justicia para todas las mujeres en condiciones de igualdad, sin discriminaci\u00f3n y procurando la transparencia en las sentencias.<\/p>\n\n\n\n<p class=\"wp-block-paragraph\">Se precisa en el documento del Pacto: \u201ccon transparencia y efectivo acceso a la informaci\u00f3n p\u00fablica podemos monitorear las acciones que el Estado implementa para promover la igualdad sustantiva y parar erradicar la violencia y cualquier forma de discriminaci\u00f3n de g\u00e9nero\u201d.<\/p>\n\n\n\n<p class=\"wp-block-paragraph\">&nbsp;\u201cLos poderes judiciales, como entidades p\u00fablicas, deben estar abiertos al escrutinio p\u00fablico, a la rendici\u00f3n de cuentas y al ejercicio transparente de recursos. Actualmente, la mayor\u00eda de las sentencias no se publican y la poca informaci\u00f3n que se emite desde los poderes judiciales locales no responde a principios de accesibilidad e inclusi\u00f3n\u201d.<\/p>\n\n\n\n<p class=\"wp-block-paragraph\">SEM\/em\/sj<\/p>\n","protected":false},"excerpt":{"rendered":"<p>Busca impulsar un nuevo modelo de justicia y es impulsada por EQUIS Justicia para las Mujeres<\/p>\n","protected":false},"author":3,"featured_media":46095,"comment_status":"open","ping_status":"open","sticky":false,"template":"","format":"standard","meta":{"_monsterinsights_skip_tracking":false,"footnotes":""},"categories":[693,54],"tags":[149],"class_list":["post-46094","post","type-post","status-publish","format-standard","has-post-thumbnail","category-693","category-mujeres","tag-mujeres"],"_links":{"self":[{"href":"https:\/\/redsemlac.com\/semmexico\/wp-json\/wp\/v2\/posts\/46094","targetHints":{"allow":["GET"]}}],"collection":[{"href":"https:\/\/redsemlac.com\/semmexico\/wp-json\/wp\/v2\/posts"}],"about":[{"href":"https:\/\/redsemlac.com\/semmexico\/wp-json\/wp\/v2\/types\/post"}],"author":[{"embeddable":true,"href":"https:\/\/redsemlac.com\/semmexico\/wp-json\/wp\/v2\/users\/3"}],"replies":[{"embeddable":true,"href":"https:\/\/redsemlac.com\/semmexico\/wp-json\/wp\/v2\/comments?post=46094"}],"version-history":[{"count":0,"href":"https:\/\/redsemlac.com\/semmexico\/wp-json\/wp\/v2\/posts\/46094\/revisions"}],"wp:featuredmedia":[{"embeddable":true,"href":"https:\/\/redsemlac.com\/semmexico\/wp-json\/wp\/v2\/media\/46095"}],"wp:attachment":[{"href":"https:\/\/redsemlac.com\/semmexico\/wp-json\/wp\/v2\/media?parent=46094"}],"wp:term":[{"taxonomy":"category","embeddable":true,"href":"https:\/\/redsemlac.com\/semmexico\/wp-json\/wp\/v2\/categories?post=46094"},{"taxonomy":"post_tag","embeddable":true,"href":"https:\/\/redsemlac.com\/semmexico\/wp-json\/wp\/v2\/tags?post=46094"}],"curies":[{"name":"wp","href":"https:\/\/api.w.org\/{rel}","templated":true}]}}