{"id":46056,"date":"2022-02-21T13:59:18","date_gmt":"2022-02-21T19:59:18","guid":{"rendered":"https:\/\/redsemlac.com\/semmexico\/?p=46056"},"modified":"2023-07-21T18:59:42","modified_gmt":"2023-07-21T23:59:42","slug":"visibilizan-la-lucha-de-las-mujeres-en-teatros-de-la-cdmx","status":"publish","type":"post","link":"https:\/\/redsemlac.com\/semmexico\/visibilizan-la-lucha-de-las-mujeres-en-teatros-de-la-cdmx\/","title":{"rendered":"Visibilizan la lucha de las mujeres en teatros de la CDMX"},"content":{"rendered":"\n<ul class=\"wp-block-list\"><li><strong>La programaci\u00f3n del Ciclo incluye espect\u00e1culos de teatro, danza, m\u00fasica, cabaret y otras disciplinas<\/strong><\/li><\/ul>\n\n\n\n<ul class=\"wp-block-list\"><li><strong>Los teatros son: Esperanza Iris, Benito Ju\u00e1rez, Sergio Maga\u00f1a, el Foro A Poco No y el Teatro del Pueblo<\/strong><\/li><\/ul>\n\n\n\n<p class=\"wp-block-paragraph\"><strong>Redacci\u00f3n<\/strong><\/p>\n\n\n\n<p class=\"wp-block-paragraph\">SemM\u00e9xico, Cd. de M\u00e9xico, 21 de febrero, 2022.- Previo al 8 de marzo, D\u00eda Internacional de la Mujer, la&nbsp;Direcci\u00f3n del Sistema de Teatros de la Ciudad de M\u00e9xico&nbsp;recibir\u00e1 el ciclo de artes esc\u00e9nicas,&nbsp;Nosotras Somos Memoria,&nbsp;que llevar\u00e1 22 proyectos art\u00edsticos a sus cinco sedes.<\/p>\n\n\n\n<p class=\"wp-block-paragraph\">Durante la presentaci\u00f3n la secretaria de Cultura capitalina,&nbsp;Claudia Curiel de Icaza, expres\u00f3 que se presenta un nutrido ciclo de mujeres donde no hubo una l\u00ednea curatorial, sino que ellas propusieron con toda libertad y eso es fundamental en esta gesti\u00f3n, en una ciudad de derechos.<\/p>\n\n\n\n<p class=\"wp-block-paragraph\">Habl\u00f3 de la importancia de visibilizar el trabajo de las mujeres en las artes esc\u00e9nicas e invit\u00f3 al p\u00fablico a asistir al Teatro de la Ciudad Esperanza Iris, el Teatro Benito Ju\u00e1rez, el Teatro Sergio Maga\u00f1a, el Foro A Poco No y el Teatro del Pueblo, este \u00faltimo de reci\u00e9n incorporaci\u00f3n al Sistema de Teatros de la Secretar\u00eda.<\/p>\n\n\n\n<p class=\"wp-block-paragraph\">La programaci\u00f3n del Ciclo incluye espect\u00e1culos de teatro, danza, m\u00fasica, multidisciplina, cabaret, propuestas para ni\u00f1as y ni\u00f1os, as\u00ed como stand up en los que se abordar\u00e1n diversos temas como el amor, el retiro, la familia, las diferencias de g\u00e9nero, la trata de personas, la desaparici\u00f3n forzada, la discriminaci\u00f3n, el racismo, el sistema patriarcal, la sensibilidad, la empat\u00eda y el feminismo.<\/p>\n\n\n\n<p class=\"wp-block-paragraph\">A partir de esta semana y hasta abril se presentar\u00e1n artistas y agrupaciones como&nbsp;Cecilia Toussaint, Astrid Hadad, Vivir Quintana, Alexis de Anda, Alejandra Ley, la Orquesta Filarm\u00f3nica de la Ciudad de M\u00e9xico, Jaramar, la Banda Femenil Regional Mujeres del Viento Florido y Alejandra Robles \u201cLa Morena\u201d, entre otras artistas.<\/p>\n\n\n\n<p class=\"wp-block-paragraph\">El&nbsp;Teatro del Pueblo abrir\u00e1 sus puertas, todos los martes del 22 de marzo al 12 de abril, con una temporada de&nbsp;La muerte chiquita,&nbsp;espect\u00e1culo que se centra en la historia de tres mujeres distintas, nominadas para concursar por el premio mayor.<\/p>\n\n\n\n<p class=\"wp-block-paragraph\">El&nbsp;Teatro de la Ciudad Esperanza Iris&nbsp;recibir\u00e1 el espect\u00e1culo multidisciplinario&nbsp;Urdimbre, el viernes 4 de marzo, que se acerca al arte textil para mostrar c\u00f3mo el ma\u00edz, el fuego, el agua, el algod\u00f3n y las flores se volvieron hilos, m\u00fasica y danza.<\/p>\n\n\n\n<p class=\"wp-block-paragraph\">Al siguiente d\u00eda se presentar\u00e1 la&nbsp;Banda Femenil Regional Mujeres del Viento Florido&nbsp;y&nbsp;Alejandra Robles \u201cLa Morena\u201d&nbsp;con el concierto&nbsp;Por las que nunca tendr\u00e1n voz&nbsp;y el domingo 6,&nbsp;Alejandra Ley, celebrar\u00e1 una&nbsp;Verbena Sonora.<\/p>\n\n\n\n<p class=\"wp-block-paragraph\">El s\u00e1bado 12 de marzo,&nbsp;la Orquesta Filarm\u00f3nica de la Ciudad de M\u00e9xico&nbsp;ofrecer\u00e1 un concierto con la participaci\u00f3n de&nbsp;Cecilia Toussaint, Vivir Quintana y Leiden, mientras&nbsp;Jaramar&nbsp;compartir\u00e1 su nuevo proyecto que recorre el mestizaje, la geograf\u00eda el tiempo y la memoria titulado Todas las naves del mundo, el domingo 13 de marzo en el mismo recinto de Donceles.<\/p>\n\n\n\n<p class=\"wp-block-paragraph\">Astrid Hadad&nbsp;subir\u00e1 al escenario del&nbsp;Teatro de la Ciudad Esperanza Iris,&nbsp;el s\u00e1bado 19 de marzo con el espect\u00e1culo&nbsp;La Pluma o la espada, que describe la vida de Sor Juana In\u00e9s de la Cruz y la Monja Alf\u00e9rez. El viernes 25 de marzo se escuchar\u00e1&nbsp;Vivir, nac\u00ed cantando. Vivir Quintana en concierto, una fusi\u00f3n de la m\u00fasica folk, regional y ranchera.<\/p>\n\n\n\n<p class=\"wp-block-paragraph\">Cecilia Toussaint&nbsp;ofrecer\u00e1, el s\u00e1bado 26 de marzo:&nbsp;El lado sur de mi coraz\u00f3n. CROM\u00c1TICO, un recorrido musical que retoma los m\u00e1s recientes proyectos que ha realizado la artista y el domingo 27, se presentar\u00e1 Viajando con Alexis de Anda, standupera que guiar\u00e1 un viaje de espiritualidad y comedia.<\/p>\n\n\n\n<p class=\"wp-block-paragraph\">En el&nbsp;Teatro Benito Ju\u00e1rez, del 19 de febrero al 13 de marzo, se presentar\u00e1 Katsumi y El Drag\u00f3n.&nbsp;Del 17 al 27 de marzo, se escenificar\u00e1 La certeza del amanecer.<\/p>\n\n\n\n<p class=\"wp-block-paragraph\">Mientras que la obra,&nbsp;Cuttin\u2019 it&nbsp;de Charlene James, tendr\u00e1 cinco \u00fanicas funciones en el&nbsp;Foro A Poco No&nbsp;del 23 al 27 de febrero y del 3 al 13 de marzo, se presentar\u00e1&nbsp;ECO, un di\u00e1logo interno con las mujeres antecesoras. En este mismo recinto se presentar\u00e1 30+1 (obra para una actriz y un radio), del 17 al 27 de marzo, y Oliva Olivo, adicta a los patantes del 31 de marzo al 10 de abril.<\/p>\n\n\n\n<p class=\"wp-block-paragraph\">Del 17 al 27 de febrero, el&nbsp;Teatro Sergio Maga\u00f1a&nbsp;presentar\u00e1&nbsp;Deshuesadero Suite, y del 26 de febrero al 20 de marzo llegar\u00e1&nbsp;Melisa y Ojos Lindos&nbsp;para dar paso a&nbsp;Gertrude, del 3 al 13 de marzo;&nbsp;Bioluminiscencia, del 17 al 27 de marzo y del 31 de marzo al 10 de abril se escenificar\u00e1&nbsp;La Alacena, documental miniatura sobre Mar\u00eda Izquierdo.<\/p>\n\n\n\n<p class=\"wp-block-paragraph\">La cartelera virtual&nbsp;presentar\u00e1&nbsp;Por temor a que cantemos libres, direcci\u00f3n de Nora Manneck, que se presentar\u00e1 el martes 8 de marzo, en las redes sociales de esta dependencia capitalina.<\/p>\n\n\n\n<p class=\"wp-block-paragraph\">Capital 21&nbsp;difundir\u00e1 las presentaciones en vivo de la Banda Femenil Regional Mujeres del Viento Florido, Orquesta Filarm\u00f3nica de la Ciudad de M\u00e9xico, el concierto de Jaramar, Astrid Hadad y la presentaci\u00f3n de Alexis de Anda.<\/p>\n\n\n\n<p class=\"wp-block-paragraph\">Con las 22 propuestas que integran&nbsp;Nosotras Somos Memoria&nbsp;se busca mostrar el abanico esc\u00e9nico que se hace en la actualidad con relaci\u00f3n a los temas de g\u00e9nero.<\/p>\n\n\n\n<p class=\"wp-block-paragraph\">SEM\/sj<\/p>\n","protected":false},"excerpt":{"rendered":"<p>Los teatros son: Esperanza Iris, Benito Ju\u00e1rez, Sergio Maga\u00f1a, el Foro A Poco No y el Teatro del Pueblo<\/p>\n","protected":false},"author":3,"featured_media":46057,"comment_status":"open","ping_status":"open","sticky":false,"template":"","format":"standard","meta":{"_monsterinsights_skip_tracking":false,"footnotes":""},"categories":[693,45,46],"tags":[],"class_list":["post-46056","post","type-post","status-publish","format-standard","has-post-thumbnail","category-693","category-cultura","category-cultura-cultura"],"_links":{"self":[{"href":"https:\/\/redsemlac.com\/semmexico\/wp-json\/wp\/v2\/posts\/46056","targetHints":{"allow":["GET"]}}],"collection":[{"href":"https:\/\/redsemlac.com\/semmexico\/wp-json\/wp\/v2\/posts"}],"about":[{"href":"https:\/\/redsemlac.com\/semmexico\/wp-json\/wp\/v2\/types\/post"}],"author":[{"embeddable":true,"href":"https:\/\/redsemlac.com\/semmexico\/wp-json\/wp\/v2\/users\/3"}],"replies":[{"embeddable":true,"href":"https:\/\/redsemlac.com\/semmexico\/wp-json\/wp\/v2\/comments?post=46056"}],"version-history":[{"count":0,"href":"https:\/\/redsemlac.com\/semmexico\/wp-json\/wp\/v2\/posts\/46056\/revisions"}],"wp:featuredmedia":[{"embeddable":true,"href":"https:\/\/redsemlac.com\/semmexico\/wp-json\/wp\/v2\/media\/46057"}],"wp:attachment":[{"href":"https:\/\/redsemlac.com\/semmexico\/wp-json\/wp\/v2\/media?parent=46056"}],"wp:term":[{"taxonomy":"category","embeddable":true,"href":"https:\/\/redsemlac.com\/semmexico\/wp-json\/wp\/v2\/categories?post=46056"},{"taxonomy":"post_tag","embeddable":true,"href":"https:\/\/redsemlac.com\/semmexico\/wp-json\/wp\/v2\/tags?post=46056"}],"curies":[{"name":"wp","href":"https:\/\/api.w.org\/{rel}","templated":true}]}}