{"id":45965,"date":"2022-02-20T14:04:26","date_gmt":"2022-02-20T20:04:26","guid":{"rendered":"https:\/\/redsemlac.com\/semmexico\/?p=45965"},"modified":"2023-07-21T18:59:13","modified_gmt":"2023-07-21T23:59:13","slug":"grecia-el-nuevo-movimiento-feminista-joven-y-radical-a-la-vanguardia-de-la-resistencia","status":"publish","type":"post","link":"https:\/\/redsemlac.com\/semmexico\/grecia-el-nuevo-movimiento-feminista-joven-y-radical-a-la-vanguardia-de-la-resistencia\/","title":{"rendered":"Grecia \u00a1El nuevo movimiento feminista joven y radical, a la vanguardia de la resistencia!"},"content":{"rendered":"\n<p class=\"wp-block-paragraph\">El #Metoo griego desencadenado por con las revelaciones de Sof\u00eda Bekatorou, de 43 a\u00f1os, doble medallista ol\u00edmpica de vela<\/p>\n\n\n\n<p class=\"wp-block-paragraph\">Declar\u00f3 p\u00fablicamente que fue violada a los 21 a\u00f1os por un alto cargo de la Federaci\u00f3n Griega de Vela.<\/p>\n\n\n\n<p class=\"wp-block-paragraph\">Dirigi\u00e9ndose a todas las mujeres que han sido agredidas sexualmente, dijo \u00a1\u00a1Rompan el silencio, hablen!!<\/p>\n\n\n\n<p class=\"wp-block-paragraph\"><a href=\"https:\/\/amecopress.net\/Sonia-Mitralias\">Sonia Mitralias<\/a><\/p>\n\n\n\n<p class=\"wp-block-paragraph\">SemM\u00e9xico\/AmecoPress, Atenas, Grecias, 20 de febrero, 2022.-&nbsp;<em>Lo que ha sucedido en los dos \u00faltimos a\u00f1os en Grecia merece atenci\u00f3n: nunca antes en la historia del pa\u00eds la cuesti\u00f3n de los derechos de la mujer hab\u00eda hecho tanto ruido en la prensa, hab\u00eda sido objeto de un apasionado debate p\u00fablico y hab\u00eda ocupado el centro de la pol\u00edtica.<\/em><\/p>\n\n\n\n<p class=\"wp-block-paragraph\"><em>Todo comenz\u00f3 cuando el gobierno de Mitsotakis intent\u00f3 alinearse con las fuerzas neoliberales m\u00e1s reaccionarias y oscurantistas del mundo, lanzando un ataque frontal a los derechos fundamentales de las mujeres.<\/em><\/p>\n\n\n\n<figure class=\"wp-block-image size-full\"><a href=\"https:\/\/redsemlac.com\/semmexico\/wp-content\/uploads\/2022\/02\/movgrec01.jpg\"><img loading=\"lazy\" decoding=\"async\" width=\"686\" height=\"376\" src=\"https:\/\/redsemlac.com\/semmexico\/wp-content\/uploads\/2022\/02\/movgrec01.jpg\" alt=\"\" class=\"wp-image-45966\"\/><\/a><\/figure>\n\n\n\n<p class=\"wp-block-paragraph\">Afortunadamente, el resurgimiento del movimiento femenino no se hizo esperar y \u00a1acept\u00f3 el reto! Y as\u00ed es como sucedi\u00f3.<\/p>\n\n\n\n<p class=\"wp-block-paragraph\"><strong>El caso del \u00abni\u00f1o no nacido\u00bb<\/strong><\/p>\n\n\n\n<p class=\"wp-block-paragraph\">Animado por la victoria de Nueva Democracia en las elecciones parlamentarias de 2019, el Santo S\u00ednodo de la Iglesia Ortodoxa Griega se ha inventado un d\u00eda dedicado al \u00abni\u00f1o no nacido\u00bb \u00a1el primer domingo despu\u00e9s de Navidad! Seg\u00fan sus declaraciones, su decisi\u00f3n se tom\u00f3 para proteger la vida del ni\u00f1o antes de nacer y\u2026 \u00a1para resolver el problema demogr\u00e1fico de la naci\u00f3n griega!<\/p>\n\n\n\n<p class=\"wp-block-paragraph\">36 a\u00f1os despu\u00e9s de la legalizaci\u00f3n del aborto en Grecia \u2013gracias a una ley muy progresista, obtenida en 1986 tras una dura lucha de casi 10 a\u00f1os por parte del movimiento feminista\u2013 la Iglesia Ortodoxa griega dio as\u00ed la se\u00f1al para un ataque frontal a este derecho tan duramente conquistado.<\/p>\n\n\n\n<p class=\"wp-block-paragraph\">\u00a1A pocos d\u00edas del A\u00f1o Nuevo 2020 y del d\u00eda dedicado al \u201cni\u00f1o no nacido\u201d, la portada de una revista deportiva (!) provoc\u00f3 un tsunami de indignaci\u00f3n en las redes sociales! En la portada aparec\u00eda una gran mano que sosten\u00eda un peque\u00f1o feto en la palma de la mano y debajo se pod\u00eda leer en letras may\u00fasculas \u00abd\u00e9jame vivir\u00bb.<\/p>\n\n\n\n<p class=\"wp-block-paragraph\">A pesar de las reacciones en las redes sociales, el ministro de Desarrollo, Adonis Georgiadis (un notorio racista y antiguo neofascista), se apresur\u00f3 a felicitar a la revista, afirmando que tener el doble de abortos (300.000 al a\u00f1o, seg\u00fan su exagerada afirmaci\u00f3n) que de nacimientos en Grecia har\u00eda que el pa\u00eds perdiera casi un mill\u00f3n de ni\u00f1os, y supondr\u00eda un problema para la supervivencia de la naci\u00f3n.<\/p>\n\n\n\n<p class=\"wp-block-paragraph\">Pocos d\u00edas despu\u00e9s, aparecieron carteles gigantes en el metro de Atenas con el mismo mensaje y el mismo feto quejumbroso: \u00ab\u00a1D\u00e9jame vivir!\u00bb Y la autor\u00eda de esta campa\u00f1a antiabortista fue reclamada por una larga lista de asociaciones cristianas ortodoxas fundamentalistas\u2026<\/p>\n\n\n\n<p class=\"wp-block-paragraph\">Pero la retr\u00f3grada y oscurantista Iglesia Ortodoxa no actuaba sola, sino que contaba con el apoyo de muchos ministros y altos funcionarios del gobierno. Tras otra protesta p\u00fablica, el Ministerio de Transportes orden\u00f3 r\u00e1pidamente la retirada de los carteles. Pero estos ataques al derecho al aborto eran s\u00f3lo el preludio de lo que estaba por venir.<\/p>\n\n\n\n<p class=\"wp-block-paragraph\">Influido por reg\u00edmenes como el de Orban en Hungr\u00eda, el gobierno de Mitsotakis dio un primer paso para darse un perfil pro-natalista y decidi\u00f3 rebautizar la \u00abSecretar\u00eda General para la Igualdad de G\u00e9nero\u00bb -instituci\u00f3n tambi\u00e9n nacida del movimiento feminista de la segunda ola- como \u00abSecretar\u00eda General de Pol\u00edtica Demogr\u00e1fica, Familiar y de G\u00e9nero\u00bb.<\/p>\n\n\n\n<p class=\"wp-block-paragraph\"><strong>El regreso de la ley del padre<\/strong><\/p>\n\n\n\n<p class=\"wp-block-paragraph\">Pero m\u00e1s ataques iban a seguir. El gobierno de Nueva Democracia dej\u00f3 claras sus intenciones al aprobar en mayo de 2021 una ley de Autoridad Parental Conjunta, que reformaba art\u00edculos clave del C\u00f3digo Civil sobre derecho de familia.<\/p>\n\n\n\n<figure class=\"wp-block-image size-full\"><a href=\"https:\/\/redsemlac.com\/semmexico\/wp-content\/uploads\/2022\/02\/movgrec02.jpg\"><img loading=\"lazy\" decoding=\"async\" width=\"692\" height=\"528\" src=\"https:\/\/redsemlac.com\/semmexico\/wp-content\/uploads\/2022\/02\/movgrec02.jpg\" alt=\"\" class=\"wp-image-45967\"\/><\/a><\/figure>\n\n\n\n<p class=\"wp-block-paragraph\">Fue un momento crucial para las mujeres y los ni\u00f1os, v\u00edctimas de la violencia dom\u00e9stica. Este proyecto de ley surgi\u00f3 despu\u00e9s de haber sido defendido durante mucho tiempo por el muy masculinista y agresivo lobby neoliberal, violento y vulgar de los padres. Este \u00faltimo se ali\u00f3 con el gobierno de ND sobre la base de sus intereses comunes y en torno a un discurso familiarista.<\/p>\n\n\n\n<p class=\"wp-block-paragraph\">As\u00ed, el gobierno revis\u00f3 lo que era la quintaesencia del derecho de familia, a\u00fan muy progresista, obtenido en 1983. Pues esta ley fue una verdadera revoluci\u00f3n antipatriarcal porque sustituy\u00f3 el derecho del padre-generador (poder paterno) por la patria potestad.<\/p>\n\n\n\n<p class=\"wp-block-paragraph\">Ahora, tras la disoluci\u00f3n del matrimonio, a diferencia de la ley de 1983, la nueva ley impone la custodia parental conjunta obligatoria, es decir, el ni\u00f1o se ve obligado a pasar un tercio del tiempo con el progenitor con el que no vive habitualmente, aunque no quiera. Incluso cuando el padre es violento, no se tienen en cuenta los deseos del ni\u00f1o. \u00bfPor qu\u00e9? Porque para quitarle la comunicaci\u00f3n a un padre maltratador se necesita una sentencia firme. Esto puede llevar a\u00f1os o puede que nunca ocurra, porque ir a los tribunales en Grecia es dif\u00edcil, cuesta dinero, cuesta mucho estr\u00e9s, y las mujeres de las familias monoparentales est\u00e1n debilitadas, son vulnerables, pobres e indigentes, estando en una situaci\u00f3n de incre\u00edble angustia, acentuada adem\u00e1s por las pol\u00edticas de austeridad impuestas en nombre de la deuda y la pandemia. \u00a1Todo esto significa que un padre violento puede acosar, maltratar y disponer del ni\u00f1o a su antojo, pero tambi\u00e9n utilizar la ley para chantajear, acusar y quiz\u00e1s incluso criminalizar a las madres que simplemente quieren proteger a sus hijos y arriesgar su seguridad y su vida para hacerlo!<\/p>\n\n\n\n<p class=\"wp-block-paragraph\">El proyecto de ley fue duramente criticado por los abogados griegos tanto por su debilidad jur\u00eddica como por la violaci\u00f3n de los derechos humanos y del Convenio de Estambul que implicaba. Tambi\u00e9n fue rechazada por todas las organizaciones de mujeres y el movimiento feminista, que tuvo que enfrentarse a una campa\u00f1a de odio dirigida por el mis\u00f3gino y rabioso lobby de los padres, apoyado por casi todos los medios de comunicaci\u00f3n importantes del pa\u00eds.<\/p>\n\n\n\n<p class=\"wp-block-paragraph\">Cuando la ley fue aprobada por la mayor\u00eda -en contra de la mayor\u00eda de los partidos de la oposici\u00f3n en el Parlamento griego- los fan\u00e1ticos del lobby de los padres lo celebraron en las redes sociales y no dejaron de lanzar amenazas f\u00edsicas contra los jueces y fiscales del pa\u00eds para obligarles a aplicar la ley a favor de los padres. Por ejemplo, el grupo Equal Parenting Rights escribi\u00f3:<\/p>\n\n\n\n<p class=\"wp-block-paragraph\">\u00a1Estamos apuntando la artiller\u00eda pesada al poder judicial, cargando, cebando y esperando! Que aquellos de nuestros miembros que publiquen lo que est\u00e1 ocurriendo en nuestro grupo, informen al Sindicato de Jueces y Fiscales que ahora est\u00e1n en nuestro objetivo.<\/p>\n\n\n\n<p class=\"wp-block-paragraph\">En definitiva, estos grupos masculinistas se est\u00e1n volviendo muy peligrosos: su antifeminismo, su cultura de la virilidad, la reconstrucci\u00f3n de una masculinidad hegem\u00f3nica constituyen puentes ideol\u00f3gicos hacia la derecha m\u00e1s extrema y tarde o temprano pasar\u00e1n cada vez m\u00e1s a la acci\u00f3n violenta, no s\u00f3lo en su relaci\u00f3n sino tambi\u00e9n en la sociedad.<\/p>\n\n\n\n<p class=\"wp-block-paragraph\"><strong>La erupci\u00f3n del #MeToo griego y el despertar de las conciencias<\/strong><\/p>\n\n\n\n<p class=\"wp-block-paragraph\">El panorama es desolador, pero a mediados de enero de 2021, en plena pandemia, m\u00e1s de tres a\u00f1os despu\u00e9s de que surgiera el movimiento #Metoo en Estados Unidos, el #MeToo de Grecia irrumpi\u00f3 en la escena social y pol\u00edtica del pa\u00eds.<\/p>\n\n\n\n<p class=\"wp-block-paragraph\">El #Metoo griego se desencaden\u00f3 con las revelaciones de Sof\u00eda Bekatorou, de 43 a\u00f1os, doble medallista ol\u00edmpica de vela (oro y bronce), que declar\u00f3 p\u00fablicamente que fue violada a los 21 a\u00f1os por un alto cargo de la Federaci\u00f3n Griega de Vela. Dirigi\u00e9ndose a todas las mujeres que han sido agredidas sexualmente, dijo: !\u00a1Rompan el silencio, hablen!!<\/p>\n\n\n\n<p class=\"wp-block-paragraph\">Tambi\u00e9n este a\u00f1o, el estallido del #MeToo griego ha contribuido a madurar la conciencia feminista sobre la forma m\u00e1s atroz de violencia de g\u00e9nero, el feminicidio. Fue en noviembre de 2018, con el asesinato en Rodas de Eleni Topaloudi, una estudiante de 21 a\u00f1os, violada, torturada por dos j\u00f3venes y arrojada al mar cuando a\u00fan estaba viva, cuando el t\u00e9rmino \u00abfeminicidio\u00bb entr\u00f3 en el lenguaje cotidiano.<\/p>\n\n\n\n<p class=\"wp-block-paragraph\">Este a\u00f1o 2021 -especialmente este verano- tambi\u00e9n se ha producido una cadena de asesinatos de mujeres a manos de sus parejas en todo el pa\u00eds, desde Atenas a Sal\u00f3nica, desde Creta a las C\u00edcladas. Sin embargo, esta vez, la diferencia con el pasado reciente fue evidente: los medios de comunicaci\u00f3n hablaron abundantemente de ello, se soltaron las lenguas, los partidos pol\u00edticos salieron de su habitual silencio y, sobre todo, las mujeres salieron a la calle, las feministas a la cabeza, para gritar su rabia y llamar a la solidaridad.<\/p>\n\n\n\n<p class=\"wp-block-paragraph\"><strong>El resurgimiento del movimiento feminista\u2026<\/strong><\/p>\n\n\n\n<p class=\"wp-block-paragraph\">Este es otro ejemplo del renacimiento del feminismo: en junio, un anuncio llamaba a las mujeres a\u2026 procrear, dirigi\u00e9ndose en particular a las que hab\u00edan envejecido y estaban demasiado preocupadas por sus carreras, descuidando as\u00ed su fertilidad. Era un anuncio de la \u00abConferencia Panhel\u00e9nica de Fertilidad\u00bb, que contaba con el apoyo de la Iglesia, las empresas de reproducci\u00f3n asistida, la \u00abSecretar\u00eda General de Pol\u00edtica Demogr\u00e1fica y Familiar e Igualdad de G\u00e9nero\u00bb, la cadena p\u00fablica (ERT) y\u2026 la propia Presidenta de la Rep\u00fablica Hel\u00e9nica. Pero tras un nuevo clamor p\u00fablico, la presidenta Katerina Sakellaropoulou se vio obligada a retirar su apoyo a la conferencia y casi todos los participantes oficiales hicieron lo mismo\u2026 la conferencia se cancel\u00f3. Fue un fiasco total.<\/p>\n\n\n\n<p class=\"wp-block-paragraph\">Al final, el gobierno de Mitsotakis pudo aprobar su proyecto de ley sobre la patria potestad conjunta -por poco-, pero incluso los medios de comunicaci\u00f3n progubernamentales admitieron que era una victoria p\u00edrrica. De hecho, la resistencia de las feministas caus\u00f3 problemas incluso en el Consejo de Ministros y provoc\u00f3 disensiones en el grupo parlamentario de Nueva Democracia. Fue la primera vez desde su formaci\u00f3n en 2019 que el gobierno de la derecha atraves\u00f3 una crisis y, por admisi\u00f3n com\u00fan, el responsable de esta novedad absoluta fue\u2026 \u00a1el movimiento feminista!<\/p>\n\n\n\n<p class=\"wp-block-paragraph\">La conclusi\u00f3n no es dif\u00edcil: el a\u00f1o 2021 ha visto nacer en Grecia un movimiento feminista joven, radical pero tambi\u00e9n unitario, que ya est\u00e1 en la vanguardia de las luchas populares contra la Santa Alianza de la reacci\u00f3n neoliberal y el oscurantismo nacionalista y ortodoxo. Se trata de un acontecimiento importante, casi hist\u00f3rico, en una sociedad griega conservadora y desorientada, que sigue buscando una izquierda digna de ese nombre.<\/p>\n\n\n\n<p class=\"wp-block-paragraph\">Lo que venga despu\u00e9s promete ser emocionante\u2026<\/p>\n\n\n\n<p class=\"wp-block-paragraph\">(Traducci\u00f3n: Carlos Rojas para Punto de Vista Internacional)<\/p>\n","protected":false},"excerpt":{"rendered":"<p>Lo que ha sucedido en los dos \u00faltimos a\u00f1os en Grecia merece atenci\u00f3n: nunca antes en la historia del pa\u00eds la cuesti\u00f3n de los derechos de la mujer hab\u00eda hecho tanto ruido en la prensa.<\/p>\n","protected":false},"author":3,"featured_media":45968,"comment_status":"open","ping_status":"open","sticky":false,"template":"","format":"standard","meta":{"_monsterinsights_skip_tracking":false,"footnotes":""},"categories":[693,53],"tags":[],"class_list":["post-45965","post","type-post","status-publish","format-standard","has-post-thumbnail","category-693","category-internacional"],"_links":{"self":[{"href":"https:\/\/redsemlac.com\/semmexico\/wp-json\/wp\/v2\/posts\/45965","targetHints":{"allow":["GET"]}}],"collection":[{"href":"https:\/\/redsemlac.com\/semmexico\/wp-json\/wp\/v2\/posts"}],"about":[{"href":"https:\/\/redsemlac.com\/semmexico\/wp-json\/wp\/v2\/types\/post"}],"author":[{"embeddable":true,"href":"https:\/\/redsemlac.com\/semmexico\/wp-json\/wp\/v2\/users\/3"}],"replies":[{"embeddable":true,"href":"https:\/\/redsemlac.com\/semmexico\/wp-json\/wp\/v2\/comments?post=45965"}],"version-history":[{"count":0,"href":"https:\/\/redsemlac.com\/semmexico\/wp-json\/wp\/v2\/posts\/45965\/revisions"}],"wp:featuredmedia":[{"embeddable":true,"href":"https:\/\/redsemlac.com\/semmexico\/wp-json\/wp\/v2\/media\/45968"}],"wp:attachment":[{"href":"https:\/\/redsemlac.com\/semmexico\/wp-json\/wp\/v2\/media?parent=45965"}],"wp:term":[{"taxonomy":"category","embeddable":true,"href":"https:\/\/redsemlac.com\/semmexico\/wp-json\/wp\/v2\/categories?post=45965"},{"taxonomy":"post_tag","embeddable":true,"href":"https:\/\/redsemlac.com\/semmexico\/wp-json\/wp\/v2\/tags?post=45965"}],"curies":[{"name":"wp","href":"https:\/\/api.w.org\/{rel}","templated":true}]}}