{"id":45951,"date":"2022-02-20T13:42:52","date_gmt":"2022-02-20T19:42:52","guid":{"rendered":"https:\/\/redsemlac.com\/semmexico\/?p=45951"},"modified":"2023-07-21T18:59:14","modified_gmt":"2023-07-21T23:59:14","slug":"familias-de-victimas-de-feminicidio-inician-bazar-para-recolectar-fondos-ante-nueva-caravana","status":"publish","type":"post","link":"https:\/\/redsemlac.com\/semmexico\/familias-de-victimas-de-feminicidio-inician-bazar-para-recolectar-fondos-ante-nueva-caravana\/","title":{"rendered":"<em>Familias de v\u00edctimas de feminicidio inician bazar para recolectar fondos ante nueva caravana<\/em>"},"content":{"rendered":"\n<p class=\"has-small-font-size wp-block-paragraph\">Foto Cortes\u00eda: Maricruz N\u00e1jera<\/p>\n\n\n\n<p class=\"wp-block-paragraph\"><em>Familias emprender\u00e1n una caravana para pedir justicia para sus hijas, quienes fueron v\u00edctimas de feminicidio.<\/em><\/p>\n\n\n\n<p class=\"wp-block-paragraph\">Pide apoyo para recolectar fondos para caravana<\/p>\n\n\n\n<p class=\"wp-block-paragraph\"><a href=\"https:\/\/www.chiapasparalelo.com\/author\/redaccionyessica\/\">Yessica Morales<\/a><\/p>\n\n\n\n<p class=\"wp-block-paragraph\">SemM\u00e9xico\/Chiapas Paralelo, Tuxtla Guti\u00e9rrez, 20 de febrero, 2022.-Las familias de Karla Yesenia y Jade Guadalupe v\u00edctimas de feminicidio instalaran un bazar del 16 al 26 de febrero, en el Parque Central de Tuxtla Guti\u00e9rrez, as\u00ed mismo invitaron a donar ropa, zapatos, juguetes y aparatos electr\u00f3nicos en buen estado. Lo recaudado servir\u00e1 para que viajen a la Ciudad de M\u00e9xico para exigir justicia por sus hijas.<\/p>\n\n\n\n<p class=\"wp-block-paragraph\">Maricruz Velasco N\u00e1jera junto a Adriana G\u00f3mez, madres de las v\u00edctimas, dieron a conocer que esta recolecci\u00f3n de fondos es para emprender una nueva carava el 01 de marzo de 2022, segundo a\u00f1o en el que realizaran este viaje. El recorrido tiene como puntos 6 municipios, el \u00faltimo punto es Nezahualc\u00f3yotl, para despu\u00e9s realizar un plant\u00f3n en la Secretar\u00eda de Gobernaci\u00f3n, en espera de la marcha del D\u00eda Internacional de la Mujer (8M).<\/p>\n\n\n\n<p class=\"wp-block-paragraph\">Adem\u00e1s, Velasco N\u00e1jera y G\u00f3mez indicaron que para aquellas personas fuera de la ciudad capital, pero que est\u00e9n interesadas en donar pueden contactarlas a trav\u00e9s del n\u00famero telef\u00f3nico: 961 197 5346, para indicarles c\u00f3mo hacer llegar su aportaci\u00f3n.<\/p>\n\n\n\n<p class=\"wp-block-paragraph\">Al mismo tiempo, recordaron que su \u00fanico objetivo es pedir justicia pues en Chiapas \u201cno las voltean a ver\u201d. En cada uno de los 6 puntos, informaran sobre la corrupci\u00f3n de la que han sido v\u00edctimas, as\u00ed como invitar a otras madres que viven la misma situaci\u00f3n a que se unan a la caravana.<\/p>\n\n\n\n<p class=\"wp-block-paragraph\">Le pedimos a la ciudadan\u00eda que acudan para hacer compras de lo que nos han donado y los que quieran darnos donaci\u00f3n en efectivo o cosas vamos a estar de tres de la tarde a siete de la noche, indic\u00f3 Velasco N\u00e1jera.<\/p>\n\n\n\n<p class=\"wp-block-paragraph\"><strong>Primera caravana<\/strong><\/p>\n\n\n\n<div class=\"wp-block-image\"><figure class=\"aligncenter size-full is-resized\"><a href=\"https:\/\/redsemlac.com\/semmexico\/wp-content\/uploads\/2022\/02\/vicfam-02.jpg\"><img loading=\"lazy\" decoding=\"async\" src=\"https:\/\/redsemlac.com\/semmexico\/wp-content\/uploads\/2022\/02\/vicfam-02.jpg\" alt=\"\" class=\"wp-image-45953\" width=\"530\" height=\"398\"\/><\/a><figcaption>Familias victimas de feminicidio en M\u00e9xico. Cortes\u00eda: Fundaci\u00f3n Karla Velasco<\/figcaption><\/figure><\/div>\n\n\n\n<p class=\"wp-block-paragraph\">El pasado 08 de marzo de 2021, La Fundaci\u00f3n Karla Velasco integrada por cuatro familias iniciaron una&nbsp;<a href=\"https:\/\/www.chiapasparalelo.com\/noticias\/chiapas\/2021\/03\/inicia-en-chiapas-caravana-nacional-contra-feminicidios-en-impunidad\/\">caravana a la Ciudad de M\u00e9xico<\/a>,&nbsp;con el objetivo de realizar m\u00edtines en diversos municipios hasta llegar a su destino, en la exigencia de justicia por los casos de feminicidios en contra de sus hijas.<\/p>\n\n\n\n<p class=\"wp-block-paragraph\">Velasco N\u00e1jera, comparti\u00f3 que la idea surgi\u00f3 desde la creaci\u00f3n de la fundaci\u00f3n que se apertura el pasado 24 de diciembre de 2020. En ese momento, platic\u00f3 con su familia sobre tomar acciones para poder movilizarse con la carpeta de investigaci\u00f3n de su hija, como de otros casos de feminicidio.<\/p>\n\n\n\n<p class=\"wp-block-paragraph\">Ante la violencia, agreg\u00f3 que las autoridades del estado son omisas, volvi\u00e9ndose una modalidad, presentar una denuncia, no tomarla y prestarle atenci\u00f3n solo hasta que la v\u00edctima es encontrada muerta.<\/p>\n\n\n\n<p class=\"wp-block-paragraph\"><strong>Mesa de trabajo<\/strong><\/p>\n\n\n\n<p class=\"wp-block-paragraph\">Aunque en su primera caravana no se reunieron con Andr\u00e9s Manuel L\u00f3pez Obrador, presidente de M\u00e9xico. Las familias lograron tener una<a href=\"https:\/\/www.chiapasparalelo.com\/noticias\/chiapas\/2021\/03\/caravana-de-familias-victimas-de-feminicidio-regresa-y-diputadas-exigen-atencion-del-gobernador\/\">&nbsp;mesa de trabajo con 5 diputadas federales<\/a>, entre ellas Mar\u00eda Wendy Brice\u00f1o Zuloaga, Carmen Patricia Palma y Marta Dekker G\u00f3mez, quienes exigieron a Rutilio Escand\u00f3n Cadenas, gobernador del Estado de Chiapas tener prioridad para recibirlas porque \u201ctienen hambre de justicia\u201d. Adem\u00e1s, se encargaron de buscar una mesa de trabajo con Cecilia Flores P\u00e9rez, secretar\u00eda de Gobierno.<\/p>\n\n\n\n<p class=\"wp-block-paragraph\"><strong>Casos de feminicidio<\/strong><\/p>\n\n\n\n<p class=\"wp-block-paragraph\"><a href=\"https:\/\/www.chiapasparalelo.com\/noticias\/chiapas\/2021\/02\/familias-iniciaran-caravana-a-cdmx-en-exigencia-de-justicia-por-casos-de-feminicidios\/\">Karla Yesenia\u00a0G\u00f3mez Velasco<\/a>\u00a0ten\u00eda\u00a021 a\u00f1os cuando fue hallada\u00a0muerta\u00a0a inicios de julio de 2018 en Tuxtla Guti\u00e9rrez. La familia de la joven asegur\u00f3 que la chica fue asesinada, su cuerpo ten\u00eda huellas de violencia, un hombre est\u00e1 detenido como el presunto responsable, pero el proceso fue suspendido por malas pr\u00e1cticas y burocracia del Poder Judicial de Chiapas.<\/p>\n\n\n\n<div class=\"wp-block-image\"><figure class=\"aligncenter size-full is-resized\"><a href=\"https:\/\/redsemlac.com\/semmexico\/wp-content\/uploads\/2022\/02\/vicfam-03.jpg\"><img loading=\"lazy\" decoding=\"async\" src=\"https:\/\/redsemlac.com\/semmexico\/wp-content\/uploads\/2022\/02\/vicfam-03.jpg\" alt=\"\" class=\"wp-image-45952\" width=\"546\" height=\"410\"\/><\/a><figcaption>Actividades de la Fundaci\u00f3n Karla Velasco. Cortes\u00eda: Fundaci\u00f3n Karla Velasco<\/figcaption><\/figure><\/div>\n\n\n\n<p class=\"wp-block-paragraph\">Jade Guadalupe&nbsp;Yuing G\u00f3mez, de 13 a\u00f1os, era una adolescente que resid\u00eda en Copoya, a lado de su familia. De acuerdo con lo que cuenta su madre, era una ni\u00f1a muy alegre, que desde muy peque\u00f1a hab\u00eda manifestado el gusto por distintas actividades art\u00edsticas, culturales y deportivas, pero el 14 de enero de 2020, su cuerpo fue encontrado sin vida en las instalaciones del Instituto del Deporte de Chiapas (Indeporte) por sus compa\u00f1eros.<\/p>\n\n\n\n<p class=\"wp-block-paragraph\">A la una 50 de la tarde, de ese d\u00eda, Adriana G\u00f3mez, su madre, recibi\u00f3 una llamada de uno de los compa\u00f1eros de Jade, en ella le dec\u00edan que su hija se hab\u00eda suicidado en los ba\u00f1os de la villa deportiva, algo que ella no pod\u00eda creer, puesto que ninguna de las autoridades del Indeporte se hab\u00eda comunicado de manera formal con ella.<\/p>\n","protected":false},"excerpt":{"rendered":"<p>Las familias de Karla Yesenia y Jade Guadalupe v\u00edctimas de feminicidio instalaran un bazar del 16 al 26 de febrero, en el Parque Central de Tuxtla Guti\u00e9rrez; lo recaudado servir\u00e1 para que viajen a la CDMX para exigir justicia por sus hijas.<\/p>\n","protected":false},"author":3,"featured_media":45955,"comment_status":"open","ping_status":"open","sticky":false,"template":"","format":"standard","meta":{"_monsterinsights_skip_tracking":false,"footnotes":""},"categories":[693,54],"tags":[],"class_list":["post-45951","post","type-post","status-publish","format-standard","has-post-thumbnail","category-693","category-mujeres"],"_links":{"self":[{"href":"https:\/\/redsemlac.com\/semmexico\/wp-json\/wp\/v2\/posts\/45951","targetHints":{"allow":["GET"]}}],"collection":[{"href":"https:\/\/redsemlac.com\/semmexico\/wp-json\/wp\/v2\/posts"}],"about":[{"href":"https:\/\/redsemlac.com\/semmexico\/wp-json\/wp\/v2\/types\/post"}],"author":[{"embeddable":true,"href":"https:\/\/redsemlac.com\/semmexico\/wp-json\/wp\/v2\/users\/3"}],"replies":[{"embeddable":true,"href":"https:\/\/redsemlac.com\/semmexico\/wp-json\/wp\/v2\/comments?post=45951"}],"version-history":[{"count":0,"href":"https:\/\/redsemlac.com\/semmexico\/wp-json\/wp\/v2\/posts\/45951\/revisions"}],"wp:featuredmedia":[{"embeddable":true,"href":"https:\/\/redsemlac.com\/semmexico\/wp-json\/wp\/v2\/media\/45955"}],"wp:attachment":[{"href":"https:\/\/redsemlac.com\/semmexico\/wp-json\/wp\/v2\/media?parent=45951"}],"wp:term":[{"taxonomy":"category","embeddable":true,"href":"https:\/\/redsemlac.com\/semmexico\/wp-json\/wp\/v2\/categories?post=45951"},{"taxonomy":"post_tag","embeddable":true,"href":"https:\/\/redsemlac.com\/semmexico\/wp-json\/wp\/v2\/tags?post=45951"}],"curies":[{"name":"wp","href":"https:\/\/api.w.org\/{rel}","templated":true}]}}