{"id":45948,"date":"2022-02-19T15:57:09","date_gmt":"2022-02-19T21:57:09","guid":{"rendered":"https:\/\/redsemlac.com\/semmexico\/?p=45948"},"modified":"2023-07-21T18:59:14","modified_gmt":"2023-07-21T23:59:14","slug":"las-tragedias-te-cambian-la-vida-elvira-martinez-espinoza","status":"publish","type":"post","link":"https:\/\/redsemlac.com\/semmexico\/las-tragedias-te-cambian-la-vida-elvira-martinez-espinoza\/","title":{"rendered":"Las tragedias te cambian la vida: Elvira Mart\u00ednez Espinoza"},"content":{"rendered":"\n<p class=\"wp-block-paragraph\">* Viuda del minero Jorge Bladimir fallecido en Pasta de Conchos en 2006, es hoy una activista consumada<\/p>\n\n\n\n<p class=\"wp-block-paragraph\">* Me preocupa que se acabe el sexenio de AMLO y no se concreten los trabajos de rescate<\/p>\n\n\n\n<p class=\"wp-block-paragraph\">Soledad Jarqu\u00edn Edgar<\/p>\n\n\n\n<p class=\"wp-block-paragraph\">SemM\u00e9xico, Cd. de M\u00e9xico, 9 de febrero, 2022.- Las tragedias te cambian la vida, dice Elvira Mart\u00ednez Espinoza, viuda de Jorge Bladimir Mu\u00f1oz Delgado, uno de los 65 mineros muertos tras una explosi\u00f3n en la mina ocho de Pasta de Conchos, en San Juan Sabinas, Coahuila, hace hoy 16 a\u00f1os.<\/p>\n\n\n\n<p class=\"wp-block-paragraph\">Este tiempo, Elvira Mart\u00ednez los ha dedicado en gran parte a exigir que los cuerpos de los mineros sean extra\u00eddos de la entra\u00f1a de la tierra, donde a\u00fan permanecen y hoy una luz de esperanza se enciende, pero tiene preocupaci\u00f3n, porque al actual gobierno federal le queda menos de tres a\u00f1os para cumplir la promesa hecha en 2019.<\/p>\n\n\n\n<p class=\"wp-block-paragraph\">Del dolor por la p\u00e9rdida del padre de sus dos hijas y un hijo, Elvira Mart\u00ednez Espinoza se levant\u00f3, super\u00f3 la depresi\u00f3n que volv\u00eda de un tiempo a otro, \u201clos a\u00f1os han sido dif\u00edciles, pero aqu\u00ed estamos\u201d, dice en entrevista telef\u00f3nica con SemM\u00e9xico.<\/p>\n\n\n\n<p class=\"wp-block-paragraph\">Me qued\u00e9 con tres ni\u00f1os peque\u00f1os, cuenta. Se refiere a Tania, Cristian y Estefan\u00eda, que en 2006 cuando sucedi\u00f3 la tragedia de Pasta de Conchos ten\u00edan 12, 11 y tres a\u00f1os de edad, respectivamente.<\/p>\n\n\n\n<p class=\"wp-block-paragraph\">La otra petici\u00f3n que tampoco, 16 a\u00f1os despu\u00e9s se ha cumplido, es la investigaci\u00f3n que solicitaron sobre quienes podr\u00edan tener responsabilidad por la explosi\u00f3n de la mina ocasionada por la concentraci\u00f3n de gas metano y la falta de ventilaci\u00f3n, era -de acuerdo con autoridades que hicieron algunas investigaciones y por los dichos de los mineros antes de los hechos-: una tragedia anunciada.<\/p>\n\n\n\n<p class=\"wp-block-paragraph\">El dolor no les nubl\u00f3 la raz\u00f3n. \u201cTen\u00eda que haber uno o varios responsables, que ya debieron ser sancionados\u201d, dice y considera que la tragedia pudo prevenirse, que fue un hecho injusto que les arrebat\u00f3 a 65 familias sus sue\u00f1os, los planes en com\u00fan. \u201cHubo negligencia de las autoridades\u201d, sentencia.<\/p>\n\n\n\n<p class=\"wp-block-paragraph\">Hoy esta activista y defensora de los derechos humanos, integrante de la organizaci\u00f3n Familias de Pasta de Conchos, afirma que tuvo que sobreponerse al dolor para exigir justicia.<\/p>\n\n\n\n<p class=\"wp-block-paragraph\">Por muchos a\u00f1os encontraron respuestas negativas. Grupo M\u00e9xico detuvo las excavaciones al a\u00f1o, dijo que no era posible encontrar los cad\u00e1veres, \u201clos declararon muertos, pero nosotros nunca tuvimos sus cuerpos para procesar el duelo, c\u00f3mo sucede normalmente\u201d.<\/p>\n\n\n\n<p class=\"wp-block-paragraph\">Estima que, si les hubieran entregado los cuerpos, si se hubieran esforzado m\u00e1s, hoy nadie estar\u00eda pidiendo nada sobre lo sucedido en Pasta de Conchos aquella madrugada cuando la tierra se cimbr\u00f3, las sirenas se activaron y empezaron. Las mujeres empezaron a recibir llamadas telef\u00f3nicas de ellas mismas, tras el aviso de otros trabajadores. Todas corrieron hacia la mina, ya no pudieron entrar, el ej\u00e9rcito mexicano hab\u00eda llegado m\u00e1s r\u00e1pido que ellas y les impidi\u00f3 el paso.<\/p>\n\n\n\n<p class=\"wp-block-paragraph\">Ella, como otras muchas mujeres, tuvo que organizarse, salir a la calle, encomendar a sus hijos a su madre, porque la vida sigui\u00f3 adelante y sus hijas e hijo crec\u00edan, \u201cno ha sido f\u00e1cil para nadie\u201d.<\/p>\n\n\n\n<p class=\"wp-block-paragraph\">\u201cSigo pensando en el vac\u00edo que nos dej\u00f3 Bladi\u201d, afirma y luego recuerda que muchas veces a escuchado aquello de que las jefas de familia son \u201cmadre y padre al mismo tiempo\u201d, ella dice que no, que sus hijas recibieron mucho cari\u00f1o de su familia materna, el apoyo econ\u00f3mico de sus hermanas, hoy enfermeras jubiladas del IMSS, pero Bladi siempre falt\u00f3 en la vida de su familia, en especial, piensa en Cristian, el \u00fanico hombre de tres menores.<\/p>\n\n\n\n<p class=\"wp-block-paragraph\">En diciembre de 2020, sus hijos todos mayores de edad, recibieron de la Secretar\u00eda de Gobernaci\u00f3n la indemnizaci\u00f3n por la muerte de su padre y eso les ha ayudado a solventar sus gastos personales, de su familia como sucede con Tania, enfermera con especialidad en Obstetricia, hoy de 29 a\u00f1os y madre de una ni\u00f1a; de Cristian, t\u00e9cnico en Mecatr\u00f3nica y emprendedor, de 27 a\u00f1os, y de Estefan\u00eda, de 19, quien estudia la carrera de Medicina.<\/p>\n\n\n\n<p class=\"wp-block-paragraph\">Elvira Mart\u00ednez Espinoza se neg\u00f3 a recibir su parte, el 50 por ciento del total de la indemnizaci\u00f3n. Sin embargo, su pensi\u00f3n por viudez de dos mil 700 pesos mensuales no le alcanza y fue aconsejada que deb\u00eda recibir su parte. La solicit\u00f3 en mayo de 2021 y hasta ahora no la ha recibido.<\/p>\n\n\n\n<p class=\"wp-block-paragraph\">Como ella, faltan otras cuatro familias de recibir su pago. Como Yolis, abuela que \u201cadopt\u00f3\u201d a un menor de tres meses, cuando ocurri\u00f3 la tragedia y a quien no se la han dado porque no tiene la patria potestad del ni\u00f1o y quien tendr\u00eda que compartirla con su madre y otros hermanos.<\/p>\n\n\n\n<p class=\"wp-block-paragraph\">O Hilda, quien en 2006 estaba embarazada, hoy el ni\u00f1o tiene 15 a\u00f1os y no ha recibido su indemnizaci\u00f3n por ser menor de edad.<\/p>\n\n\n\n<p class=\"wp-block-paragraph\">Existe otro caso, de una concubina y las hijas del minero fallecido el 19 de febrero de 2006 en Pasta de Conchos. Quienes finalmente han aceptado que deben dividir el dinero.<\/p>\n\n\n\n<p class=\"wp-block-paragraph\">El dinero, dice, fue una determinaci\u00f3n del presidente Andr\u00e9s Manuel L\u00f3pez Obrador, quien anunci\u00f3 en mayo de 2019 que s\u00ed rescatar\u00eda los cuerpos. Adem\u00e1s de ofrecer viviendas, a trav\u00e9s de Conavi, donde ya se han resuelto en 33 de los 65 casos.<\/p>\n\n\n\n<p class=\"wp-block-paragraph\">En tanto SEDATU se har\u00e1 cargo de la construcci\u00f3n del monumento que se instalar\u00e1 en la mina n\u00famero ocho y de una serie de obras de infraestructura en las comunidades donde residen en la zona carbon\u00edfera coahuilense.<\/p>\n\n\n\n<p class=\"wp-block-paragraph\">Por otra parte, la CFE se encargar\u00e1 del rescate. Hace unos d\u00edas nos dijeron que se har\u00e1 en etapas. Ser\u00e1n 34 meses de preparaci\u00f3n, lo que no nos dijeron es cu\u00e1ndo iniciar\u00e1n las obras, dice Elvira Mart\u00ednez.<\/p>\n\n\n\n<p class=\"wp-block-paragraph\">Sostiene que despu\u00e9s de a\u00f1os de indiferencia de los presidentes Felipe Calder\u00f3n y Enrique Pe\u00f1a Nieto, L\u00f3pez Obrador les dio un discurso diferente y esperanzador, de \u00e1nimo, fue el primero que se comprometi\u00f3 con las familias a rescatar los cuerpos de 63 mineros.<\/p>\n\n\n\n<p class=\"wp-block-paragraph\">Esperanzador, recuerda, porque el Grupo M\u00e9xico dijo en abril de 2007, un a\u00f1o despu\u00e9s de la explosi\u00f3n, que no era viable rescatar los cuerpos. Pero en este gobierno nos han dicho que, si es posible, vinieron expertos internacionales, ahora no sabemos cu\u00e1ndo inician, hay preocupaci\u00f3n, el tiempo pasa y si el sexenio se acaba antes de terminar con lo prometido por L\u00f3pez Obrador podr\u00eda truncarse.<\/p>\n\n\n\n<p class=\"wp-block-paragraph\">SEM\/sj<\/p>\n","protected":false},"excerpt":{"rendered":"<p>Las tragedias te cambian la vida, dice Elvira Mart\u00ednez Espinoza, viuda de Jorge Bladimir Mu\u00f1oz Delgado, uno de los 65 mineros muertos tras una explosi\u00f3n en la mina ocho de Pasta de Conchos.<\/p>\n","protected":false},"author":3,"featured_media":45949,"comment_status":"open","ping_status":"open","sticky":false,"template":"","format":"standard","meta":{"_monsterinsights_skip_tracking":false,"footnotes":""},"categories":[693,54],"tags":[],"class_list":["post-45948","post","type-post","status-publish","format-standard","has-post-thumbnail","category-693","category-mujeres"],"_links":{"self":[{"href":"https:\/\/redsemlac.com\/semmexico\/wp-json\/wp\/v2\/posts\/45948","targetHints":{"allow":["GET"]}}],"collection":[{"href":"https:\/\/redsemlac.com\/semmexico\/wp-json\/wp\/v2\/posts"}],"about":[{"href":"https:\/\/redsemlac.com\/semmexico\/wp-json\/wp\/v2\/types\/post"}],"author":[{"embeddable":true,"href":"https:\/\/redsemlac.com\/semmexico\/wp-json\/wp\/v2\/users\/3"}],"replies":[{"embeddable":true,"href":"https:\/\/redsemlac.com\/semmexico\/wp-json\/wp\/v2\/comments?post=45948"}],"version-history":[{"count":0,"href":"https:\/\/redsemlac.com\/semmexico\/wp-json\/wp\/v2\/posts\/45948\/revisions"}],"wp:featuredmedia":[{"embeddable":true,"href":"https:\/\/redsemlac.com\/semmexico\/wp-json\/wp\/v2\/media\/45949"}],"wp:attachment":[{"href":"https:\/\/redsemlac.com\/semmexico\/wp-json\/wp\/v2\/media?parent=45948"}],"wp:term":[{"taxonomy":"category","embeddable":true,"href":"https:\/\/redsemlac.com\/semmexico\/wp-json\/wp\/v2\/categories?post=45948"},{"taxonomy":"post_tag","embeddable":true,"href":"https:\/\/redsemlac.com\/semmexico\/wp-json\/wp\/v2\/tags?post=45948"}],"curies":[{"name":"wp","href":"https:\/\/api.w.org\/{rel}","templated":true}]}}