{"id":45945,"date":"2022-02-19T15:45:33","date_gmt":"2022-02-19T21:45:33","guid":{"rendered":"https:\/\/redsemlac.com\/semmexico\/?p=45945"},"modified":"2023-07-21T18:59:14","modified_gmt":"2023-07-21T23:59:14","slug":"feministas-rechazan-que-ieepco-avale-elecciones-sin-criterios-de-paridad","status":"publish","type":"post","link":"https:\/\/redsemlac.com\/semmexico\/feministas-rechazan-que-ieepco-avale-elecciones-sin-criterios-de-paridad\/","title":{"rendered":"Feministas rechazan que IEEPCO avale elecciones sin criterios de paridad"},"content":{"rendered":"\n<p class=\"wp-block-paragraph\">* En Oaxaca no se adoptar\u00e1n los criterios de aplicaci\u00f3n de medidas afirmativas<\/p>\n\n\n\n<p class=\"wp-block-paragraph\"><strong>* <\/strong>Los acontecimientos del actual proceso electoral reflejan la resistencia de los partidos pol\u00edticos nacionales para cumplir con la paridad de g\u00e9nero<\/p>\n\n\n\n<p class=\"wp-block-paragraph\">SemM\u00e9xico, Oaxaca, 19 de febrero, 2022.- Feministas con larga trayectoria a favor de la igualdad de g\u00e9nero expresaron su profundo rechazo a la resoluci\u00f3n del Consejo General del Instituto Estatal Electoral y de Participaci\u00f3n Ciudadana de&nbsp;Oaxaca (IEEPCO), por medio de la cual se reconoce que en el actual proceso electoral no se tom\u00f3 en cuenta el criterio de paridad en Oaxaca, no obstante se exhorta a los partidos pol\u00edticos a aplicarlo conforme a lo establecido por la ley de la materia, con 90 d\u00edas de anticipaci\u00f3n al inicio de un proceso electoral.<\/p>\n\n\n\n<p class=\"wp-block-paragraph\">De esta forma, en la elecci\u00f3n de la gubernatura para el periodo electoral local ordinario 2021-2022, no se adoptar\u00e1n los criterios de aplicaci\u00f3n de medidas afirmativas que generen una representaci\u00f3n efectiva de las mujeres en el acceso a los cargos pol\u00edticos relevantes.<\/p>\n\n\n\n<p class=\"wp-block-paragraph\">Defensoras de derechos humanos de las mujeres, integrantes de organizaciones de la sociedad civil, investigadoras y acad\u00e9micas con amplio trabajo a nivel comunitario, local, nacional e internacional, agregan que la paridad de g\u00e9nero debe aplicarse de forma sustantiva y no solo de forma num\u00e9rica.<\/p>\n\n\n\n<p class=\"wp-block-paragraph\">Feministas del estado se\u00f1alan que los \u00faltimos acontecimientos del actual proceso electoral reflejan la resistencia de los partidos pol\u00edticos nacionales para dar cumplimiento a lo establecido respecto a la paridad de g\u00e9nero, as\u00ed como la insistencia en invisibilizar y obstaculizar los derechos pol\u00edticos a las mujeres.<\/p>\n\n\n\n<p class=\"wp-block-paragraph\">Aseguran que mantener esa l\u00ednea interpretativa del principio de la paridad de g\u00e9nero sigue obstruyendo el ejercicio pleno de derechos y se incumple con las convenios, tratados internacionales y recomendaciones hechas al Estado mexicano, imposibilitando el acceso de las mujeres al ejercicio de cargos de decisi\u00f3n.<\/p>\n\n\n\n<p class=\"wp-block-paragraph\">Indican que los derechos y prerrogativas pol\u00edtico \u2013 electorales de las mujeres representan una lucha que no ha sido f\u00e1cil ni se ha dado sin exigencias a trav\u00e9s de manifestaciones sociales, foros nacionales e internacionales, y en diversas leyes, por medio de lo cual se ha logrado asentar precedentes que buscan garantizar el pleno goce de los derechos pol\u00edtico electorales para las mujeres.<\/p>\n\n\n\n<p class=\"wp-block-paragraph\">Agregan que no se puede truncar el gran avance de las mujeres mexicanas en materia de representatividad democr\u00e1tica a trav\u00e9s de los \u00f3rganos e instituciones, el cual deber\u00eda traducirse en la generaci\u00f3n de condiciones \u00f3ptimas para su participaci\u00f3n y el acceso en igualdad de circunstancias a los cargos de designaci\u00f3n y representaci\u00f3n en proporci\u00f3n a los hombres.<\/p>\n\n\n\n<p class=\"wp-block-paragraph\">Esta posibilidad, aseveran, no solamente consiste en que se garantice a las mujeres el ejercicio de emitir su voto, si no que se cumpla con la encomienda legal conforme a los compromisos internacionales asumidos por el Estado mexicano para cumplir con una serie de trabajos necesarios, orientados al logro de la igualdad sustantiva entre hombres y mujeres en nuestro pa\u00eds.<\/p>\n\n\n\n<p class=\"wp-block-paragraph\">SEM\/sj<\/p>\n","protected":false},"excerpt":{"rendered":"<p>Feministas con larga trayectoria a favor de la igualdad de g\u00e9nero expresaron su profundo rechazo a la resoluci\u00f3n del Consejo General del Instituto Estatal Electoral y de Participaci\u00f3n Ciudadana de\u00a0Oaxaca (IEEPCO).<\/p>\n","protected":false},"author":3,"featured_media":45946,"comment_status":"open","ping_status":"open","sticky":false,"template":"","format":"standard","meta":{"_monsterinsights_skip_tracking":false,"footnotes":""},"categories":[693,54],"tags":[],"class_list":["post-45945","post","type-post","status-publish","format-standard","has-post-thumbnail","category-693","category-mujeres"],"_links":{"self":[{"href":"https:\/\/redsemlac.com\/semmexico\/wp-json\/wp\/v2\/posts\/45945","targetHints":{"allow":["GET"]}}],"collection":[{"href":"https:\/\/redsemlac.com\/semmexico\/wp-json\/wp\/v2\/posts"}],"about":[{"href":"https:\/\/redsemlac.com\/semmexico\/wp-json\/wp\/v2\/types\/post"}],"author":[{"embeddable":true,"href":"https:\/\/redsemlac.com\/semmexico\/wp-json\/wp\/v2\/users\/3"}],"replies":[{"embeddable":true,"href":"https:\/\/redsemlac.com\/semmexico\/wp-json\/wp\/v2\/comments?post=45945"}],"version-history":[{"count":0,"href":"https:\/\/redsemlac.com\/semmexico\/wp-json\/wp\/v2\/posts\/45945\/revisions"}],"wp:featuredmedia":[{"embeddable":true,"href":"https:\/\/redsemlac.com\/semmexico\/wp-json\/wp\/v2\/media\/45946"}],"wp:attachment":[{"href":"https:\/\/redsemlac.com\/semmexico\/wp-json\/wp\/v2\/media?parent=45945"}],"wp:term":[{"taxonomy":"category","embeddable":true,"href":"https:\/\/redsemlac.com\/semmexico\/wp-json\/wp\/v2\/categories?post=45945"},{"taxonomy":"post_tag","embeddable":true,"href":"https:\/\/redsemlac.com\/semmexico\/wp-json\/wp\/v2\/tags?post=45945"}],"curies":[{"name":"wp","href":"https:\/\/api.w.org\/{rel}","templated":true}]}}