{"id":45935,"date":"2022-02-19T15:05:39","date_gmt":"2022-02-19T21:05:39","guid":{"rendered":"https:\/\/redsemlac.com\/semmexico\/?p=45935"},"modified":"2023-07-21T18:59:14","modified_gmt":"2023-07-21T23:59:14","slug":"frente-a-los-fundamentalismos-lo-fundamental-es-la-gente","status":"publish","type":"post","link":"https:\/\/redsemlac.com\/semmexico\/frente-a-los-fundamentalismos-lo-fundamental-es-la-gente\/","title":{"rendered":"Frente a los fundamentalismos, lo fundamental es la gente"},"content":{"rendered":"\n<p class=\"wp-block-paragraph\">* Asamblea Feminista de Madrid definen un feminismo inclusivo, anticapitalista, antirracista<\/p>\n\n\n\n<p class=\"wp-block-paragraph\">* Analizan de lo que la covid ha supuesto para las mujeres y para el movimiento feminista<\/p>\n\n\n\n<p class=\"wp-block-paragraph\">Gloria L\u00f3pez<\/p>\n\n\n\n<p class=\"wp-block-paragraph\">SemM\u00e9xico\/AmecoPress, Madrid, 19 febrero 2022.- Hoy han comenzado los encuentros sobre fundamentalismos organizados por Medicusmundi Gipuzkoa en Donostia, un espacio pensado para analizar el contexto pol\u00edtico actual y el papel que siguen jugando hoy d\u00eda los fundamentalismos en la vulneraci\u00f3n de las libertades y derechos de las personas, concretamente de las mujeres y de manera especial en el ejercicio de los derechos sexuales y reproductivos.<\/p>\n\n\n\n<p class=\"wp-block-paragraph\">&nbsp;\u201cEntendemos los fundamentalismos en sus m\u00faltiples expresiones culturales, religiosas, econ\u00f3micas o pol\u00edticas que defienden el pensamiento \u00fanico e inmutable como norma para la sociedad,\u201d encuadran desde la organizaci\u00f3n. \u201cEn el contexto actual de crisis sanitaria hemos podido comprobar que nunca lo local fue tan global ni lo global tan local. Diariamente somos testigos de una creciente y vergonzosa inequidad global y de un contexto mundial de grandes polarizaciones, donde las extremas derechas manifiestan claros elementos comunes a trav\u00e9s de la defensa a ultranza de pol\u00edticas anti-g\u00e9nero, racistas, anti ecologistas y abiertamente contrarias a las libertades y derechos conquistados en las \u00faltimas d\u00e9cadas por las mujeres y por el colectivo LGTBIQ+\u201d.<\/p>\n\n\n\n<p class=\"wp-block-paragraph\">El panel inaugural de los encuentros, \u201cDe pol\u00edticas sexuales y desaf\u00edos feministas en estos tiempos de pandemia y ofensiva neoliberal,\u201d ha contado con la participaci\u00f3n de Nalu de Faria da Silva, integrante del Comit\u00e9 Internacional de la Marcha Mundial de las Mujeres y de la Organizaci\u00f3n feminista Sempreviva, y de Justa Montero, activista feminista y social e integrante de la Asamblea Feminista de Madrid. Juntas han defendido un feminismo inclusivo, anticapitalista, antirracista y en alianza con otros movimientos sociales.<\/p>\n\n\n\n<p class=\"wp-block-paragraph\">En sus ponencias han ofrecido un an\u00e1lisis de lo que la covid ha supuesto para las mujeres y para el movimiento feminista. Tambi\u00e9n han aportado claves para comprender el modo de operar de la ultraderecha y los desaf\u00edos a enfrentar en esta etapa.<\/p>\n\n\n\n<p class=\"wp-block-paragraph\">La descalificaci\u00f3n de la pol\u00edtica, la descalificaci\u00f3n de lo social, la exaltaci\u00f3n del individualismo, caracter\u00edstico del modelo neoliberal, son formas usadas por la ultraderecha para imponerse, explicaba Nalu de Faria da Silvam, algo que no es ajeno a lo que est\u00e1 sucediendo en los mercados. El riesgo de fragmentaci\u00f3n en los movimientos sociales, ya presente, en la d\u00e9cada de los 90, cuando ciertos sectores progresistas acusaban a las mujeres de dividir a la clase trabajadora, es alentado por el sistema, cada vez m\u00e1s.<\/p>\n\n\n\n<p class=\"wp-block-paragraph\">Sin embargo, los movimientos sociales y en particular las mujeres \u201chemos sostenido la vida\u201d durante la pandemia, \u201cnos hemos movilizado y hemos mostrado una gran solidaridad\u201d, ha expuesto Nalu de Faria da Silvam. La feminista planteaba la necesidad de afirmar esa solidaridad no solo en un momento de emergencia como ha sido la covid, sino como elemento constitutivo de las relaciones sociales y de la econom\u00eda.<\/p>\n\n\n\n<p class=\"wp-block-paragraph\"><strong>Vidas que no importan<\/strong><\/p>\n\n\n\n<p class=\"wp-block-paragraph\">Efectivamente la crisis sanitaria, superpuesta a una crisis sist\u00e9mica, ha evidenciado que \u201cel sistema se basa en una acumulaci\u00f3n de capas de explotaci\u00f3n y precariedad econ\u00f3mica\u201d, argumentaba Justa Montero. Ha quedado patente la precariedad ambiental, as\u00ed como las violencias en los \u00e1mbitos dom\u00e9sticos y tambi\u00e9n \u201cque hay vidas que no importan\u201d. En definitiva, la situaci\u00f3n es insostenible, requiere de soluciones y de un replanteamiento global. Esa es la propuesta feminista y por eso la reacci\u00f3n, la connivencia entre neoliberalismo y extremaderecha para atacar a las mujeres y tratar de debilitar al movimiento feminista, criminaliz\u00e1ndolo.<\/p>\n\n\n\n<p class=\"wp-block-paragraph\">Montero ha explicado que el feminismo ha cuestionado al sistema mediante un an\u00e1lisis macro y, a la vez, desde la experiencia de vida concreta de las mujeres. \u201cEs lo que nos permite hablar de un sujeto complejo\u201d, ha dicho, para precisar que no puede haber un feminismo que defienda tener derechos a costa de otras que no los tienen. Si el feminismo no apuesta por cambios que benefician a todas y si se expande una idea de igualdad que no toca las estructuras sociales, se abona el terreno al neoliberalismo y la extremaderecha.<\/p>\n\n\n\n<p class=\"wp-block-paragraph\"><strong>Desaf\u00edos<\/strong><\/p>\n\n\n\n<p class=\"wp-block-paragraph\">La activista ha defendido tambi\u00e9n hacer \u201cuna apuesta por el \u00e1mbito de lo social\u201d, un \u00e1mbito demonizado por el neoliberalismo y que trata de fragmentar. Es un momento en el que se intentan movilizar dos emociones negativas, el miedo y la inseguridad, lo que refuerza los estados totalitarios y las salidas punitivistas. Montero puso el ejemplo de las violencias sexuales instrumentalizadas por la ultraderecha para criminalizar a los migrantes y para reclamar la cadena perpetua. Pero tambi\u00e9n las posiciones tr\u00e1nsfobas inciden en este imaginario de miedo, criminalizaci\u00f3n y negaci\u00f3n de derechos.<\/p>\n\n\n\n<p class=\"wp-block-paragraph\">El reto, seg\u00fan Justa Montero, es tener capacidad no solo de an\u00e1lisis, sino de ver hacia d\u00f3nde avanzar. La libertad \u201cest\u00e1 en disputa\u201d y necesitamos \u201cresignificarla\u201d. Apelando a la reflexi\u00f3n planteada por Wendy McElroy, Montero ha abogado por una libertad para y no solo de; libertad para elegir, para construir, para vivir.<\/p>\n\n\n\n<p class=\"wp-block-paragraph\">Las activistas han defendido la vuelta a lo presencial y la construcci\u00f3n de espacios de di\u00e1logo y de reflexi\u00f3n conjunta.<\/p>\n\n\n\n<p class=\"wp-block-paragraph\"><strong>Programa<\/strong><\/p>\n\n\n\n<p class=\"wp-block-paragraph\">Los encuentros continuaron con el Panel \u201cCampa\u00f1as antig\u00e9nero, racismo y neoliberalismo en Europa y Am\u00e9rica Latina\u201d. \u2018Hungr\u00eda: Resistance actions from the LGTBIQ+ movement against the anti-gender politics of the autocratic Orban government\u2019, ha sido el t\u00edtulo de la intervenci\u00f3n de Dorottya Redai, investigadora y activista LGTBIQ en el pa\u00eds; \u2018\u00bfQu\u00e9 est\u00e1 pasando en Nicaragua? Alianzas del gobierno de Daniel Ortega y los grupos fundamentalistas\u2019, ha sido el eje de la ponencia de Silvia Zu\u00f1iga, feminista y lesbiana nicarag\u00fcense, perseguida y exiliada en Bilbao e integrante de EH Feministak Nika. Nalu de Faria da Silva ha hablado de las \u2018Campa\u00f1as antig\u00e9nero, racismo y neoliberalismo en el Brasil de Bolsonaro\u2019. Por \u00faltimo, Amelia Mart\u00ednez Lobo, project Manager y directora de la publicaci\u00f3n \u201cDe los neoc\u00f3n a los neonazis. La derecha radical en el Estado espa\u00f1ol\u201d editado por la Fundaci\u00f3n Rosa Luxemburg, ha analizado la situaci\u00f3n de la ultraderecha en el estado espa\u00f1ol y sus convergencias con los fundamentalismos religiosos.<\/p>\n\n\n\n<p class=\"wp-block-paragraph\">Por la tarde, se propone el Coloquio \u201cCuerpos y territorios en resistencia: construyendo vidas libres de violencia\u201d, con la participaci\u00f3n de Massouda Kohistani, activista por los derechos de las mujeres y refugiada afgana y de Hiwot Abebe, integrante de la organizaci\u00f3n feminista et\u00edope \u201cSetaweet\u201d.<\/p>\n\n\n\n<p class=\"wp-block-paragraph\">Ma\u00f1ana viernes, la jornada empezar\u00e1 con el Panel \u201cMujeres rurales e ind\u00edgenas frente a la industria extractiva y el poder corporativo.\u201d Intervienen Laura Z\u00fa\u00f1iga C\u00e1ceres, activista de derechos humanos e hija de la defensora Berta C\u00e1ceres -asesinada en 2016-, integrante del Consejo C\u00edvico de Organizaciones Populares e Ind\u00edgenas de Honduras (COPINH); Lia Mai Torre, Kalikasan People\u2019s Network for the Environment and Asia-Pacific Network of Environmental Defenders (APNED); desde Ecuador, Patricia T\u00faqueres Pichamba, integrante del Colectivo Saramanta Warmikuna y Acci\u00f3n Ecol\u00f3gica.<\/p>\n\n\n\n<p class=\"wp-block-paragraph\">El segundo Panel \u201cSexualidades y cuerpos no normativos: de moralismos, delitos de odio y otras fobias,\u201d contar\u00e1 con la experiencia de organizaciones y activistas de diversos territorios:<\/p>\n\n\n\n<p class=\"wp-block-paragraph\">&nbsp;India: Suspend judgment! Sex workers, sexual and bodily diversity&#8230; and other forms of stigma and marginalization. CREA, organizaci\u00f3n feminista internacional de derechos humanos con sede en el Sur Global y dirigida por mujeres del Sur Global.<\/p>\n\n\n\n<p class=\"wp-block-paragraph\"><br><img loading=\"lazy\" decoding=\"async\" width=\"8\" height=\"11\" src=\"\" alt=\"https:\/\/www.amecopress.net\/squelettes\/puce.gif\">&nbsp;Estado espa\u00f1ol: Terapias de conversi\u00f3n y fundamentalismos religiosos\u2026no tan lejos como creemos Sa\u00fal Castro Fern\u00e1ndez, abogado especializado en derechos humanos, derechos LGTBI y litigio estrat\u00e9gico. Fundador y Presidente de \u201cNo Es terapia\u201d, la Asociaci\u00f3n Espa\u00f1ola contra las Terapias de Conversi\u00f3n.<\/p>\n\n\n\n<p class=\"wp-block-paragraph\"><br><img loading=\"lazy\" decoding=\"async\" width=\"8\" height=\"11\" src=\"\" alt=\"https:\/\/www.amecopress.net\/squelettes\/puce.gif\">&nbsp;Honduras: Del activismo Trans en Honduras y sus formas de cuidado y resistencia. Sasha Rodr\u00edguez, OPROUCE, organizaci\u00f3n l\u00edder en la defensa y promoci\u00f3n de los Derechos Humanos de la comunidad LGBTI en Honduras.<\/p>\n\n\n\n<p class=\"wp-block-paragraph\"><br><img loading=\"lazy\" decoding=\"async\" width=\"8\" height=\"11\" src=\"\" alt=\"https:\/\/www.amecopress.net\/squelettes\/puce.gif\">&nbsp;Estado espa\u00f1ol: Por un feminismo de la libertad. Contra normatividades sexuales, purezas y moralismos. Laura Macaya, activista libertaria y feminista, coordinadora y coautora del libro \u201cAlianzas rebeldes. Un feminismo m\u00e1s all\u00e1 dela identidad.\u201d<\/p>\n\n\n\n<p class=\"wp-block-paragraph\">Estos Encuentros, organizados en colaboraci\u00f3n con las organizaciones feministas CREA de India y el Movimiento Manuela Ramos de Per\u00fa, se presentan como \u201cun espacio para abordar los problemas sociopol\u00edticos m\u00e1s desafiantes de la actualidad y sus intersecciones con el feminismo y la lucha por los Derechos Humanos, analizando los diferentes factores sociales, pol\u00edticos y econ\u00f3micos que est\u00e1n detr\u00e1s de estos fundamentalismos, y amplificando aquellas voces que se oponen con firmeza a estas pr\u00e1cticas y discursos sociales\u201d.<\/p>\n\n\n\n<p class=\"wp-block-paragraph\">SEM-AmecoPress\/gl<\/p>\n","protected":false},"excerpt":{"rendered":"<p>Hoy han comenzado los encuentros sobre fundamentalismos organizados por Medicusmundi Gipuzkoa en Donostia.<\/p>\n","protected":false},"author":3,"featured_media":45940,"comment_status":"open","ping_status":"open","sticky":false,"template":"","format":"standard","meta":{"_monsterinsights_skip_tracking":false,"footnotes":""},"categories":[693,53],"tags":[],"class_list":["post-45935","post","type-post","status-publish","format-standard","has-post-thumbnail","category-693","category-internacional"],"_links":{"self":[{"href":"https:\/\/redsemlac.com\/semmexico\/wp-json\/wp\/v2\/posts\/45935","targetHints":{"allow":["GET"]}}],"collection":[{"href":"https:\/\/redsemlac.com\/semmexico\/wp-json\/wp\/v2\/posts"}],"about":[{"href":"https:\/\/redsemlac.com\/semmexico\/wp-json\/wp\/v2\/types\/post"}],"author":[{"embeddable":true,"href":"https:\/\/redsemlac.com\/semmexico\/wp-json\/wp\/v2\/users\/3"}],"replies":[{"embeddable":true,"href":"https:\/\/redsemlac.com\/semmexico\/wp-json\/wp\/v2\/comments?post=45935"}],"version-history":[{"count":0,"href":"https:\/\/redsemlac.com\/semmexico\/wp-json\/wp\/v2\/posts\/45935\/revisions"}],"wp:featuredmedia":[{"embeddable":true,"href":"https:\/\/redsemlac.com\/semmexico\/wp-json\/wp\/v2\/media\/45940"}],"wp:attachment":[{"href":"https:\/\/redsemlac.com\/semmexico\/wp-json\/wp\/v2\/media?parent=45935"}],"wp:term":[{"taxonomy":"category","embeddable":true,"href":"https:\/\/redsemlac.com\/semmexico\/wp-json\/wp\/v2\/categories?post=45935"},{"taxonomy":"post_tag","embeddable":true,"href":"https:\/\/redsemlac.com\/semmexico\/wp-json\/wp\/v2\/tags?post=45935"}],"curies":[{"name":"wp","href":"https:\/\/api.w.org\/{rel}","templated":true}]}}