{"id":45932,"date":"2022-02-19T14:57:55","date_gmt":"2022-02-19T20:57:55","guid":{"rendered":"https:\/\/redsemlac.com\/semmexico\/?p=45932"},"modified":"2023-07-21T18:59:14","modified_gmt":"2023-07-21T23:59:14","slug":"el-reto-es-mayusculo","status":"publish","type":"post","link":"https:\/\/redsemlac.com\/semmexico\/el-reto-es-mayusculo\/","title":{"rendered":"El reto es may\u00fasculo"},"content":{"rendered":"\n<p class=\"wp-block-paragraph\">Alejandra Maritza Cartagena L\u00f3pez<\/p>\n\n\n\n<p class=\"wp-block-paragraph\">SemM\u00e9xico, Guadalajara, Jal., 19 de febrero, 2022.- La verdad, la justicia, la reparaci\u00f3n integral y las garant\u00edas de no repetici\u00f3n pareciera ser solo palabras que no hacen sentido en un pa\u00eds de m\u00e1s de 97 mil personas desaparecidas seg\u00fan el Registro nacional de personas desaparecidas y no localizadas. Dentro de estas 97 mil personas se encuentran las y los desaparecidos de la mal llamada guerra sucia, ese periodo casi olvidado por la sociedad, pero que las y los familiares no olviden y a m\u00e1s de 40 a\u00f1os han logrado la creaci\u00f3n de la Comisi\u00f3n para el acceso a la verdad, esclarecimiento hist\u00f3rico y el impulso a la justicia de las violaciones graves a los derechos humanos cometidas de 1965- 1990 este periodo se consider\u00f3 pensando el diferenciar entre otras graves violaciones a derechos humanos.<\/p>\n\n\n\n<p class=\"wp-block-paragraph\">Las y los comisionados fueron elegidos en una convocatoria abierta donde finalmente fueron elegidas la Aleida Garc\u00eda Aguirre, Abel Barrera Hern\u00e1ndez, David de Jes\u00fas Fern\u00e1ndez D\u00e1valos, Eugenia Allier Monta\u00f1o y Carlos P\u00e9rez Ricart quienes se han comprometido a realizar un trabajo de la mano de las familias y los colectivos. Visitaran en un primer momento 5 estados Oaxaca, Jalisco, Puebla, Guerrero y Chihuahua donde presentaran los planes de trabajo de la comisi\u00f3n y los cinco mecanismos (Mecanismo para la verdad y esclarecimiento hist\u00f3rico, Plan especial de b\u00fasqueda y de v\u00edctimas, comit\u00e9 de impulso a la justicia, acciones para la memoria y garant\u00edas de no repetici\u00f3n) que se crearon para cumplir con el mandato.<\/p>\n\n\n\n<p class=\"wp-block-paragraph\">El reto es may\u00fasculo, sin embargo, sabemos que el pa\u00eds debe comenzar a transitar hacia la verdad y la justicia y para ello la memoria y encontrar a nuestras desaparecidas y desaparecidos es lo m\u00e1s importante.<\/p>\n\n\n\n<p class=\"wp-block-paragraph\">Hoy la comisi\u00f3n y los mecanismos que la integran se re\u00fanen con familiares de personas desaparecidas y sobrevivientes en una reuni\u00f3n hist\u00f3rica en las instalaciones de la Universidad Jesuita de Guadalajara ITESO que marca los primeros pasos en la b\u00fasqueda de la memoria, la verdad, la justicia, reparaci\u00f3n y garant\u00edas de no repetici\u00f3n.<\/p>\n\n\n\n<p class=\"wp-block-paragraph\">Hoy recordamos a quienes siempre trabajaron por la memoria, verdad, la justicia. Gracias Guaymas porque estos trabajos hist\u00f3ricos los debemos a hombres y mujeres como t\u00fa que no se rindieron y que adoptaron como vida el encontrar a sus compa\u00f1eras y compa\u00f1eros desaparecidos.<\/p>\n","protected":false},"excerpt":{"rendered":"<p>La verdad, la justicia, la reparaci\u00f3n integral y las garant\u00edas de no repetici\u00f3n pareciera ser solo palabras que no hacen sentido en un pa\u00eds de m\u00e1s de 97 mil personas desaparecidas seg\u00fan el Registro nacional de personas desaparecidas y no localizadas. <\/p>\n","protected":false},"author":3,"featured_media":45933,"comment_status":"open","ping_status":"open","sticky":false,"template":"","format":"standard","meta":{"_monsterinsights_skip_tracking":false,"footnotes":""},"categories":[693,110,35],"tags":[],"class_list":["post-45932","post","type-post","status-publish","format-standard","has-post-thumbnail","category-693","category-la-opinion-columnas","category-opinion"],"_links":{"self":[{"href":"https:\/\/redsemlac.com\/semmexico\/wp-json\/wp\/v2\/posts\/45932","targetHints":{"allow":["GET"]}}],"collection":[{"href":"https:\/\/redsemlac.com\/semmexico\/wp-json\/wp\/v2\/posts"}],"about":[{"href":"https:\/\/redsemlac.com\/semmexico\/wp-json\/wp\/v2\/types\/post"}],"author":[{"embeddable":true,"href":"https:\/\/redsemlac.com\/semmexico\/wp-json\/wp\/v2\/users\/3"}],"replies":[{"embeddable":true,"href":"https:\/\/redsemlac.com\/semmexico\/wp-json\/wp\/v2\/comments?post=45932"}],"version-history":[{"count":0,"href":"https:\/\/redsemlac.com\/semmexico\/wp-json\/wp\/v2\/posts\/45932\/revisions"}],"wp:featuredmedia":[{"embeddable":true,"href":"https:\/\/redsemlac.com\/semmexico\/wp-json\/wp\/v2\/media\/45933"}],"wp:attachment":[{"href":"https:\/\/redsemlac.com\/semmexico\/wp-json\/wp\/v2\/media?parent=45932"}],"wp:term":[{"taxonomy":"category","embeddable":true,"href":"https:\/\/redsemlac.com\/semmexico\/wp-json\/wp\/v2\/categories?post=45932"},{"taxonomy":"post_tag","embeddable":true,"href":"https:\/\/redsemlac.com\/semmexico\/wp-json\/wp\/v2\/tags?post=45932"}],"curies":[{"name":"wp","href":"https:\/\/api.w.org\/{rel}","templated":true}]}}