{"id":45927,"date":"2022-02-19T14:36:01","date_gmt":"2022-02-19T20:36:01","guid":{"rendered":"https:\/\/redsemlac.com\/semmexico\/?p=45927"},"modified":"2023-07-21T18:59:14","modified_gmt":"2023-07-21T23:59:14","slug":"la-violencia-sexual-como-sujeto-de-estudio-en-las-universidades","status":"publish","type":"post","link":"https:\/\/redsemlac.com\/semmexico\/la-violencia-sexual-como-sujeto-de-estudio-en-las-universidades\/","title":{"rendered":"La violencia sexual como sujeto de estudio en las universidades"},"content":{"rendered":"\n<p class=\"wp-block-paragraph\">* El grupo SEXVIOL organiza una serie seminarios sobre las violencias sexuales en Espa\u00f1a<\/p>\n\n\n\n<p class=\"wp-block-paragraph\">* Este pa\u00eds europeo registra 400.000 actos de violencia sexual por a\u00f1o<\/p>\n\n\n\n<p class=\"wp-block-paragraph\">Cecilia Barba Arteaga<\/p>\n\n\n\n<p class=\"wp-block-paragraph\">SemM\u00e9xico\/AmecoPress, Madrid, 19 de febrero, 2022.- El pasado mi\u00e9rcoles tuvo lugar el primer de los seminarios que organizada por el grupo SEXVIOL, llamado \u201cViolencias sexuales. Una mirada panor\u00e1mica desde las investigaciones emp\u00edricas\u00bb. Acogido por la Facultad de Ciencias Pol\u00edticas y Sociolog\u00eda de la Universidad Complutense de Madrid (UCM), donde tendr\u00e1n lugar un total de seis seminarios sobre la judicializaci\u00f3n de las violencias sexuales en Espa\u00f1a.<\/p>\n\n\n\n<p class=\"wp-block-paragraph\">El Grupo SEXVIOL es un grupo de docentes e investigadoras de cuatro universidades p\u00fablicas espa\u00f1olas (UCM, UC3M, U. de Valencia y U. de Ja\u00e9n). Este grupo de trabajo nace en 2016 a ra\u00edz del caso de la Manada y ante la necesidad de que \u201clas violencias sexuales se convirtieran en sujeto de estudio para las universidades\u201d explica Esther del Campo, profesora de la UCM.<\/p>\n\n\n\n<p class=\"wp-block-paragraph\">En el Informe que la Universidad de Barcelona hizo analizando datos de 2018 y 2019, Espa\u00f1a registra 400.000 actos de violencia sexual por a\u00f1o, de los cuales, seg\u00fan informaban en el seminario, apenas se detectan un 2% de estos casos. De los actos de violencia sexual, m\u00e1s de 350.000 v\u00edctimas son mujeres, y solo 15% de los casos la v\u00edctima es hombre, en su gran mayor\u00eda menores de edad. Siendo la tasa de denuncias de 20.83 por cada 100.000 habitantes. Se\u00f1alaba la catedr\u00e1tica del Campo, la necesidad de abordar este problema desde la universidad, tambi\u00e9n \u201cpara intentar establecer pol\u00edticas preventivas desde la educaci\u00f3n\u201d.<\/p>\n\n\n\n<p class=\"wp-block-paragraph\">Espa\u00f1a registra 400.000 actos de violencia sexual por a\u00f1o, de los cuales apenas se detectan un 2% de estos casos.<\/p>\n\n\n\n<p class=\"wp-block-paragraph\">Para abordar estos temas, desde una perspectiva cient\u00edfica y acad\u00e9mica, y bajo el t\u00edtulo general \u00abValoraci\u00f3n integral de los da\u00f1os causados a personas que han sufrido violencia sexual: impactos en la salud y la autonom\u00eda social\u00bb. Las ponentes de este primer seminario fueron Nieves Prado Soto, de la Asociaci\u00f3n Creaci\u00f3n Positiva; Manuela Torres Calzada, abogada y parte de la Asociaci\u00f3n Themis; y Cristina Cazorla Gonz\u00e1lez, investigadora de la UNED.<\/p>\n\n\n\n<p class=\"wp-block-paragraph\">Creaci\u00f3n Positiva es una asociaci\u00f3n feminista que trabajada, desde 2002, para \u201chacer efectivos el derecho a la salud sexual y a vivir una vida libre de violencias\u201d. Nieves Prado Soto, representante de la asociaci\u00f3n, se\u00f1alaba la garant\u00eda de estos derechos como piedra angular del proyecto, adem\u00e1s del trabajo desde una perspectiva feminista e interseccional. Esta interseccionalidad y diversidad, aclaraba, debe cumplirse tanto en las personas con las que trabajan como aquellas personas referentes. Como ejemplo, hablaba de la dificultad del proceso si la acompa\u00f1ante no habla el mismo idioma que la v\u00edctima. Nieves Prado hablaba de un proceso continuado de trabajo de las mujeres que conlleve el paso por todos los ejes, manteniendo a la mujer en el centro. Esto supone generar interdependencia entre servicios y romper con la l\u00f3gica jur\u00eddica en los procesos a los que se enfrenta la v\u00edctima de violencia sexual, generando un abordaje integral personalizado. La abogada Manuela Torres Calzada compart\u00eda esta idea.<\/p>\n\n\n\n<p class=\"wp-block-paragraph\">Generar interdependencia entre servicios y romper con la l\u00f3gica jur\u00eddica en los procesos a los que se enfrenta la v\u00edctima de violencia sexual.<\/p>\n\n\n\n<p class=\"wp-block-paragraph\">Manuela Torres pertenece a la Asociaci\u00f3n de Mujeres Juristas Themis y tiene un largo recorrido en el ejercicio directo con las v\u00edctimas de violencia sexual como abogada. La Asociaci\u00f3n Themis es una ONG sin \u00e1nimo de lucro de abogadas, procuradoras, magistradas y secretarias judiciales de Espa\u00f1a cuya misi\u00f3n es llevar a cabo \u201caquellas acciones que garanticen la efectividad de los derechos de las mujeres e impulsamos propuestas de cambio de aquellas normas jur\u00eddicas que atenten contra sus derechos\u201d. Manuela Torres tambi\u00e9n opina que es fundamental el acompa\u00f1amiento de las v\u00edctimas, asegurada que la \u201cespecializaci\u00f3n de la materia es indispensable para todos lo profesionales que tratan con la v\u00edctima\u201d.<\/p>\n\n\n\n<p class=\"wp-block-paragraph\">Para reforzar esta idea, la abogada habl\u00f3 de su experiencia propia como abogada y de cu\u00e1n importante es hacer entender a los profesionales del cuidado en las violencias sexuales: \u201cun polic\u00eda pregunt\u00e1ndole a una menor de 11 a\u00f1os de qu\u00e9 tama\u00f1o era el pene del agresor. \u00bfQu\u00e9 aporta eso a la investigaci\u00f3n?\u201d. Esta especializaci\u00f3n de los profesionales tambi\u00e9n supondr\u00eda no homogeneizar las respuestas, ya que no a todas las v\u00edctimas la agresi\u00f3n le afecta de forma similar ni tampoco reaccionan igual, idea que compart\u00edan las dem\u00e1s ponentes en sus exposiciones.<\/p>\n\n\n\n<p class=\"wp-block-paragraph\">Otra de las piezas claves del seminario en las que las ponentes coincid\u00edan, es la necesidad de constatar el da\u00f1o psicol\u00f3gico en el proceso judicial. La abogada se\u00f1alaba que no se valora el da\u00f1o sobre la salud mental que supone una agresi\u00f3n sexual para la v\u00edctima. Tambi\u00e9n hablaba de esto Cristina Cazorla durante su presentaci\u00f3n, donde explicada que en la graduaci\u00f3n de situaciones de las resoluciones judiciales de su investigaci\u00f3n no se considera el da\u00f1o moral ni de salud mental de las v\u00edctimas.<\/p>\n\n\n\n<p class=\"wp-block-paragraph\">Cristina Cazorla es jurista e investigadora y bas\u00f3 su ponencia en su investigaci\u00f3n sobre agresiones sexuales grupales. Coincidiendo con la idea ya mencionada de Manuela Torres, la investigadora expuso c\u00f3mo en su investigaci\u00f3n, basada en 244 casos, no exist\u00edan valoraciones ps\u00edquicas en las v\u00edctimas que pudieran agravar o no las resoluciones judiciales, siendo estas sin duda una parte crucial en el proceso de recuperaci\u00f3n de la v\u00edctima. De hecho, los resultados lesivos f\u00edsicos en los distintos casos solo resultaron agravantes en el 37% de los casos, siendo en el 73% de estos considerados delitos leves.<\/p>\n\n\n\n<p class=\"wp-block-paragraph\">Sobre el mito del violador y del ideario colectivo de una violaci\u00f3n habl\u00f3 la abogada Manuel, \u201cla mayor\u00eda de las agresiones sexuales se producen en el domicilio, son personas conocidas o del entorno de la v\u00edctima\u201d. Cristina, sobre esto, a\u00f1ad\u00eda que el perfil del detenido o del investigado es muy distinto al del sujeto acusado, absuelto o condenado. Esto es as\u00ed porque para que en muchos casos no hay denuncia o esta es retirada, para lo cual propon\u00eda Manuela la posibilidad de abrir una \u201cinvestigaci\u00f3n de oficio sin necesidad de denuncia o cuando quitan la denuncia\u201d.<\/p>\n\n\n\n<p class=\"wp-block-paragraph\">Ante una pregunta de la sala, no hubo tanto consenso. Una oyente pregunt\u00f3 que, si tras todo lo expuesto, no era disuasorio incitar a la v\u00edctima a que denuncie. Cristina Cazorla contest\u00f3 que su investigaci\u00f3n y exposici\u00f3n era un toque de atenci\u00f3n para los profesionales, pero que no deb\u00eda traducirse en una negativa para la denuncia de la v\u00edctima. La abogada Manuela Torres, en cambio, comparti\u00f3 que ella jam\u00e1s aconseja a una v\u00edctima que denuncie o no, \u201cla denuncia es una herramienta m\u00e1s para la recuperaci\u00f3n de la v\u00edctima, pero no es lo principal\u201d.<\/p>\n\n\n\n<p class=\"wp-block-paragraph\">SEM-AmecoPress\/gba<\/p>\n","protected":false},"excerpt":{"rendered":"<p>El pasado mi\u00e9rcoles tuvo lugar el primer de los seminarios que organizada por el grupo SEXVIOL, llamado \u201cViolencias sexuales. Una mirada panor\u00e1mica desde las investigaciones emp\u00edricas\u00bb.<\/p>\n","protected":false},"author":3,"featured_media":45928,"comment_status":"open","ping_status":"open","sticky":false,"template":"","format":"standard","meta":{"_monsterinsights_skip_tracking":false,"footnotes":""},"categories":[693,53],"tags":[],"class_list":["post-45927","post","type-post","status-publish","format-standard","has-post-thumbnail","category-693","category-internacional"],"_links":{"self":[{"href":"https:\/\/redsemlac.com\/semmexico\/wp-json\/wp\/v2\/posts\/45927","targetHints":{"allow":["GET"]}}],"collection":[{"href":"https:\/\/redsemlac.com\/semmexico\/wp-json\/wp\/v2\/posts"}],"about":[{"href":"https:\/\/redsemlac.com\/semmexico\/wp-json\/wp\/v2\/types\/post"}],"author":[{"embeddable":true,"href":"https:\/\/redsemlac.com\/semmexico\/wp-json\/wp\/v2\/users\/3"}],"replies":[{"embeddable":true,"href":"https:\/\/redsemlac.com\/semmexico\/wp-json\/wp\/v2\/comments?post=45927"}],"version-history":[{"count":0,"href":"https:\/\/redsemlac.com\/semmexico\/wp-json\/wp\/v2\/posts\/45927\/revisions"}],"wp:featuredmedia":[{"embeddable":true,"href":"https:\/\/redsemlac.com\/semmexico\/wp-json\/wp\/v2\/media\/45928"}],"wp:attachment":[{"href":"https:\/\/redsemlac.com\/semmexico\/wp-json\/wp\/v2\/media?parent=45927"}],"wp:term":[{"taxonomy":"category","embeddable":true,"href":"https:\/\/redsemlac.com\/semmexico\/wp-json\/wp\/v2\/categories?post=45927"},{"taxonomy":"post_tag","embeddable":true,"href":"https:\/\/redsemlac.com\/semmexico\/wp-json\/wp\/v2\/tags?post=45927"}],"curies":[{"name":"wp","href":"https:\/\/api.w.org\/{rel}","templated":true}]}}