{"id":45924,"date":"2022-02-19T14:26:19","date_gmt":"2022-02-19T20:26:19","guid":{"rendered":"https:\/\/redsemlac.com\/semmexico\/?p=45924"},"modified":"2023-07-21T18:59:14","modified_gmt":"2023-07-21T23:59:14","slug":"tengo-dos-anos-luchando-contra-un-poderoso-senala-victima-de-hostigamiento-sexual","status":"publish","type":"post","link":"https:\/\/redsemlac.com\/semmexico\/tengo-dos-anos-luchando-contra-un-poderoso-senala-victima-de-hostigamiento-sexual\/","title":{"rendered":"Tengo dos a\u00f1os luchando contra un poderoso: se\u00f1ala v\u00edctima de hostigamiento sexual"},"content":{"rendered":"\n<p class=\"wp-block-paragraph\">* Este viernes se pospuso la audiencia de imputaci\u00f3n para el pr\u00f3ximo viernes<\/p>\n\n\n\n<p class=\"wp-block-paragraph\">* El presunto agresor es el presidente del Tribunal Universitario UNAM<\/p>\n\n\n\n<p class=\"wp-block-paragraph\">Lorena Vaniezcot<\/p>\n\n\n\n<p class=\"wp-block-paragraph\">SemM\u00e9xico, Cd. de M\u00e9xico, 19 de febrero, 2022.- Tras tres horas y media de audiencia, el juez federal de Control, Gustavo Aquiles Villase\u00f1or, pospuso para la pr\u00f3xima semana la realizaci\u00f3n de la audiencia de imputaci\u00f3n en contra de Ra\u00fal Eduardo L.B. acusado de hostigamiento sexual agravado y tratos crueles.<\/p>\n\n\n\n<p class=\"wp-block-paragraph\">La v\u00edctima Lourdes O.S. sostuvo que lleva m\u00e1s de dos a\u00f1os luchando ante un hombre muy poderoso.<\/p>\n\n\n\n<p class=\"wp-block-paragraph\">No ha sido f\u00e1cil, dijo en relaci\u00f3n a su victimario, quien es presidente del Tribunal Universitario de la Universidad Nacional Aut\u00f3noma de M\u00e9xico (UNAM).<\/p>\n\n\n\n<p class=\"wp-block-paragraph\">Dijo que Ra\u00fal Eduardo L.B. en estos dos a\u00f1os ha continuado agredi\u00e9ndola, incluso ha tratado de expulsarla de la instituci\u00f3n. Sin embargo, se\u00f1al\u00f3 que conf\u00eda en que habr\u00e1 justicia para ella.<\/p>\n\n\n\n<p class=\"wp-block-paragraph\">El juez federal de Control, en el Centro de Justicia Federal del Reclusorio Norte, pospuso la audiencia de imputaci\u00f3n contra Ra\u00fal Eduardo L.B. y fij\u00f3 como nueva fecha el pr\u00f3ximo 23 de febrero por la ma\u00f1ana, esto porque el jurista acusado de hostigamiento sexual se acogi\u00f3 al plazo constitucional de 144 horas.<\/p>\n\n\n\n<p class=\"wp-block-paragraph\">Aquiles Villase\u00f1or, juez federal, impuso al inculpado la medida cautelar que le proh\u00edbe acercarse a la v\u00edctima.<\/p>\n\n\n\n<p class=\"wp-block-paragraph\">El caso fue llevado ante tribunales por la Fiscal\u00eda Especial para los Delitos de Violencia contra las Mujeres y Trata de Personas, de la Fiscal\u00eda General de la Rep\u00fablica (FGR), por tratarse de un funcionario de la m\u00e1xima casa de estudios, atribuci\u00f3n del Ministerio P\u00fablico de la Federaci\u00f3n.<\/p>\n\n\n\n<p class=\"wp-block-paragraph\">SEM\/sj<\/p>\n","protected":false},"excerpt":{"rendered":"<p>Este viernes se pospuso la audiencia de imputaci\u00f3n en contra de Ra\u00fal Eduardo L.B. acusado de hostigamiento sexual agravado y tratos crueles.<\/p>\n","protected":false},"author":3,"featured_media":45925,"comment_status":"open","ping_status":"open","sticky":false,"template":"","format":"standard","meta":{"_monsterinsights_skip_tracking":false,"footnotes":""},"categories":[693,47],"tags":[],"class_list":["post-45924","post","type-post","status-publish","format-standard","has-post-thumbnail","category-693","category-no-mas-impunidad"],"_links":{"self":[{"href":"https:\/\/redsemlac.com\/semmexico\/wp-json\/wp\/v2\/posts\/45924","targetHints":{"allow":["GET"]}}],"collection":[{"href":"https:\/\/redsemlac.com\/semmexico\/wp-json\/wp\/v2\/posts"}],"about":[{"href":"https:\/\/redsemlac.com\/semmexico\/wp-json\/wp\/v2\/types\/post"}],"author":[{"embeddable":true,"href":"https:\/\/redsemlac.com\/semmexico\/wp-json\/wp\/v2\/users\/3"}],"replies":[{"embeddable":true,"href":"https:\/\/redsemlac.com\/semmexico\/wp-json\/wp\/v2\/comments?post=45924"}],"version-history":[{"count":0,"href":"https:\/\/redsemlac.com\/semmexico\/wp-json\/wp\/v2\/posts\/45924\/revisions"}],"wp:featuredmedia":[{"embeddable":true,"href":"https:\/\/redsemlac.com\/semmexico\/wp-json\/wp\/v2\/media\/45925"}],"wp:attachment":[{"href":"https:\/\/redsemlac.com\/semmexico\/wp-json\/wp\/v2\/media?parent=45924"}],"wp:term":[{"taxonomy":"category","embeddable":true,"href":"https:\/\/redsemlac.com\/semmexico\/wp-json\/wp\/v2\/categories?post=45924"},{"taxonomy":"post_tag","embeddable":true,"href":"https:\/\/redsemlac.com\/semmexico\/wp-json\/wp\/v2\/tags?post=45924"}],"curies":[{"name":"wp","href":"https:\/\/api.w.org\/{rel}","templated":true}]}}