{"id":45921,"date":"2022-02-19T14:08:57","date_gmt":"2022-02-19T20:08:57","guid":{"rendered":"https:\/\/redsemlac.com\/semmexico\/?p=45921"},"modified":"2023-07-21T18:59:14","modified_gmt":"2023-07-21T23:59:14","slug":"leticia-bonifaz-abogada-mexicana-recibira-el-premio-igualdad-de-la-abogacia-espanola","status":"publish","type":"post","link":"https:\/\/redsemlac.com\/semmexico\/leticia-bonifaz-abogada-mexicana-recibira-el-premio-igualdad-de-la-abogacia-espanola\/","title":{"rendered":"Leticia Bonifaz, abogada mexicana, recibir\u00e1 el Premio igualdad de la Abogac\u00eda Espa\u00f1ola"},"content":{"rendered":"\n<p class=\"wp-block-paragraph\">* Tambi\u00e9n se reconoce a la magistrada del Tribunal Supremo Mar\u00eda Luisa Segoviano<\/p>\n\n\n\n<p class=\"wp-block-paragraph\">* Se entregar\u00e1 el pr\u00f3ximo 4 de marzo en Madrid, Espa\u00f1a<\/p>\n\n\n\n<p class=\"wp-block-paragraph\">Redacci\u00f3n<\/p>\n\n\n\n<p class=\"wp-block-paragraph\">SemM\u00e9xico, Ciudad de M\u00e9xico, 19 de febrero, 2022.- El Colegio de la Abogac\u00eda de Valencia otorgar\u00e1 el Premio de Igualdad de la Abogac\u00eda Espa\u00f1ola, en la categor\u00eda Internacional a la abogada mexicana Leticia Bonifaz, en su segunda edici\u00f3n.<\/p>\n\n\n\n<p class=\"wp-block-paragraph\">As\u00ed lo dio a conocer la presidenta del Consejo General de la Abogac\u00eda Espa\u00f1ola, Victoria Ortega Benito, inform\u00f3 que de este premio se otorgar\u00e1 a la magistrada del Tribunal Supremo Mar\u00eda Luisa Segoviano.<\/p>\n\n\n\n<p class=\"wp-block-paragraph\">Este premio reconoce la labor, de quienes, desde su posici\u00f3n en el ejercicio de la Abogac\u00eda, o en estrecha relaci\u00f3n con este \u00e1mbito, trabajan para erradicar la discriminaci\u00f3n en raz\u00f3n de sexo o g\u00e9nero y para avanzar en la igualdad plena real y efectiva entre mujeres y hombres.<\/p>\n\n\n\n<p class=\"wp-block-paragraph\">Ascensi\u00f3n Chirivella, la primera mujer colegiada como abogada en Espa\u00f1a, hace precisamente un siglo en el Colegio de la Abogac\u00eda de Valencia, recibir\u00e1 el premio especial del jurado a la Igualdad en su segunda edici\u00f3n.<\/p>\n\n\n\n<p class=\"wp-block-paragraph\">Segoviano, que recibir\u00e1 el premio nacional, se convirti\u00f3 en 2020 en la primera mujer que preside una sala del Tribunal Supremo, al ser nombrada presidenta de la Sala Cuarta.&nbsp;<\/p>\n\n\n\n<p class=\"wp-block-paragraph\">Por su parte, Bonifaz, ganadora del premio internacional, es una destacada abogada mexicana, experta en derechos humanos e igualdad de g\u00e9nero. Desde noviembre de 2020 es experta en el Comit\u00e9 para la Eliminaci\u00f3n de la Discriminaci\u00f3n contra la Mujer, creado por la ONU.<\/p>\n\n\n\n<p class=\"wp-block-paragraph\">Los premios se entregar\u00e1n el 4 de marzo en una jornada sobre igualdad que se celebrar\u00e1 en el Espacio Fundaci\u00f3n Telef\u00f3nica, de Madrid, con motivo del 8 de marzo, D\u00eda Internacional de la Mujer.<\/p>\n\n\n\n<p class=\"wp-block-paragraph\">El jurado estuvo compuesto por &nbsp;la presidenta del Consejo General de la Abogac\u00eda, Victoria Ortega; la presidenta de la Comisi\u00f3n de Igualdad, Marga Cerro Gonz\u00e1lez; el decano del Colegio de la Abogac\u00eda de Manresa, David Casellas; el magistrado del Tribunal Supremo Vicente Magro Servet; el periodista Juan Ram\u00f3n Lucas; as\u00ed como por Elena Reig Crua\u00f1es y Mar\u00eda del Villar Arribas Herrera, presidentas, respectivamente,&nbsp; de la Agrupaci\u00f3n de Mujeres Abogadas del ICA de Alicante (AMA) y de la Agrupaci\u00f3n de Mujeres Abogadas de Valladolid.<\/p>\n\n\n\n<p class=\"wp-block-paragraph\">En esta segunda edici\u00f3n se presentaron 16&nbsp;candidaturas.<\/p>\n\n\n\n<p class=\"wp-block-paragraph\">Estos premios reconocen la labor de personas o entidades, relacionadas con la abogac\u00eda, en favor de la igualdad real. En la primera edici\u00f3n el a\u00f1o pasado, el premio nacional recay\u00f3 en las Agrupaciones de Mujeres Abogadas de Valladolid (AMAV) y del Colegio de la Abogac\u00eda de Alicante (AMA). Y el premio internacional fue para la abogada iran\u00ed Nasrin Sotoudeh, encarcelada acusada de espionaje, propaganda subversiva e insultos al l\u00edder iran\u00ed.<\/p>\n\n\n\n<p class=\"wp-block-paragraph\">SEM\/sj<\/p>\n","protected":false},"excerpt":{"rendered":"<p>El Colegio de la Abogac\u00eda de Valencia otorgar\u00e1 el Premio de Igualdad de la Abogac\u00eda Espa\u00f1ola, en la categor\u00eda Internacional a la abogada mexicana Leticia Bonifaz, en su segunda edici\u00f3n.<\/p>\n","protected":false},"author":3,"featured_media":45922,"comment_status":"open","ping_status":"open","sticky":false,"template":"","format":"standard","meta":{"_monsterinsights_skip_tracking":false,"footnotes":""},"categories":[693,53,54],"tags":[],"class_list":["post-45921","post","type-post","status-publish","format-standard","has-post-thumbnail","category-693","category-internacional","category-mujeres"],"_links":{"self":[{"href":"https:\/\/redsemlac.com\/semmexico\/wp-json\/wp\/v2\/posts\/45921","targetHints":{"allow":["GET"]}}],"collection":[{"href":"https:\/\/redsemlac.com\/semmexico\/wp-json\/wp\/v2\/posts"}],"about":[{"href":"https:\/\/redsemlac.com\/semmexico\/wp-json\/wp\/v2\/types\/post"}],"author":[{"embeddable":true,"href":"https:\/\/redsemlac.com\/semmexico\/wp-json\/wp\/v2\/users\/3"}],"replies":[{"embeddable":true,"href":"https:\/\/redsemlac.com\/semmexico\/wp-json\/wp\/v2\/comments?post=45921"}],"version-history":[{"count":0,"href":"https:\/\/redsemlac.com\/semmexico\/wp-json\/wp\/v2\/posts\/45921\/revisions"}],"wp:featuredmedia":[{"embeddable":true,"href":"https:\/\/redsemlac.com\/semmexico\/wp-json\/wp\/v2\/media\/45922"}],"wp:attachment":[{"href":"https:\/\/redsemlac.com\/semmexico\/wp-json\/wp\/v2\/media?parent=45921"}],"wp:term":[{"taxonomy":"category","embeddable":true,"href":"https:\/\/redsemlac.com\/semmexico\/wp-json\/wp\/v2\/categories?post=45921"},{"taxonomy":"post_tag","embeddable":true,"href":"https:\/\/redsemlac.com\/semmexico\/wp-json\/wp\/v2\/tags?post=45921"}],"curies":[{"name":"wp","href":"https:\/\/api.w.org\/{rel}","templated":true}]}}