{"id":45918,"date":"2022-02-19T13:53:27","date_gmt":"2022-02-19T19:53:27","guid":{"rendered":"https:\/\/redsemlac.com\/semmexico\/?p=45918"},"modified":"2023-07-21T18:59:14","modified_gmt":"2023-07-21T23:59:14","slug":"pasta-de-conchos16-anos-de-espera","status":"publish","type":"post","link":"https:\/\/redsemlac.com\/semmexico\/pasta-de-conchos16-anos-de-espera\/","title":{"rendered":"Pasta de Conchos\u202616 a\u00f1os de espera"},"content":{"rendered":"\n<p class=\"wp-block-paragraph\">* Siguen familia esperando el rescate de los cuerpos de 63 mineros desde 2006<\/p>\n\n\n\n<p class=\"wp-block-paragraph\">* Los trabajos preliminares podr\u00edan tardar m\u00e1s de tres a\u00f1os<\/p>\n\n\n\n<p class=\"wp-block-paragraph\">Soledad Jarqu\u00edn Edgar<\/p>\n\n\n\n<p class=\"wp-block-paragraph\">SemM\u00e9xico, Cd. de M\u00e9xico, 19 de febrero 2022.- Se cumplen 16 a\u00f1os de espera para las familias de Pasta de Conchos, los cuerpos de 63 mineros, vecinos de Nueva Rosita y otras localidades cercanas, siguen atrapados a 700 metros de profundidad, entre la tierra y el carb\u00f3n de la mina n\u00famero ocho que colaps\u00f3 reci\u00e9n iniciada la madrugada de aquel 19 de febrero de 2006.<\/p>\n\n\n\n<p class=\"wp-block-paragraph\">Las familias no quitan el dedo del rengl\u00f3n. Ante la proximidad del aniversario luctuoso, el gobierno federal, a trav\u00e9s de la secretaria del Trabajo y Previsi\u00f3n Social y la Comisi\u00f3n Federal de Electricidad han dado informaci\u00f3n sobre c\u00f3mo se llevar\u00e1 a cabo la tarea de rescate de los cuerpos, la misma a la que se comprometi\u00f3 Andr\u00e9s Manuel L\u00f3pez Obrador el 1 de mayo de 2019.<\/p>\n\n\n\n<p class=\"wp-block-paragraph\">En aquellos d\u00edas, la imagen era casi la misma: entre la malla de alambre los dedos de ellas, las viudas y algunas madres, se as\u00edan para sostenerse y gritar de cuando en cuando, para llorar y no quebrarse. As\u00ed pasaban las horas y as\u00ed pasaron los d\u00edas que despu\u00e9s fueron meses y hoy son 16 a\u00f1os en espera de una respuesta que no lleg\u00f3, pero ellas no quitaron el dedo del rengl\u00f3n su demanda es y ha sido el rescate de los cuerpos de sus seres queridos.<\/p>\n\n\n\n<p class=\"wp-block-paragraph\">Elvira Mart\u00ednez Espinoza, cuyo esposo, Jorge Vladimir Mu\u00f1oz Delgado, muri\u00f3 junto a otras 64 v\u00edctimas dentro de la mina de carb\u00f3n Pasta de Conchos, fue otra de las protagonistas de aquella tragedia. Nunca acept\u00f3 la indemnizaci\u00f3n de 750 mil pesos. Nada, si se compara con las utilidades obtenidas por el Grupo M\u00e9xico en 2005: mil 100 millones de pesos.<\/p>\n\n\n\n<p class=\"wp-block-paragraph\">Claudia Escobar Pacheco fue de las \u00faltimas mujeres que no se separ\u00f3 de a alambrada que rodeaba la mina, durante largos d\u00edas y noches, mientras las mantas eran desgarradas por el viento, esper\u00f3 el cuerpo de Ra\u00fal su esposo. Pero esper\u00f3 en vano noticias y que le entregaran su cuerpo.<\/p>\n\n\n\n<p class=\"wp-block-paragraph\">En total la explosi\u00f3n dej\u00f3 65 familias con una herida que no cierra y 165 hu\u00e9rfanos y hu\u00e9rfanas.<\/p>\n\n\n\n<p class=\"wp-block-paragraph\">Las tragedias de la zona carbon\u00edfera se repet\u00edan cada tanto. Ver a las mujeres tomando con fuerza la malla fue una imagen repetida, algunas de las madres y viudas lo vivieron con sus padres. Pasta de Conchos no era la excepci\u00f3n y evidenci\u00f3 las p\u00e9simas condiciones para el trabajo de los mineros, los hombres que, agotados, tras una jornada de trabajo, emergen del fondo de la tierra, con las caras oscuras por el polvo del carb\u00f3n y sus ojos rojos, evidentemente irritados.<\/p>\n\n\n\n<p class=\"wp-block-paragraph\">Hace dos a\u00f1os, el Grupo M\u00e9xico, a trav\u00e9s de German Larrea, anunci\u00f3 la devoluci\u00f3n al gobierno federal de la concesi\u00f3n de la mina 8 del complejo Pasta de Conchos, ubicada en el predio El Olivo, en San Juan Sabinas, Coahuila, para facilitar la b\u00fasqueda de los restos humanos. Dijo tambi\u00e9n que el rescate no era posible y justific\u00f3 que casi 300 hombres hab\u00edan intervenido intentando encontrar a los mineros atrapados. El anuncio fue un golpe para las familias que hab\u00edan visto pasar el tiempo, la concesi\u00f3n nunca fue revocada por los gobiernos Felipe Calder\u00f3n y Enrique Pe\u00f1a Nieto. Lo que se suspendi\u00f3 fue la actividad extractivita, mientras tanto el predio intacto segu\u00eda devor\u00e1ndose los cuerpos de sus seres queridos.<\/p>\n\n\n\n<p class=\"wp-block-paragraph\">Desde entonces las viudas no quitan el dedo del rengl\u00f3n. Mar\u00eda Luisa Alcalde Luj\u00e1n, reci\u00e9n, el pasado lunes 14, se comprometi\u00f3 a reunirse con integrantes de la organizaci\u00f3n Familias Pasta de Conchos, en esa reuni\u00f3n les explicaron los pasos a seguir para el rescate, uno que no ser\u00e1 pronto, uno que tardar\u00e1 meses en construir las posibilidades de acceso a la mina colapsada.<\/p>\n\n\n\n<p class=\"wp-block-paragraph\">De los 65 mineros atrapados aquella madrugada, solo dos cuerpos fueron rescatados: Jos\u00e9 Manuel Pe\u00f1a Saucedo, de 52 a\u00f1os de edad, y Felipe de Jes\u00fas Torres Reyna, de 42 a\u00f1os de edad. Los d\u00edas posteriores en Pasta de Conchos fue la escena de una tragedia reflejada en los rostros de las viudas que se turnaban para acampar en el lugar, tomado desde esa misma madrugada por soldados del ej\u00e9rcito mexicano.<\/p>\n\n\n\n<p class=\"wp-block-paragraph\">Los relatos de esta historia quedaron plasmados en el documental Las Viudas del Carb\u00f3n de la periodista Sara Lovera. Hoy, 16 a\u00f1os despu\u00e9s el dolor persiste.<\/p>\n\n\n\n<p class=\"wp-block-paragraph\">Algunas familias han contado a lo largo de estos 16 a\u00f1os, que la tragedia de Pasta de Conchos era un desastre anunciado. As\u00ed lo dijeron los propios trabajadores, los hombres que la tierra se trag\u00f3 como Ferm\u00edn, Gil, Feliciano, Margarito, Guillermo, Ra\u00fal y Reyes que ya les hab\u00edan contado sobre las malas condiciones en que estaba, que faltaba ventilaci\u00f3n. Al tiempo tuvieron raz\u00f3n, pero nadie les escuch\u00f3.<\/p>\n\n\n\n<p class=\"wp-block-paragraph\">Investigaciones posteriores revelaron que la causa de la explosi\u00f3n fue la combinaci\u00f3n de gas metano y c\u00f3mo lo hab\u00edan dicho los mineros, falta de ventilaci\u00f3n.<\/p>\n\n\n\n<p class=\"wp-block-paragraph\">El testimonio&nbsp;de Tomacita Mart\u00ednez lo confirma. Su esposo quien muri\u00f3 en la mina Pasta de Conchos le hab\u00eda comentado unas noches antes que hab\u00eda mucho gas. Maribel Rico tambi\u00e9n record\u00f3 hace 10 a\u00f1os que su hermano Gil, otro de los que murieron atrapados, ten\u00eda 20 a\u00f1os en este oficio de rascarle a la tierra para sacar carb\u00f3n. Ella, conoc\u00eda bien el trabajo por su hermano y por su padre, quien tambi\u00e9n fue minero en su tiempo, la historia era la misma, poco sueldo por un trabajo riesgoso, sab\u00edan bien que entraban, pero no si saldr\u00edan.<\/p>\n\n\n\n<p class=\"wp-block-paragraph\">Ellas, las viudas esperan que ahora s\u00ed vuelvan a sus manos los restos, pero ahora saben que tendr\u00e1n que esperar meses, 34, casi tres a\u00f1os m\u00e1s, para construir la primera y segunda etapas del rescate. Para la tercera etapa no se ha determinado el tiempo de ejecuci\u00f3n. Al respeto, Elvira Mart\u00ednez, de Familias de Pasta de Conchos, se\u00f1ala que no fueron informados sobre el tiempo de inicio de las obras y recalc\u00f3 que est\u00e1s se pospusieron, de acuerdo a un anuncio, desde septiembre de 2020.<\/p>\n\n\n\n<p class=\"wp-block-paragraph\">La CFE inform\u00f3 que el proyecto de rescate de los cuerpos de los 63 mineros tendr\u00e1 tres etapas: la primera es la construcci\u00f3n de \u201clumbreras\u201d o tiros, lo cual podr\u00eda ejecutarse en los pr\u00f3ximos 14 meses. En esta obra intervienen las empresas Desarrollo de Terracer\u00edas y Proacon M\u00e9xico, quienes dispondr\u00e1n de una cantidad cercana a los 309 millones de pesos.<\/p>\n\n\n\n<p class=\"wp-block-paragraph\">En la segunda etapa se construir\u00e1n rampas, galer\u00edas de aproximaci\u00f3n y t\u00faneles de conexi\u00f3n. El tiempo estimado ser\u00e1 de 20 meses. Para la tercera etapa, como se\u00f1al\u00f3 Elvira Mart\u00ednez, no hay un tiempo determinado de ejecuci\u00f3n y se desarrollar\u00e1n en ella un sistema de ventilaci\u00f3n, desgasificaci\u00f3n, as\u00ed como la b\u00fasqueda y recuperaci\u00f3n de restos.<\/p>\n\n\n\n<p class=\"wp-block-paragraph\">Este d\u00eda, se realizar\u00e1 un acto memorial por los mineros fallecidos aquel 19 de febrero de 2016.<\/p>\n\n\n\n<p class=\"wp-block-paragraph\">Con pocas horas de anticipaci\u00f3n se anunci\u00f3 el acto por parte del gobierno federal y por la tarde noche, el obispo em\u00e9rito de Coahuila, Fray Ra\u00fal Vera L\u00f3pez, celebrar\u00e1 una misa junto a las familias de la regi\u00f3n carbon\u00edfera.<\/p>\n\n\n\n<p class=\"wp-block-paragraph\">\u201cTenemos 16 a\u00f1os exigiendo #RecateYa verdad, justicia y medidas de no repetici\u00f3n y deseamos que que todas las instancias del gobierno federal cumplan los acuerdos que hicieron por las familias afectadas por el caso Pasta de Conchos. Esperamos que se cumplan los compromisos de que las familias est\u00e9n presentes en las reuniones de informaci\u00f3n sobre el rescate\u201d.<\/p>\n\n\n\n<p class=\"wp-block-paragraph\">SEM\/sj<\/p>\n","protected":false},"excerpt":{"rendered":"<p>Se cumplen 16 a\u00f1os de espera para las familias de Pasta de Conchos, siguen atrapados a 700 metros de profundidad, entre la tierra y el carb\u00f3n de la mina n\u00famero ocho.<\/p>\n","protected":false},"author":3,"featured_media":45919,"comment_status":"open","ping_status":"open","sticky":false,"template":"","format":"standard","meta":{"_monsterinsights_skip_tracking":false,"footnotes":""},"categories":[693,54],"tags":[],"class_list":["post-45918","post","type-post","status-publish","format-standard","has-post-thumbnail","category-693","category-mujeres"],"_links":{"self":[{"href":"https:\/\/redsemlac.com\/semmexico\/wp-json\/wp\/v2\/posts\/45918","targetHints":{"allow":["GET"]}}],"collection":[{"href":"https:\/\/redsemlac.com\/semmexico\/wp-json\/wp\/v2\/posts"}],"about":[{"href":"https:\/\/redsemlac.com\/semmexico\/wp-json\/wp\/v2\/types\/post"}],"author":[{"embeddable":true,"href":"https:\/\/redsemlac.com\/semmexico\/wp-json\/wp\/v2\/users\/3"}],"replies":[{"embeddable":true,"href":"https:\/\/redsemlac.com\/semmexico\/wp-json\/wp\/v2\/comments?post=45918"}],"version-history":[{"count":0,"href":"https:\/\/redsemlac.com\/semmexico\/wp-json\/wp\/v2\/posts\/45918\/revisions"}],"wp:featuredmedia":[{"embeddable":true,"href":"https:\/\/redsemlac.com\/semmexico\/wp-json\/wp\/v2\/media\/45919"}],"wp:attachment":[{"href":"https:\/\/redsemlac.com\/semmexico\/wp-json\/wp\/v2\/media?parent=45918"}],"wp:term":[{"taxonomy":"category","embeddable":true,"href":"https:\/\/redsemlac.com\/semmexico\/wp-json\/wp\/v2\/categories?post=45918"},{"taxonomy":"post_tag","embeddable":true,"href":"https:\/\/redsemlac.com\/semmexico\/wp-json\/wp\/v2\/tags?post=45918"}],"curies":[{"name":"wp","href":"https:\/\/api.w.org\/{rel}","templated":true}]}}