{"id":45831,"date":"2022-02-17T11:01:14","date_gmt":"2022-02-17T17:01:14","guid":{"rendered":"https:\/\/redsemlac.com\/semmexico\/?p=45831"},"modified":"2023-07-21T18:59:16","modified_gmt":"2023-07-21T23:59:16","slug":"culpan-a-sicarios-de-los-arellano-felix-del-asesinato-de-lourdes-maldonado-y-margarito-martinez-bonilla-frivolo","status":"publish","type":"post","link":"https:\/\/redsemlac.com\/semmexico\/culpan-a-sicarios-de-los-arellano-felix-del-asesinato-de-lourdes-maldonado-y-margarito-martinez-bonilla-frivolo\/","title":{"rendered":"Culpan a sicarios de los Arellano F\u00e9lix del asesinato de Lourdes Maldonado y Margarito Mart\u00ednez; Bonilla fr\u00edvolo"},"content":{"rendered":"\n<p class=\"wp-block-paragraph\">Investigaci\u00f3n de Alianza de Medios m\u00e1s all\u00e1 de las Fiscal\u00edas<\/p>\n\n\n\n<p class=\"wp-block-paragraph\">Adela Navarro y la viuda ponen en duda la eficacia de las autoridades&nbsp;<\/p>\n\n\n\n<p class=\"wp-block-paragraph\">Ignacio Alzaga&nbsp;<\/p>\n\n\n\n<p class=\"wp-block-paragraph\">SemM\u00e9xico\/El Sol de M\u00e9xico, Tijuana, Baja California, 17 de febrero, 2022.- Desprotegidos por autoridades estatales y federales, los periodistas Margarito Mart\u00ednez y Lourdes Maldonado trataban de seguir sus vidas con normalidad pese a la amenaza que pend\u00eda sobre ellos; seg\u00fan l\u00edneas de investigaci\u00f3n, no los asesinaron delincuentes comunes, sino sicarios ligados al C\u00e1rtel Arellano F\u00e9lix (CAF).<\/p>\n\n\n\n<p class=\"wp-block-paragraph\">Ambos dijeron p\u00fablicamente que estaban en riesgo, lo que incluy\u00f3 su actividad profesional, pero s\u00f3lo hasta que criminales organizados los mataron, sus casos recibieron \u201catenci\u00f3n prioritaria\u201d de la gobernadora de Baja California, Marina del Pilar \u00c1vila, y del presidente Andr\u00e9s Manuel L\u00f3pez Obrador.<\/p>\n\n\n\n<p class=\"wp-block-paragraph\">La ALIANZA DE MEDIOS MX ofrece un panorama de estos cr\u00edmenes que autoridades se han comprometido a esclarecer a trav\u00e9s de la creaci\u00f3n, por primera vez en los tres a\u00f1os de gobierno de L\u00f3pez Obrador, de un grupo de alto perfil para dar con los autores intelectuales y materiales.<\/p>\n\n\n\n<p class=\"wp-block-paragraph\">Aqu\u00ed en Tijuana, las y los reporteros est\u00e1n en una delgada l\u00ednea en la que lo mismo pueden ser agredidos por el poder pol\u00edtico, que por la delincuencia que los ha infiltrado con \u201chalcones\u201d, particularmente en coberturas de hechos delictivos.<\/p>\n\n\n\n<p class=\"wp-block-paragraph\">En el caso de la autor\u00eda intelectual del homicidio de la periodista, el exgobernador, Jaime Bonilla, es una de las l\u00edneas de investigaci\u00f3n, tanto de la fiscal\u00eda estatal, como del grupo de inteligencia federal, debido al litigio laboral entre su empresa y la comunicadora.\u00a0<\/p>\n\n\n\n<figure class=\"wp-block-image size-large\"><a href=\"https:\/\/redsemlac.com\/semmexico\/wp-content\/uploads\/2022\/02\/Captura-de-Pantalla-2022-02-17-a-las-11.05.15.png\"><img decoding=\"async\" src=\"https:\/\/redsemlac.com\/semmexico\/wp-content\/uploads\/2022\/02\/Captura-de-Pantalla-2022-02-17-a-las-11.05.15-1024x682.png\" alt=\"\" class=\"wp-image-45832\"\/><\/a><\/figure>\n\n\n\n<p class=\"wp-block-paragraph\">Bonilla sostiene su inocencia, \u201ctener la mente y conciencia tranquilas\u201d y asegura que durante sus dos a\u00f1os de gobierno a ella le brind\u00f3 protecci\u00f3n personal las 24 horas, lo que, destaca, no sucedi\u00f3 en esta administraci\u00f3n de Marina del Pilar.<\/p>\n\n\n\n<p class=\"wp-block-paragraph\">Pero desde su perspectiva, Lourdes \u201cbuscaba los reflectores\u201d y fue utilizada como parte de una estrategia para golpearlo pol\u00edticamente.<\/p>\n\n\n\n<p class=\"wp-block-paragraph\">Lamenta su fallecimiento, sin embargo, lo califica de \u201cda\u00f1o colateral\u201d de esta campa\u00f1a que inici\u00f3, seg\u00fan \u00e9l, antes de que fuera gobernador y de la cual acusa a \u201cpoderes f\u00e1cticos\u201d de Baja California, entre quienes desliza al empresario y ex alcalde tijuanense, Carlos Hank Rhon.<\/p>\n\n\n\n<p class=\"wp-block-paragraph\">Amenazados sin Protecci\u00f3n<\/p>\n\n\n\n<p class=\"wp-block-paragraph\">Un d\u00eda antes de ser acribillado, el fotoperiodista sonre\u00eda porque gan\u00f3 la apuesta a su compadre en partido de la NFL. El lunes 17 de enero, despu\u00e9s\u00a0de mediod\u00eda, su esposa le escuch\u00f3 decir: \u201cvoy a un 5 bravo\u201d (cobertura de persona baleada), sali\u00f3 de su casa y vinieron tres detonaciones.<\/p>\n\n\n\n<figure class=\"wp-block-image size-large\"><a href=\"https:\/\/redsemlac.com\/semmexico\/wp-content\/uploads\/2022\/02\/Captura-de-Pantalla-2022-02-17-a-las-11.05.34.png\"><img decoding=\"async\" src=\"https:\/\/redsemlac.com\/semmexico\/wp-content\/uploads\/2022\/02\/Captura-de-Pantalla-2022-02-17-a-las-11.05.34-1024x678.png\" alt=\"\" class=\"wp-image-45833\"\/><\/a><\/figure>\n\n\n\n<p class=\"wp-block-paragraph\">Lourdes preparaba una investigaci\u00f3n por probables actos de corrupci\u00f3n del anterior gobierno estatal, as\u00ed como la estrategia a seguir tras la victoria en el juicio laboral de nueve a\u00f1os contra el exgobernador Bonilla, cuya empresa Media Sports de M\u00e9xico (PSN) deb\u00eda pagarle un mill\u00f3n 296 mil 362 pesos.<\/p>\n\n\n\n<p class=\"wp-block-paragraph\">\u201cLa amenaza siembre est\u00e1 ah\u00ed para el gremio, tanto del crimen organizado como la gubernamental, pero no estamos como en otros lugares, Guerrero, Michoac\u00e1n, donde los criminales se meten hasta en las redacciones\u201d<\/p>\n\n\n\n<p class=\"wp-block-paragraph\">Cuentan personas cercanas a Margarito que el tr\u00e1mite burocr\u00e1tico lo desanim\u00f3 a inscribirse de inmediato en alguno de los mecanismos de protecci\u00f3n a periodistas, luego de que fue colocado en la mira criminal por la acusaci\u00f3n del \u201cfacebookero\u201d \u00c1ngel Pe\u00f1a, quien lo responsabiliz\u00f3 de manejar las p\u00e1ginas \u201cTijuana en Guerra\u201d y \u201cQuemando Malandros\u201d, cuyo contenido revela en redes sociales im\u00e1genes y actividades de narcotraficantes y delincuentes, exponi\u00e9ndolos p\u00fablicamente.<\/p>\n\n\n\n<p class=\"wp-block-paragraph\">Lourdes no ten\u00eda escolta personal ni vigilancia policiaca permanente por parte del gobierno estatal, s\u00f3lo contaba con \u201cbot\u00f3n de p\u00e1nico\u201d en su casa y de manera intermitente era visitada por la polic\u00eda.<\/p>\n\n\n\n<p class=\"wp-block-paragraph\">Desde 2021 estaba en el Mecanismo de Protecci\u00f3n a Periodistas y Defensores de los Derechos Humanos de Baja California, pero result\u00f3 in\u00fatil porque el 23 de enero un mat\u00f3n le dispar\u00f3 un tiro a bocajarro y recogi\u00f3 el casquillo para evitar que el arma fuera rastreada como sucedi\u00f3 con Margarito.<\/p>\n\n\n\n<p class=\"wp-block-paragraph\">En&nbsp;las dos&nbsp;investigaciones, las l\u00edneas tambi\u00e9n incluyen problemas personales: Margarito por un conflicto con vecinos de una familia de galleros sinaloenses a los que acusaba de despojarlo de parte de su terreno; Lourdes por una disputa sobre la posesi\u00f3n de su casa.<\/p>\n\n\n\n<p class=\"wp-block-paragraph\">Exponen Ineficacia<\/p>\n\n\n\n<p class=\"wp-block-paragraph\">El homicidio de los dos comunicadores, m\u00e1s all\u00e1 del m\u00f3vil, trastoc\u00f3 la libertad de expresi\u00f3n y revel\u00f3 la ineficacia de los mecanismos de protecci\u00f3n a periodistas no s\u00f3lo en Tijuana, sino en el pa\u00eds.&nbsp;<\/p>\n\n\n\n<p class=\"wp-block-paragraph\">Adela Navarro, directora de Semanario Zeta, acostumbrada a revelar informaci\u00f3n sensible sobre narcotr\u00e1fico, corrupci\u00f3n y redes de poder, afirma que los dos asesinatos son un ataque directo contra el ejercicio period\u00edstico.<\/p>\n\n\n\n<p class=\"wp-block-paragraph\">A diferencia de otros homicidios en el gremio, la respuesta gubernamental por Mart\u00ednez y Maldonado, perpetrados con seis d\u00edas de diferencia, afuera de sus domicilios y con disparos en la cabeza, llevaron a la creaci\u00f3n \u201cfast track\u201d de un grupo especial \u201cinterinstitucional\u201d supuestamente para no dejarlos impunes.<\/p>\n\n\n\n<p class=\"wp-block-paragraph\">Funcionarios revelaron que el procesamiento de datos \u201csensibles\u201d est\u00e1 a cargo de la Secretar\u00eda de Seguridad y Protecci\u00f3n Ciudadana (SSPC), del Centro Nacional de Inteligencia (CNI), Guardia Nacional, militares y marinos, ante la desconfianza de \u201cfuga de informaci\u00f3n\u201d en las corporaciones del estado.&nbsp;<\/p>\n\n\n\n<p class=\"wp-block-paragraph\">Por la muerte de Maldonado han sido detenidos tres sujetos que, de acuerdo con los avances de la investigaci\u00f3n, pertenecen al CAF; con la indagatoria en curso y la presi\u00f3n encima, el fiscal estatal, Ricardo Iv\u00e1n Carpio, apresur\u00f3 a decir el 9 de febrero que el crimen no est\u00e1 relacionado con su actividad profesional, aunque tampoco defini\u00f3 el m\u00f3vil.<\/p>\n\n\n\n<p class=\"wp-block-paragraph\">JAIME BONLILLA CONSIDERA EL ASESINATO DE NUESTRA COMPA\u00d1ERA COMO \u201cDA\u00d1O COLATERAL<\/p>\n\n\n\n<p class=\"wp-block-paragraph\">En sus oficinas de PSN, Jaime Bonilla, suelta: \u201cNo tenemos ning\u00fan inter\u00e9s en quitarle la vida a una persona porque gan\u00f3 un laudo, eso es rid\u00edculo, es una locura, eso de que a una persona le debes dinero, \u00a1ah m\u00e1tala!, \u00bfen qu\u00e9 mundo vivimos?\u201d.<\/p>\n\n\n\n<p class=\"wp-block-paragraph\">Manifiesta que el 19 de enero -cuatro d\u00edas antes del asesinato- hab\u00eda dado instrucciones al abogado H\u00e9ctor de Isla Puga para pagar a la comunicadora un mill\u00f3n 296 mil 362 pesos y cumplir el laudo que le result\u00f3 favorable el 2 de julio de 2021, cantidad que, asegura, entregar\u00e1 al o los beneficiarios.<\/p>\n\n\n\n<figure class=\"wp-block-image size-large\"><a href=\"https:\/\/redsemlac.com\/semmexico\/wp-content\/uploads\/2022\/02\/Captura-de-Pantalla-2022-02-17-a-las-11.05.59.png\"><img decoding=\"async\" src=\"https:\/\/redsemlac.com\/semmexico\/wp-content\/uploads\/2022\/02\/Captura-de-Pantalla-2022-02-17-a-las-11.05.59-1024x676.png\" alt=\"\" class=\"wp-image-45834\"\/><\/a><\/figure>\n\n\n\n<p class=\"wp-block-paragraph\">Bonilla dice que siempre quiso llegara un acuerdo, pero ella siempre se negaba, por lo que cree que detr\u00e1s de la demanda hab\u00eda un \u201cescenario pol\u00edtico\u201d en que alguien la us\u00f3 para \u201cbuscar los reflectores\u201d y llevar su caso en 2019 ante el presidente L\u00f3pez Obrador en la conferencia \u201cma\u00f1anera\u201d.<\/p>\n\n\n\n<p class=\"wp-block-paragraph\">\u201cMe ha preocupado mucho esta situaci\u00f3n, porque perdi\u00f3 la vida una persona, pero a m\u00ed se me hace que ella fue v\u00edctima, alguien, de alguna manera la propici\u00f3 para que estuviera haciendo ese tipo de cosas y pues fue, ora s\u00ed que como dijo (Felipe) Calder\u00f3n en una ocasi\u00f3n, da\u00f1o colateral, sirvi\u00f3 a un prop\u00f3sito de hacer ese esc\u00e1ndalo\u201d.<\/p>\n\n\n\n<p class=\"wp-block-paragraph\">Asegura que el gobierno de Marina del Pilar \u201cmenospreci\u00f3\u201d la seguridad para los periodistas, lo que en su administraci\u00f3n no sucedi\u00f3 aun cuando su relaci\u00f3n con la prensa no era buena.&nbsp;<\/p>\n\n\n\n<p class=\"wp-block-paragraph\">\u201cEn mi gesti\u00f3n no hubo una sola agresi\u00f3n f\u00edsica y mucho menos una muerte de ning\u00fan reportero (\u2026) \u00bfQu\u00e9 fall\u00f3?, no s\u00e9, dice el fiscal que no fall\u00f3 nada, pero hay dos personas asesinadas\u201d.<\/p>\n\n\n\n<figure class=\"wp-block-image size-large\"><a href=\"https:\/\/redsemlac.com\/semmexico\/wp-content\/uploads\/2022\/02\/Captura-de-Pantalla-2022-02-17-a-las-11.06.24.png\"><img decoding=\"async\" src=\"https:\/\/redsemlac.com\/semmexico\/wp-content\/uploads\/2022\/02\/Captura-de-Pantalla-2022-02-17-a-las-11.06.24-1024x680.png\" alt=\"\" class=\"wp-image-45835\"\/><\/a><\/figure>\n\n\n\n<p class=\"wp-block-paragraph\">Puntualiza que en su gobierno Lourdes tuvo protecci\u00f3n personal las 24 horas pese al litigio con su empresa, debido a una denuncia por amenazas que ella interpuso por la disputa de una propiedad, por lo que si se relaj\u00f3 el protocolo quien debe una explicaci\u00f3n es el fiscal Carpio.<\/p>\n\n\n\n<p class=\"wp-block-paragraph\">Prosigue su defensa: \u201cInvolucrar, o sea pensar que un crimen de esta naturaleza se da por un laudo laboral es irrisorio, la periodista realmente nunca trabaj\u00f3 para la empresa, ella compraba tiempo aqu\u00ed, y crey\u00f3 que ese tiempo le caus\u00f3 cierta antig\u00fcedad, y de ah\u00ed vinieron las demandas\u201d.&nbsp;<\/p>\n\n\n\n<p class=\"wp-block-paragraph\">\u00bfCon Lourdes, tuvo relaci\u00f3n personal, laboral?&nbsp;<\/p>\n\n\n\n<p class=\"wp-block-paragraph\">\u201cNo, yo no la contrat\u00e9, ella vino y compraba un tiempo aqu\u00ed y vend\u00eda su publicidad, por cierto, el Hip\u00f3dromo (propiedad de Hank Rhon) era quien la patrocinaba, cuando ella deja de pagar es cuando se le dan las gracias, pero ella ya se sent\u00eda que era empleada\u201d.<\/p>\n\n\n\n<p class=\"wp-block-paragraph\">\u00bfPor qu\u00e9 ese nivel de choque?&nbsp;<\/p>\n\n\n\n<p class=\"wp-block-paragraph\">\u201cNo s\u00e9, busc\u00f3 los reflectores, ella fue all\u00e1 (conferencia \u201cma\u00f1anera\u201d del presidente), no s\u00e9 yo quien le financi\u00f3 su viaje, la raz\u00f3n por la que fue a hacer esa manifestaci\u00f3n all\u00e1. Muy ambigua, qui\u00e9n la motiv\u00f3 para que fuera y hacer videos constantes y ese tipo de cosas, siempre pens\u00e9 que hab\u00eda una raz\u00f3n pol\u00edtica para hacerlo\u201d.<\/p>\n\n\n\n<p class=\"wp-block-paragraph\">Indica que el abogado de Lourdes \u201cera empleado de Hank, curiosamente aparece en el tema y empiezan los esc\u00e1ndalos, entonces regresamos a los poderes f\u00e1cticos, claro que yo no tengo ninguna prueba ni lo estoy acusando, \u00bfverdad?, nada m\u00e1s que soy muy mal pensando, qu\u00e9 casualidad que me considera su enemigo, porque \u00e9l no es enemigo m\u00edo, yo lo considero una persona impresentable nada m\u00e1s\u201d.<\/p>\n\n\n\n<p class=\"wp-block-paragraph\">Eduardo P\u00e9rez Castro, abogado de Lourdes, revira que no tiene una relaci\u00f3n personal con Hank Rhon. Afirma que de 2004 a 2007 labor\u00f3 en el departamento jur\u00eddico del ayuntamiento de Tijuana, donde Hank Rhon estuvo m\u00e1s de un a\u00f1o como alcalde; pero cuando dej\u00f3 el cargo para buscar la gubernatura del estado, se qued\u00f3 con su sucesor hasta que concluy\u00f3 la administraci\u00f3n.<\/p>\n\n\n\n<p class=\"wp-block-paragraph\">Ataques a la Libertad de Expresi\u00f3n<\/p>\n\n\n\n<p class=\"wp-block-paragraph\">Adela Navarro, directora de Zeta, no duda: \u201cLos homicidios de Margarito y Lourdes son ataques deliberados para la prensa, los dos eran figuras muy p\u00fablicas, los dos con similar modo en el crimen y s\u00ed se considera un ataque a la libertad de expresi\u00f3n\u201d.<\/p>\n\n\n\n<p class=\"wp-block-paragraph\">Abunda que los autores intelectuales y materiales aprovecharon el asesinato de Margarito para matar a Lourdes<\/p>\n\n\n\n<p class=\"wp-block-paragraph\">\u201cCuando asesinan a Margarito investigamos que el arma con que lo ultimaron hab\u00eda sido utilizada en cinco homicidios de 2020 por parte de una c\u00e9lula del C\u00e1rtel Jalisco Nueva Generaci\u00f3n (CJNG), es una c\u00e9lula que ahora est\u00e1 en el C\u00e1rtel Arellano F\u00e9lix, entonces sali\u00f3 de \u00e9ste el asesino o los asesinos de Margarito. Cuando asesinan a Lourdes Maldonado para evitar esto se llevan el casquillo, o sea hay una planeaci\u00f3n\u201d.\u00a0<\/p>\n\n\n\n<figure class=\"wp-block-image size-large\"><a href=\"https:\/\/redsemlac.com\/semmexico\/wp-content\/uploads\/2022\/02\/Captura-de-Pantalla-2022-02-17-a-las-11.06.51.png\"><img decoding=\"async\" src=\"https:\/\/redsemlac.com\/semmexico\/wp-content\/uploads\/2022\/02\/Captura-de-Pantalla-2022-02-17-a-las-11.06.51-1024x678.png\" alt=\"\" class=\"wp-image-45836\"\/><\/a><\/figure>\n\n\n\n<p class=\"wp-block-paragraph\">Del exgobernador, manifiesta: \u201cCreo que ese clima o contexto enrarece toda esta situaci\u00f3n de inseguridad contra los periodistas cuando ya est\u00e1s hablando que uno de los sospechosos es un pol\u00edtico del partido del gobierno de mucha cercan\u00eda con el presidente de la Rep\u00fablica y exgobernador de Baja California (\u2026) Bonilla no es una v\u00edctima, es sospechoso\u201d.<\/p>\n\n\n\n<p class=\"wp-block-paragraph\">En su opini\u00f3n, no hay margen para que la fiscal\u00eda estatal ni el gobierno federal determinen que los homicidios de Margarito y Lourdes fueron por su entorno personal. \u201cDefinitivamente fue por su posici\u00f3n de periodistas\u201d.<\/p>\n\n\n\n<p class=\"wp-block-paragraph\">Tijuana tiene la realidad de otras ciudades fronterizas: paso de droga, criminales, dinero, personas, asentamiento del crimen organizado y sufre las pugnas de \u00e9ste.<\/p>\n\n\n\n<p class=\"wp-block-paragraph\">Los periodistas est\u00e1n en riesgo, particularmente en la cobertura de hechos de violencia. Ahora enfrentan un fen\u00f3meno creciente en las colonias m\u00e1s peligrosas como Zona Norte, S\u00e1nchez Taboada, La Morita, La Obrera, El Florido y Capistrano.<\/p>\n\n\n\n<p class=\"wp-block-paragraph\">\u201cHalcones\u201d se mezclan cada vez m\u00e1s con tel\u00e9fono celular, iPhone, y aparentan ser parte de la prensa para grabar im\u00e1genes de criminales involucrados en diversos sucesos, ya sea para informar a sus jefes, exhibir o cazar a sus enemigos; incluso toman fotos y videos de reporteros.&nbsp;<\/p>\n\n\n\n<p class=\"wp-block-paragraph\">El periodista Ricardo Mart\u00ednez trabajaba en la estaci\u00f3n de Telemundo Tijuana cuando conoci\u00f3 a Margarito en la cobertura nocturna de nota policiaca. \u201cEra mi contacto obligado, \u00e9l tra\u00eda las frecuencias de emergencia y policiaca, nos toc\u00f3 lo que supon\u00edamos fue la etapa m\u00e1s dura 2008, 2009, 2010. Aqu\u00ed sabes que hay mucho riesgo en ciertas coberturas y con dos colegas asesinados todav\u00eda aumenta\u201d.<\/p>\n\n\n\n<p class=\"wp-block-paragraph\">Para Eduardo Rubio, corresponsal de La Silla Rota en Tijuana, cuando hay agresi\u00f3n u homicidio contra un periodista el bien mayor a tutelar es el derecho a la informaci\u00f3n que tiene la gente, por eso la autoridad debe dejar claro por qu\u00e9 y qui\u00e9nes ordenaron matar a dos periodistas.<\/p>\n\n\n\n<p class=\"wp-block-paragraph\">\u201cLa amenaza siempre est\u00e1 ah\u00ed para el gremio, tanto del crimen organizado como la gubernamental, pero no estamos como en otros lugares, Guerrero, Michoac\u00e1n, donde los criminales se meten hasta las redacciones\u201d.<\/p>\n\n\n\n<p class=\"wp-block-paragraph\">Alejandro Arturo Villa, periodista de Zeta, se\u00f1ala que el tema de los dos reporteros asesinados no s\u00f3lo es condenable, sino que merece que el gremio no ceda en la exigencia de justicia.<\/p>\n\n\n\n<p class=\"wp-block-paragraph\">Apunta que la violencia hacia los comunicadores en M\u00e9xico no s\u00f3lo proviene de la delincuencia, servidores p\u00fablicos y pol\u00edticos, sino desde Palacio Nacional.<\/p>\n\n\n\n<p class=\"wp-block-paragraph\">\u201cEs constante la agresi\u00f3n hacia la libertad de expresi\u00f3n desde Palacio Nacional, que todos los d\u00edas, desde la m\u00e1xima tribuna, el presidente ataque a la prensa genera un lenguaje de odio que la gente que lo sigue lo replica sin razonar, podemos ver que \u00c1ngel Pe\u00f1a se refer\u00eda a Margarito como eres un chayotero, vendido, tienes intereses al gobierno, es el mismo discurso que hace el mandatario contra la prensa\u201d. &nbsp;&nbsp;<\/p>\n\n\n\n<p class=\"wp-block-paragraph\">Sin avances sustanciales&nbsp;<\/p>\n\n\n\n<p class=\"wp-block-paragraph\">Mar\u00eda Elena Frausto, viuda de Margarito, no ha sido notificada de alg\u00fan avance o m\u00f3vil en la investigaci\u00f3n; ella, su hija Johana de 16 a\u00f1os y otros familiares, tienen vigilancia las 24 horas.<\/p>\n\n\n\n<p class=\"wp-block-paragraph\">En su casa de Camino Verde, colonia S\u00e1nchez Taboada, sobre un perchero, junto a un Cristo, cuelgan la sudadera, chaleco, gorra, bandolera, pantal\u00f3n de cargo y la c\u00e1mara fotogr\u00e1fica de Margarito.<\/p>\n\n\n\n<p class=\"wp-block-paragraph\">La mujer platica que su esposo nunca le habl\u00f3 de amenazas directas, pero sabe que el altercado con \u00c1ngel Pe\u00f1a lo coloc\u00f3 en riesgo, adem\u00e1s de que este hombre -que se autodefine como \u201ccomunicador de barrio\u201d- supuestamente contact\u00f3 a los vecinos con quienes tienen problemas para hacer una \u201ctransmisi\u00f3n en vivo\u201d antes del asesinato.<\/p>\n\n\n\n<p class=\"wp-block-paragraph\">Oscar Maldonado, hermano de Lourdes, comenta: \u201cPresuntamente tengo protecci\u00f3n de Guardia Nacional y no s\u00e9 de qui\u00e9n m\u00e1s, pero son rondines, no una protecci\u00f3n permanente, ella ten\u00eda lo mismo, y bot\u00f3n de p\u00e1nico, es una manera de las autoridades de justificarse\u201d.<\/p>\n\n\n\n<p class=\"wp-block-paragraph\">\u00bfQu\u00e9 opina de las detenciones?<\/p>\n\n\n\n<p class=\"wp-block-paragraph\">\u201cEn M\u00e9xico todo es inventado o casi todo. Okey, n\u00famero uno: ya agarraron a tres personas; dos: no han dicho qui\u00e9n es el autor intelectual y tres: dicen que no la mataron por su actividad period\u00edstica, pero lo \u00fanico que hac\u00eda era ser periodista\u201d.<\/p>\n","protected":false},"excerpt":{"rendered":"<p>Investigaci\u00f3n de Alianza de Medios m\u00e1s all\u00e1 de las Fiscal\u00edas Adela Navarro y la viuda ponen en duda la eficacia de las autoridades&nbsp; Ignacio Alzaga&nbsp; SemM\u00e9xico\/El Sol de M\u00e9xico, Tijuana, Baja California, 17 de febrero, 2022.- Desprotegidos por autoridades estatales y federales, los periodistas Margarito Mart\u00ednez y Lourdes Maldonado trataban de seguir sus vidas con [&hellip;]<\/p>\n","protected":false},"author":3,"featured_media":45837,"comment_status":"open","ping_status":"open","sticky":false,"template":"","format":"standard","meta":{"_monsterinsights_skip_tracking":false,"footnotes":""},"categories":[693,55],"tags":[],"class_list":["post-45831","post","type-post","status-publish","format-standard","has-post-thumbnail","category-693","category-periodistas"],"_links":{"self":[{"href":"https:\/\/redsemlac.com\/semmexico\/wp-json\/wp\/v2\/posts\/45831","targetHints":{"allow":["GET"]}}],"collection":[{"href":"https:\/\/redsemlac.com\/semmexico\/wp-json\/wp\/v2\/posts"}],"about":[{"href":"https:\/\/redsemlac.com\/semmexico\/wp-json\/wp\/v2\/types\/post"}],"author":[{"embeddable":true,"href":"https:\/\/redsemlac.com\/semmexico\/wp-json\/wp\/v2\/users\/3"}],"replies":[{"embeddable":true,"href":"https:\/\/redsemlac.com\/semmexico\/wp-json\/wp\/v2\/comments?post=45831"}],"version-history":[{"count":0,"href":"https:\/\/redsemlac.com\/semmexico\/wp-json\/wp\/v2\/posts\/45831\/revisions"}],"wp:featuredmedia":[{"embeddable":true,"href":"https:\/\/redsemlac.com\/semmexico\/wp-json\/wp\/v2\/media\/45837"}],"wp:attachment":[{"href":"https:\/\/redsemlac.com\/semmexico\/wp-json\/wp\/v2\/media?parent=45831"}],"wp:term":[{"taxonomy":"category","embeddable":true,"href":"https:\/\/redsemlac.com\/semmexico\/wp-json\/wp\/v2\/categories?post=45831"},{"taxonomy":"post_tag","embeddable":true,"href":"https:\/\/redsemlac.com\/semmexico\/wp-json\/wp\/v2\/tags?post=45831"}],"curies":[{"name":"wp","href":"https:\/\/api.w.org\/{rel}","templated":true}]}}