{"id":45820,"date":"2022-02-16T16:26:38","date_gmt":"2022-02-16T22:26:38","guid":{"rendered":"https:\/\/redsemlac.com\/semmexico\/?p=45820"},"modified":"2023-07-21T18:59:16","modified_gmt":"2023-07-21T23:59:16","slug":"amplia-participacion-en-primer-parlamento-de-mujeres-en-chilpancingo","status":"publish","type":"post","link":"https:\/\/redsemlac.com\/semmexico\/amplia-participacion-en-primer-parlamento-de-mujeres-en-chilpancingo\/","title":{"rendered":"Amplia participaci\u00f3n en primer Parlamento de Mujeres en Chilpancingo"},"content":{"rendered":"\n<p class=\"wp-block-paragraph\"><strong>Redacci\u00f3n<\/strong><\/p>\n\n\n\n<p class=\"wp-block-paragraph\">SemM\u00e9xico\/Ceprovysa, Chilpancingo, Guerrero, 16 de febrero, 2022.- Con una participaci\u00f3n plural el Ayuntamiento de Chilpancingo, organiz\u00f3 el Primer Parlamento de Mujeres con ponencias que resaltaran el tema convocado \u201cEl camino de una mujer para llegar al poder\u201d.<\/p>\n\n\n\n<p class=\"wp-block-paragraph\">El evento fue encabezado por la Presidenta Municipal de Chilpancingo, Norma Otilia Hern\u00e1ndez Mart\u00ednez, acompa\u00f1ada de la Presidenta de la Comisi\u00f3n de Defensa de Derechos Humanos de Guerrero, as\u00ed como de la Alcaldesa de Zumpango del R\u00edo, Sara Salinas, se congratul\u00f3 de \u00e9sta iniciativa.<\/p>\n\n\n\n<p class=\"wp-block-paragraph\">Durante su participaci\u00f3n, la activista y ex diputada Mar\u00eda Luisa Garfias Mar\u00edn, recipiendaria de la Medalla Sentimientos de la Naci\u00f3n, hizo una cr\u00edtica al gobierno municipal de Chilpancingo donde dijo \u201cno se garantiza la paridad de g\u00e9nero\u201d as\u00ed como \u201ctampoco en los espacios Comunitarios\u201d y convoc\u00f3 a la Alcaldesa Norma Otilia Hern\u00e1ndez Mart\u00ednez a \u201cpromover mayor participaci\u00f3n en espacios Comunitarios\u201d.<\/p>\n\n\n\n<p class=\"wp-block-paragraph\">La poetisa Tere Larumbe pidi\u00f3 al Congreso Local proponer \u201cuna identidad Jur\u00eddica a las mujeres l\u00e9sbico-gay, porque \u201clidian todos los d\u00edas con costumbres conservadoras\u201d que les ocasiona marginaci\u00f3n social.<\/p>\n\n\n\n<p class=\"wp-block-paragraph\">Asimismo, propuso sea creado un centro solidario que al mismo tiempo que sea un refugio temporal, ofrezca talleres que ayuden a entender que \u201csi, somos mujeres; pero somos lesbianas\u201d.<\/p>\n\n\n\n<p class=\"wp-block-paragraph\">Por su parte Felicitas Mart\u00ednez Solano, activista Me\u2019phaa-Tlapaneco, dijo que \u201cen este proceso de lucha hubo muchas mujeres que ayudaron a otras mujeres lleguen a espacios de poder\u201d. Pero critic\u00f3 que cuando llegan \u201cya no escuchan\u201d.<\/p>\n\n\n\n<p class=\"wp-block-paragraph\">La Doctora Berenice Illiades Aguiar, decana de la Universidad Aut\u00f3noma de Guerrero, dijo que en esa posici\u00f3n s\u00f3lo se ha entregado a tres mujeres y en cambio se ha otorgado a 10 hombres ser maestros em\u00e9ritos.<\/p>\n\n\n\n<p class=\"wp-block-paragraph\">Illiades Aguiar destac\u00f3 que la UAGRO, en sus 60 a\u00f1os de existencia \u201cla rector\u00eda nunca ha sido ocupada por una mujer\u201d agreg\u00f3 que \u201clos reconocimientos m\u00e1s prestigiados sean entregados a los hombres\u201d as\u00ed como \u201clos cargos de primer nivel\u201d.<\/p>\n\n\n\n<p class=\"wp-block-paragraph\">Cit\u00f3 como ejemplo reciente que la actual administraci\u00f3n haya otorgado solo 4 posiciones a las mujeres de los 13 cargos de primer nivel, y precis\u00f3 \u201cla paridad de g\u00e9nero no se logra s\u00f3lo con buenas intenciones\u201d, sino que requiere \u201cun cambio cultural\u201d, dijo la acad\u00e9mica.<\/p>\n","protected":false},"excerpt":{"rendered":"<p> Con una participaci\u00f3n plural el Ayuntamiento de Chilpancingo, organiz\u00f3 el Primer Parlamento de Mujeres con ponencias que resaltaran el tema convocado \u201cEl camino de una mujer para llegar al poder\u201d.<\/p>\n","protected":false},"author":3,"featured_media":45821,"comment_status":"open","ping_status":"open","sticky":false,"template":"","format":"standard","meta":{"_monsterinsights_skip_tracking":false,"footnotes":""},"categories":[693,51],"tags":[],"class_list":["post-45820","post","type-post","status-publish","format-standard","has-post-thumbnail","category-693","category-ejecutivo"],"_links":{"self":[{"href":"https:\/\/redsemlac.com\/semmexico\/wp-json\/wp\/v2\/posts\/45820","targetHints":{"allow":["GET"]}}],"collection":[{"href":"https:\/\/redsemlac.com\/semmexico\/wp-json\/wp\/v2\/posts"}],"about":[{"href":"https:\/\/redsemlac.com\/semmexico\/wp-json\/wp\/v2\/types\/post"}],"author":[{"embeddable":true,"href":"https:\/\/redsemlac.com\/semmexico\/wp-json\/wp\/v2\/users\/3"}],"replies":[{"embeddable":true,"href":"https:\/\/redsemlac.com\/semmexico\/wp-json\/wp\/v2\/comments?post=45820"}],"version-history":[{"count":0,"href":"https:\/\/redsemlac.com\/semmexico\/wp-json\/wp\/v2\/posts\/45820\/revisions"}],"wp:featuredmedia":[{"embeddable":true,"href":"https:\/\/redsemlac.com\/semmexico\/wp-json\/wp\/v2\/media\/45821"}],"wp:attachment":[{"href":"https:\/\/redsemlac.com\/semmexico\/wp-json\/wp\/v2\/media?parent=45820"}],"wp:term":[{"taxonomy":"category","embeddable":true,"href":"https:\/\/redsemlac.com\/semmexico\/wp-json\/wp\/v2\/categories?post=45820"},{"taxonomy":"post_tag","embeddable":true,"href":"https:\/\/redsemlac.com\/semmexico\/wp-json\/wp\/v2\/tags?post=45820"}],"curies":[{"name":"wp","href":"https:\/\/api.w.org\/{rel}","templated":true}]}}