{"id":4572,"date":"2018-01-17T02:52:47","date_gmt":"2018-01-17T02:52:47","guid":{"rendered":"https:\/\/redsemlac.com\/semmexico\/?p=4572"},"modified":"2023-07-21T14:30:23","modified_gmt":"2023-07-21T19:30:23","slug":"han-vuelto-a-desatar-el-infierno-en-contra-de-amlo","status":"publish","type":"post","link":"https:\/\/redsemlac.com\/semmexico\/han-vuelto-a-desatar-el-infierno-en-contra-de-amlo\/","title":{"rendered":"Han vuelto a desatar el infierno en contra de AMLO"},"content":{"rendered":"\n<p class=\"wp-block-paragraph\">Escaramuzas pol\u00edticas<\/p>\n\n\n\n<h5 class=\"wp-block-heading\"> En los furibundos ataques a la figura de AMLO por parte del establishment, tambi\u00e9n se han violentado los derechos pol\u00edticos de las y los ciudadanos<\/h5>\n\n\n\n<p class=\"wp-block-paragraph\"><a href=\"https:\/\/semmexico.com\/gallery-post.php?id=3789#\">Gloria Analco<\/a><\/p>\n\n\n\n<p class=\"wp-block-paragraph\">SemM\u00e9xico, 17 enero 2018.- Andr\u00e9s Manuel L\u00f3pez Obrador, en el presente proceso electoral, est\u00e1 recibiendo un trato como si estuviera en el banquillo de los acusados dentro de un sistema penal acusatorio, a punto de recibir la emisi\u00f3n de \u00f3rdenes de arraigo por estar cometiendo \u201cpecados imperdonables\u201d.<br><br>Sin duda, en la persona de AMLO, como m\u00e1s se le menciona, se han cometido grandes violaciones a sus derechos pol\u00edticos en procesos electorales llenos de inconsistencias, con el continuo desprecio a la Constituci\u00f3n, a las leyes electorales y a los tratados internacionales que M\u00e9xico ha firmado.<br><br>En los furibundos ataques a la figura de AMLO por parte del establishment, tambi\u00e9n se han violentado los derechos pol\u00edticos de las y los ciudadanos, principalmente el de elegir libremente a \u201cnuevas autoridades\u201d, en sustituci\u00f3n del grupo en el poder que ha estado dominando el espectro pol\u00edtico en los \u00faltimos 30 a\u00f1os, desde que Carlos Salinas de Gortari arrib\u00f3 al poder en 1988.<br><br>Pr\u00e1cticamente podr\u00eda decirse que a L\u00f3pez Obrador le han suspendido sus derechos pol\u00edticos en dos elecciones presidenciales consecutivas -2006 y 2012-, por negarle su derecho a proponer libremente su proyecto de naci\u00f3n, darle los poderes f\u00e1cticos un trato de delincuente de cara al p\u00fablico, y robarle las dos elecciones.<br><br>La forma en que est\u00e1 implement\u00e1ndose el actual proceso electoral tampoco est\u00e1 obedeciendo al libre juego electoral, sino que se ha constituido nuevamente en una ofensiva de todo el establishment que, aliados, intentan estrangular cualquier intento para que AMLO llegue al poder, y adem\u00e1s declarado abiertamente, contraviniendo leyes y normas.<br><br>La afrenta no es s\u00f3lo contra L\u00f3pez Obrador, sino sobre todo contra el pueblo de M\u00e9xico, pues esas fuerzas ahora desatadas pretenden elegir por \u00e9l a la<br>figura presidencial, trasgrediendo la esencia misma de la democracia.<br><br>En el ambiente pol\u00edtico-electoral, el establishment busca hacer sentir en la poblaci\u00f3n que son \u201cdelitos graves\u201d las propuestas de AMLO, de manera que considere incluso que sus supuestos \u201cdesproporcionados planteamientos\u201d ameritar\u00edan que sea eliminado de la contienda electoral. \u00c9se es el clima de rechazo a su figura que intentan crear.<br><br>De paso, el grupo en el poder trata de hacer creer que son s\u00f3lo ellos los \u00fanicos facultados y capaces de decidir sobre los importantes asuntos de la naci\u00f3n, a pesar de las p\u00e9simas cuentas que est\u00e1n entregando por su gesti\u00f3n.<br><br>Es un grupo compacto que act\u00faa como si las instituciones y las pol\u00edticas p\u00fablicas les pertenecieran, sin aceptar injerencia de nadie m\u00e1s, y de ah\u00ed que tengan la intenci\u00f3n de evitar \u2013con los recursos del propio Estado- que otro grupo pol\u00edtico venga a transformar la agenda nacional e influir en la acci\u00f3n pol\u00edtica para darle otro rumbo al pa\u00eds, negando el sistema democr\u00e1tico que, aunque con ma\u00f1as, los llevo al poder.<br><br>Hay que decir que la Carta Democr\u00e1tica Interamericana, adoptada por la OEA el 11 de septiembre de 2001, tiene la capacidad de sancionar a los Estados miembros que falten al ejercicio efectivo de la democracia representativa.<br><br>\u00bfPodr\u00eda considerarse una falta a la democracia intentar evitar que una figura pol\u00edtica llegue al poder por m\u00e9todos que transgreden las leyes del derecho constitucional, electoral y normas internacionales?<br><br>La Carta de la OEA establece que los Estados Miembros \u201cson los responsables de organizar, llevar a cabo y garantizar procesos electorales libres y justos\u201d, y considera elementos esenciales de la democracia el acceso al poder, su ejercicio con sujeci\u00f3n al estado de derecho, el r\u00e9gimen plural de partidos y organizaciones pol\u00edticas, as\u00ed como el respeto a los derechos humanos.<br><br>Durante mucho tiempo ha tenido lugar la discusi\u00f3n sobre si los derechos pol\u00edticos son o no derechos humanos, y los juristas han llegado a la conclusi\u00f3n que los derechos pol\u00edticos son los de \u201cprimera generaci\u00f3n\u201d porque tratan fundamentalmente de la libertad y la participaci\u00f3n en la vida pol\u00edtica, ya que sirven para proteger al individuo de los excesos del Estado.<br><br>Los derechos pol\u00edticos fueron consagrados por primera vez a nivel global por la Declaraci\u00f3n Universal de los Derechos Humanos en 1948. Est\u00e1n, por tanto, reconocidos y protegidos por el derecho internacional.<br><br>En M\u00e9xico, de poco o nada, le han servido esos derechos a Andr\u00e9s Manuel L\u00f3pez Obrador, qui\u00e9n ahora contiende por tercera vez consecutiva en unas elecciones presidenciales, en las cuales la controversia en torno a su figura pol\u00edtica ha sido la caracter\u00edstica principal en esos procesos, y en el presente no es la excepci\u00f3n.<br><br>Los derechos pol\u00edticos de las y los ciudadanos mexicanos est\u00e1n consagrados en el Art\u00edculo 35 de la Constituci\u00f3n, donde tambi\u00e9n se abunda en el respeto irrestricto de los derechos pol\u00edtico-electorales, esencialmente el derecho a votar y ser votado.<br><br>La Ley General de Instituciones y Procedimientos Electorales, que sustituy\u00f3 al Cofipe en mayo de 2014, recoge el esp\u00edritu de la Constituci\u00f3n sobre ese tema y establece \u201cel derecho de los ciudadanos a ser votados para todos los puestos de elecci\u00f3n popular\u2026\u201d<br><br>Y algo m\u00e1s: \u201cEl voto es universal, libre, secreto, directo, personal e intransferible. Quedan prohibidos los actos que generen presi\u00f3n o coacci\u00f3n a los electores\u201d.<br><br>Esa ley tiene su C\u00f3digo de conducta, en el cual se establecen infracciones a los involucrados en unas elecciones si incurren, entre otras cosas, en propaganda pol\u00edtico-electoral que contenga expresiones que denigren a los participantes.<br><br>Adem\u00e1s, no estar\u00eda de m\u00e1s que AMLO fuera al Conapred -la autoridad encargada de aplicar e interpretar la Ley Federal para Prevenir y Eliminar la Discriminaci\u00f3n- a denunciar el trato diferenciado que est\u00e1 recibiendo en el proceso electoral presidencial.<br><br>Esa ley tiene la finalidad de prevenir y eliminar todas las formas de discriminaci\u00f3n en contra de cualquier persona, y AMLO, sin dudarlo, est\u00e1 siendo discriminado en sus derechos humanos por los poderes f\u00e1cticos que, todos en mont\u00f3n, est\u00e1n haciendo todo lo posible para sacarlo del juego pol\u00edtico.<br><br>En el ideal de la democracia, todos los votos y votantes deben ser iguales, pero en la realidad mexicana s\u00f3lo es una leyenda, ya que en los intereses inmiscuidos en la elecci\u00f3n presidencial la legalidad de ninguna manera va ligada a la legitimidad, lo que deja en evidencia un proceso electoral sin contenido moral ni \u00e9tico, y eso s\u00ed, enaltece su simulaci\u00f3n.<br><br>Lo que est\u00e1 sucediendo actualmente en el proceso electoral tiene su antecedente en la llegada del espa\u00f1ol Antonio Sol\u00e1 a las filas de Felipe Calder\u00f3n, en 2006, para explotar la campa\u00f1a del miedo y toda la campa\u00f1a televisiva en contra de AMLO, y que dej\u00f3 en claro que el ejercicio del voto no ser\u00eda limpio.<br><br>Sol\u00e1 es el prototipo de los mercenarios de las campa\u00f1as pol\u00edticas antidemocr\u00e1ticas, pues no es la estrategia inteligente la que utilizan sino explotar la inseguridad, sembrar el miedo y los odios sociales en el electorado para que opten por el candidato del grupo que los contrat\u00f3.<br><br>Se acab\u00f3 el gobierno de Calder\u00f3n y el ejercicio electoral de 2012 volvi\u00f3 a quedar a merced de los mismos grupos olig\u00e1rquicos, Televisa jug\u00f3 a favor del PRI y anul\u00f3 sus spots nuevamente a AMLO, y se desempolv\u00f3 a Sol\u00e1 con su campa\u00f1a del miedo y el rumor.<br><br>El lugar de Sol\u00e1 lo vino ahora a ocupar el venezolano J.J. Rend\u00f3n, considerado un estratega al estilo de aquel, que tiene la encomienda de aniquilar con propaganda negra al l\u00edder de Morena.<br><br>En el fondo se trata de perpetuar al mismo grupo en el poder en una dictadura que se sostenga con el fraude electoral y que busca mantener el pluralismo pol\u00edtico mexicano estancado.<br><br>Los tiempos no cambian, vemos nuevamente al Ejecutivo a favor abiertamente de su candidato sosteni\u00e9ndolo con recursos il\u00edcitos, a Vicente Fox otra vez a la carga contra AMLO, como todos los dem\u00e1s del sistema en un juego sucio, y la llegada de un asesor \u201cprominente\u201d, como la de Rend\u00f3n.<br><br>En medio de esta repetici\u00f3n, est\u00e1 la posibilidad de que tarjetas similares como las de Soriana y Monex, repartidas en 2012, sean toleradas por el sistema electoral, lo cual est\u00e1 a la espera de lo que decida el Tribunal Electoral del Poder Judicial de la Federaci\u00f3n (TEPJF).<br><br>El grupo en el poder ha podido imponer su voluntad hasta ahora, a pesar de la extrema baja de popularidad de Enrique Pe\u00f1a Nieto, dentro de un autoritarismo disfrazado de sistema democratizado, pero que se desenvuelve bajo las reglas de \u201ccooptar y sobornar\u201d.<br><br>\u00bfLo que ocurra en la fecha hist\u00f3rica del pr\u00f3ximo 1 de julio ser\u00e1 la excepci\u00f3n?<br><\/p>\n","protected":false},"excerpt":{"rendered":"<p>Escaramuzas pol\u00edticas En los furibundos ataques a la figura de AMLO por parte del establishment, tambi\u00e9n se han violentado los derechos pol\u00edticos de las y los ciudadanos Gloria Analco SemM\u00e9xico, 17 enero 2018.- Andr\u00e9s Manuel L\u00f3pez Obrador, en el presente proceso electoral, est\u00e1 recibiendo un trato como si estuviera en el banquillo de los acusados [&hellip;]<\/p>\n","protected":false},"author":3,"featured_media":4558,"comment_status":"open","ping_status":"open","sticky":false,"template":"","format":"standard","meta":{"_monsterinsights_skip_tracking":false,"footnotes":""},"categories":[689,78,1],"tags":[],"class_list":["post-4572","post","type-post","status-publish","format-standard","has-post-thumbnail","category-689","category-gloria-analco","category-uncategorized"],"_links":{"self":[{"href":"https:\/\/redsemlac.com\/semmexico\/wp-json\/wp\/v2\/posts\/4572","targetHints":{"allow":["GET"]}}],"collection":[{"href":"https:\/\/redsemlac.com\/semmexico\/wp-json\/wp\/v2\/posts"}],"about":[{"href":"https:\/\/redsemlac.com\/semmexico\/wp-json\/wp\/v2\/types\/post"}],"author":[{"embeddable":true,"href":"https:\/\/redsemlac.com\/semmexico\/wp-json\/wp\/v2\/users\/3"}],"replies":[{"embeddable":true,"href":"https:\/\/redsemlac.com\/semmexico\/wp-json\/wp\/v2\/comments?post=4572"}],"version-history":[{"count":0,"href":"https:\/\/redsemlac.com\/semmexico\/wp-json\/wp\/v2\/posts\/4572\/revisions"}],"wp:featuredmedia":[{"embeddable":true,"href":"https:\/\/redsemlac.com\/semmexico\/wp-json\/wp\/v2\/media\/4558"}],"wp:attachment":[{"href":"https:\/\/redsemlac.com\/semmexico\/wp-json\/wp\/v2\/media?parent=4572"}],"wp:term":[{"taxonomy":"category","embeddable":true,"href":"https:\/\/redsemlac.com\/semmexico\/wp-json\/wp\/v2\/categories?post=4572"},{"taxonomy":"post_tag","embeddable":true,"href":"https:\/\/redsemlac.com\/semmexico\/wp-json\/wp\/v2\/tags?post=4572"}],"curies":[{"name":"wp","href":"https:\/\/api.w.org\/{rel}","templated":true}]}}