{"id":45715,"date":"2022-02-14T12:09:13","date_gmt":"2022-02-14T18:09:13","guid":{"rendered":"https:\/\/redsemlac.com\/semmexico\/?p=45715"},"modified":"2023-07-21T18:59:19","modified_gmt":"2023-07-21T23:59:19","slug":"desobediencia-la-traicion-intelectual-en-torno-a-lopez-obrador","status":"publish","type":"post","link":"https:\/\/redsemlac.com\/semmexico\/desobediencia-la-traicion-intelectual-en-torno-a-lopez-obrador\/","title":{"rendered":"Desobediencia| La traici\u00f3n intelectual en torno a L\u00f3pez Obrador"},"content":{"rendered":"\n<p class=\"wp-block-paragraph\"><strong>Por: Olimpia Flores Ortiz<\/strong><\/p>\n\n\n\n<p class=\"wp-block-paragraph\">SemM\u00e9xico, Cd. de M\u00e9xico, 14 de febrero, 2022.- \u201cEl pensamiento cr\u00edtico es tener el deseo de buscar, la paciencia para dudar, la afici\u00f3n de meditar, la lentitud para afirmar, la disposici\u00f3n para considerar, el cuidado para poner en orden y el odio por todo tipo de impostura.\u201d As\u00ed dijo el fil\u00f3sofo y cient\u00edfico ingl\u00e9s Francis Bacon (1561-1626), a quien le preocupaban los problemas de la moral y la pol\u00edtica.<\/p>\n\n\n\n<p class=\"wp-block-paragraph\">Ha cundido la sensaci\u00f3n de que el Presidente de la Rep\u00fablica L\u00f3pez Obrador traspuso un umbral tras del cual ya no hay retorno. La pretendida exposici\u00f3n que hizo en su cotidiana sesi\u00f3n matutina de propaganda, de los ingresos del periodista Carlos Loret de Mola, en reacci\u00f3n a la exposici\u00f3n que la agencia Latinus hizo previamente del estilo de vida y la cuestionable y oscura manera de sustentarlo de su primog\u00e9nito Jos\u00e9 Ram\u00f3n L\u00f3pez Beltr\u00e1n, nos mostr\u00f3 al personaje incapaz del autogobierno de su persona y la prudencia del estadista. Recordaremos al episodio como el de La Casa Gris.<\/p>\n\n\n\n<p class=\"wp-block-paragraph\">La trascendencia de los hechos supera al reduccionismo de suponer que es un conflicto de la opini\u00f3n p\u00fablica que se circunscribe a estar a favor de L\u00f3pez o en su contra, por m\u00e1s que se asuma como el profeta de una transformaci\u00f3n de la patria.<\/p>\n\n\n\n<p class=\"wp-block-paragraph\">El derecho a la proclama del \u00a1NO! es inalienable. No hay ning\u00fan bien superior que lo pueda suprimir como pretende la cabeza \u00fanica del r\u00e9gimen autoritario que ha terminado de perfilarse con esta simb\u00f3lica an\u00e9cdota para la posteridad, no porque antes no se hubiera ya manifestado el talante censor y persecutor de nuestro tirano de marras; sino por la acci\u00f3n in\u00e9dita e imp\u00fadica de violar la Ley en vivo y transgredir los derechos humanos del popular personaje acosado por el r\u00e9gimen a los ojos de todo el pa\u00eds. A L\u00f3pez ya no le cupo c\u00e1lculo alguno, abandonado a su arrebato col\u00e9rico revelador de su impotencia para derruir los argumentos del periodista que le ha hecho a la sociedad el servicio de denunciar que \u201cel rey va desnudo\u201d.<\/p>\n\n\n\n<h2 class=\"wp-block-heading\"><strong>El clamor en redes<\/strong><\/h2>\n\n\n\n<p class=\"wp-block-paragraph\">Es ociosa la discusi\u00f3n en torno al hashtag #TodosSomosLoret porque asumirlo va m\u00e1s all\u00e1 del periodista mismo, para manifestarse en defensa de la Libertad de Expresi\u00f3n, igual que en su momento no se trat\u00f3 de la defensa de Florence Cassez, o en estos tiempos de la persona de Rosario Robles, sino de la Justicia misma. Lo asum\u00ed en Twitter porque la coyuntura amerita pronunciamiento y el hashtag significa que estamos en contra de la atrabiliaria actitud presidencial que ha desbordado los l\u00edmites leg\u00edtimos y legales del poder.<\/p>\n\n\n\n<p class=\"wp-block-paragraph\">Replicar el hashtag es por m\u00ed y por todes, no particularmente por Loret, cuya trayectoria period\u00edstica puede convencernos o no. A m\u00ed no me gusta su documentada inconsistencia \u00e9tica ante c\u00e1maras; y me disgust\u00f3 mucho el videopanfleto De Panzazo, al que se prest\u00f3 el videoasta Juan Carlos Rulfo (quien dej\u00f3 de parecerme sublime) para exhibir con una mirada reduccionista al magisterio mexicano, ajenos a la complejidad que constituye como un gran tejido social presente en todo el territorio nacional. Yo paso de consumir a Loret de Mola, no lo necesito.<\/p>\n\n\n\n<p class=\"wp-block-paragraph\">Sin embargo, el hashtag hizo lo suyo sumando 252.5 K Tweets y una duraci\u00f3n de la tendencia de varias horas acompa\u00f1ado de un space abierto en Twitter que dur\u00f3 9 horas 45 minutos, al cual se conectaron un mill\u00f3n de escuchas. Ya se har\u00e1 en estos d\u00edas un an\u00e1lisis ponderado de la trascendencia de ese hecho, a la luz de lo que pueda o no de ah\u00ed derivarse, sin perder de vista adem\u00e1s los marcados sesgos en la composici\u00f3n social de los acudientes a la convocatoria. Pero una vez m\u00e1s, lo que importa en este momento es rechazar la impunidad presidencial y no la postura chata de la radicalidad de qui\u00e9n sabe qu\u00e9 purismo de no hacerle el caldo gordo a \u201cla derecha\u201d. Es tiempo de movernos sin estrecheces y no de andar bailando sobre t\u00e1bulas rasas.<\/p>\n\n\n\n<h2 class=\"wp-block-heading\"><strong>El odio en el Presidente<\/strong><\/h2>\n\n\n\n<p class=\"wp-block-paragraph\">En su columna sabatina en Milenio Diario, escribe ayer el literato Xavier Velasco \u201cEl odio, ya se sabe, es pegajoso. Nada enceguece tanto a quienes suelen dar libre curso a su tirria como la inconsecuente neutralidad del p\u00fablico. Quien odia exige c\u00f3mplices, y quien se niegue a serlo de inmediato ir\u00e1 a dar en fast track a su lista negra. Al rencor y la inquina hace falta sumarse sin pensarlo, puesto que el pensamiento tiene siempre sus dudas y \u00e9stas jam\u00e1s le caben a la gente que vive para odiar. Pues, al contrario, son sus ideas fijas las que le dan licencia de ejercer la ruindad y la vileza cual si fuesen virtudes encomiables. Dicen que la miseria ama la compa\u00f1\u00eda, \u00bfy no es verdad que al odio le fascinan los ecos?\u201d <a href=\"https:\/\/www.milenio.com\/opinion\/xavier-velasco\/pronostico-delclimax\/las-coartadas-del-odio\">https:\/\/www.milenio.com\/opinion\/xavier-velasco\/pronostico-delclimax\/las-coartadas-del-odio<\/a><\/p>\n\n\n\n<p class=\"wp-block-paragraph\">El Presidente L\u00f3pez Obrador, es presa de sus pasiones, y sus decisiones no se rigen por la racionalidad que amerita la responsabilidad de un estadista. Su impudicia mostrada el memorable viernes 11 de febrero de 2022, marca un antes y un despu\u00e9s en su gesti\u00f3n. El coro f\u00e1cil no la tiene f\u00e1cil.<\/p>\n\n\n\n<h2 class=\"wp-block-heading\"><strong>El resentimiento como sustrato de la pol\u00edtica del obradorismo<\/strong><\/h2>\n\n\n\n<p class=\"wp-block-paragraph\">Ya dec\u00eda Nietzsche en la Genealog\u00eda de la Moral en 1887, que el resentimiento es una fuente de juicios morales. Y a\u00f1ado que, de manique\u00edsmos como traducci\u00f3n pol\u00edtica, porque significa una fuerza de cohesi\u00f3n. Los nacionalismos que de ah\u00ed derivan, son violentos y s\u00f3lo traen \u201cdesolaci\u00f3n\u201d. L\u00f3pez Obrador se vale del resentimiento, por eso es nacionalista (nos colonizaron, nos despojaron) y no es marxista en cuanto a basar la estrategia en la lucha de clases. El resentimiento es una fuerza inmensa que s\u00f3lo lleva a la desolaci\u00f3n. Esta reflexi\u00f3n me la encuentro en un art\u00edculo del poeta, ensayista, editor y traductor Julio Hubard en el suplemento Laberinto de Milenio este s\u00e1bado.<\/p>\n\n\n\n<p class=\"wp-block-paragraph\">La pol\u00edtica del obradorismo se juega \u201cen el terreno del resentimiento [colectivo], donde el suced\u00e1neo de la justicia es la nganza.\u201d<\/p>\n\n\n\n<p class=\"wp-block-paragraph\"><a href=\"https:\/\/www.milenio.com\/cultura\/laberinto\/delresentimiento\">https:\/\/www.milenio.com\/cultura\/laberinto\/delresentimiento<\/a><\/p>\n\n\n\n<h2 class=\"wp-block-heading\"><strong>El compromiso que nos comprometa<\/strong><\/h2>\n\n\n\n<p class=\"wp-block-paragraph\">\u00bfCu\u00e1l es el compromiso de las\/los\/les intelectuales y por supuesto del periodismo? \u00bfEs decir, de quienes no renunciamos al pronunciamiento al que nos lleve el pensamiento cr\u00edtico? El de ir m\u00e1s all\u00e1 de los compromisos pol\u00edticos; con el argumento pr\u00e1ctico contra lo pr\u00e1ctico.<\/p>\n\n\n\n<div class=\"wp-block-image\"><figure class=\"alignleft size-full is-resized\"><a href=\"https:\/\/redsemlac.com\/semmexico\/wp-content\/uploads\/2022\/02\/desobediencia.png\"><img decoding=\"async\" src=\"https:\/\/redsemlac.com\/semmexico\/wp-content\/uploads\/2022\/02\/desobediencia.png\" alt=\"\" class=\"wp-image-45716\" width=\"-12\" height=\"-20\"\/><\/a><\/figure><\/div>\n\n\n\n<p class=\"wp-block-paragraph\">\u00bfEn qu\u00e9 consiste la traici\u00f3n de les intelectuales? En atribuirse la representaci\u00f3n de la verdad, no somos profetas, sino servidores de la verdad. O en rendirle tributo al erigido en profeta.<\/p>\n\n\n\n<p class=\"wp-block-paragraph\">Inspirador art\u00edculo de Mark Lilla a prop\u00f3sito del libro de Julien Benda, La traici\u00f3n de los intelectuales. <a href=\"https:\/\/letraslibres.com\/revista\/el-escriba-y-el-profeta\/\">https:\/\/letraslibres.com\/revista\/el-escriba-y-el-profeta\/<\/a><\/p>\n\n\n\n<p class=\"wp-block-paragraph\">El intelectual debe decirle la verdad al poder, all\u00ed en donde el poder viola los derechos o practica la injusticia. Las leyes y las instituciones para proteger los derechos y castigar las injusticias, son cosa de la pol\u00edtica. Pero si las\/los\/les nuevos pol\u00edticos fallan, y hay nuevos abusos, tambi\u00e9n ser\u00e1n denunciados y juzgados. Siempre, como trabajo de toda la vida. Ese es el compromiso eterno del intelectual. Enunciar el \u00a1No! ante toda transgresi\u00f3n.<\/p>\n\n\n\n<p class=\"wp-block-paragraph\">El falso profeta nos quiere gobernar desde la mentira. La verdadera traici\u00f3n intelectual es la de quienes se pretenden inocentes colaborando con la mentira.<\/p>\n\n\n\n<p class=\"wp-block-paragraph\">Facebook: Olimpia Flores Mirabilia<\/p>\n\n\n\n<p class=\"wp-block-paragraph\">Twitter: @euphrasina (amor por la elocuencia)<\/p>\n\n\n\n<p class=\"wp-block-paragraph\">TikTok: Gentopia_mx (La t\u00eda d e les muchaches)<\/p>\n\n\n\n<p class=\"wp-block-paragraph\">LinkedIn: Olimpia FloresOrt<\/p>\n","protected":false},"excerpt":{"rendered":"<p> \u201cEl pensamiento cr\u00edtico es tener el deseo de buscar, la paciencia para dudar, la afici\u00f3n de meditar, la lentitud para afirmar, la disposici\u00f3n para considerar<\/p>\n","protected":false},"author":3,"featured_media":41746,"comment_status":"open","ping_status":"open","sticky":false,"template":"","format":"standard","meta":{"_monsterinsights_skip_tracking":false,"footnotes":""},"categories":[693,133,134,35],"tags":[459],"class_list":["post-45715","post","type-post","status-publish","format-standard","has-post-thumbnail","category-693","category-desobediencia","category-olimpia-flores-ortiz","category-opinion","tag-opinion"],"_links":{"self":[{"href":"https:\/\/redsemlac.com\/semmexico\/wp-json\/wp\/v2\/posts\/45715","targetHints":{"allow":["GET"]}}],"collection":[{"href":"https:\/\/redsemlac.com\/semmexico\/wp-json\/wp\/v2\/posts"}],"about":[{"href":"https:\/\/redsemlac.com\/semmexico\/wp-json\/wp\/v2\/types\/post"}],"author":[{"embeddable":true,"href":"https:\/\/redsemlac.com\/semmexico\/wp-json\/wp\/v2\/users\/3"}],"replies":[{"embeddable":true,"href":"https:\/\/redsemlac.com\/semmexico\/wp-json\/wp\/v2\/comments?post=45715"}],"version-history":[{"count":0,"href":"https:\/\/redsemlac.com\/semmexico\/wp-json\/wp\/v2\/posts\/45715\/revisions"}],"wp:featuredmedia":[{"embeddable":true,"href":"https:\/\/redsemlac.com\/semmexico\/wp-json\/wp\/v2\/media\/41746"}],"wp:attachment":[{"href":"https:\/\/redsemlac.com\/semmexico\/wp-json\/wp\/v2\/media?parent=45715"}],"wp:term":[{"taxonomy":"category","embeddable":true,"href":"https:\/\/redsemlac.com\/semmexico\/wp-json\/wp\/v2\/categories?post=45715"},{"taxonomy":"post_tag","embeddable":true,"href":"https:\/\/redsemlac.com\/semmexico\/wp-json\/wp\/v2\/tags?post=45715"}],"curies":[{"name":"wp","href":"https:\/\/api.w.org\/{rel}","templated":true}]}}