{"id":45692,"date":"2022-02-14T10:29:16","date_gmt":"2022-02-14T16:29:16","guid":{"rendered":"https:\/\/redsemlac.com\/semmexico\/?p=45692"},"modified":"2023-07-21T18:59:19","modified_gmt":"2023-07-21T23:59:19","slug":"desde-el-cladem-juzgadores-que-burlan-la-justicia-en-la-cara-de-las-autoridades","status":"publish","type":"post","link":"https:\/\/redsemlac.com\/semmexico\/desde-el-cladem-juzgadores-que-burlan-la-justicia-en-la-cara-de-las-autoridades\/","title":{"rendered":"Desde el CLADEM| Juzgadores que burlan la Justicia, en la cara de las autoridades."},"content":{"rendered":"\n<p class=\"wp-block-paragraph\"><strong>Sandy G. Torrez Ch\u00e1vez*<\/strong><\/p>\n\n\n\n<p class=\"wp-block-paragraph\">SemM\u00e9xico, Guadalajara, Jal., 14 de febrero, 2022.- En noviembre del 2021 se present\u00f3 denuncia formal en contra del Magistrado Jos\u00e9 de Jes\u00fas Covarrubias Due\u00f1as, por abuso sexual contra una menor de edad, de tan solo 15 a\u00f1os.<\/p>\n\n\n\n<p class=\"wp-block-paragraph\">El magistrado Covarrubias exprofesor de la Universidad de Guadalajara, ya hab\u00eda sido acusado anteriormente de abuso sexual, igual contra una menor de edad, pero en el a\u00f1o 2014. Sin embargo, y a pesar de los esfuerzos de varias organizaciones, dicha denuncia no tuvo procedencia, y la Universidad de Guadalajara, as\u00ed como el resto del estado decidieron ignorar la denuncia.<\/p>\n\n\n\n<p class=\"wp-block-paragraph\">Hoy, casi 8 a\u00f1os despu\u00e9s, pareciera (con altas y bajas) que por fin habr\u00e1 justicia. Primero y tratando de resarcir lo que en un inicio no hicieron, la Universidad de Guadalajara termin\u00f3 la relaci\u00f3n laboral con el magistrado Covarrubias, dando as\u00ed el apoyo moral a las ni\u00f1as v\u00edctimas de este depredador. Despu\u00e9s, la solicitud que se hab\u00eda presentado ante el Congreso del Estado para el juicio de desafuero del magistrado, es aceptada y se pone fecha para el mismo. El 25 de enero comenzar\u00eda formalmente el juicio de desafuero. Sin embargo, a \u00faltima hora, el Congreso del Estado bajo la premisa de \u201cno vulnerar el debido proceso\u201d, decide realizar el juicio a puerta cerrada, decisi\u00f3n que se prest\u00f3 a diversas interpretaciones y que puso en alerta, vigilantes y a la guardia a diversas colectivas feministas.<\/p>\n\n\n\n<p class=\"wp-block-paragraph\">Al d\u00eda siguiente, el Congreso desafuera formalmente al magistrado Covarrubias para poder as\u00ed, ser enjuiciado penalmente por abuso sexual y corrupci\u00f3n de menores. Definitivamente, eso fue una victoria. Por a\u00f1os el magistrado hab\u00eda sido intocable, sigui\u00f3 dando clases y trabajando para el Poder Judicial con todos los beneficios posibles, nunca se le expuso ni mucho menos se le enjuici\u00f3. Pero esta vez, pareciera que las cosas van en distinta direcci\u00f3n.<\/p>\n\n\n\n<p class=\"wp-block-paragraph\">El 02 de febrero, Covarrubias Due\u00f1as hab\u00eda sido llamado a su primera audiencia de enjuiciamiento; curiosamente, su abogado present\u00f3 un supuesto certificado m\u00e9dico donde establece que el magistrado estaba enfermo de COVID-19, por lo que, NO SE PRESENT\u00d3 A LA AUDIENCIA. La jueza encargada, Norma Lomel\u00ed, desestim\u00f3 el argumento y volvi\u00f3 a emitir una nueva cita judicial.<\/p>\n\n\n\n<p class=\"wp-block-paragraph\">El delito de abuso sexual y corrupci\u00f3n de menores obliga a prisi\u00f3n preventiva oficiosa, sin embargo, el magistrado CONTIN\u00daA LIBRE, de hecho, ilocalizable. Cuando se present\u00f3 la denuncia, se le retuvo el 70% de su salario, sin embargo, ese 30% que recib\u00eda, que por cierto va mucho m\u00e1s arriba de lo que la mayor\u00eda de las personas en este pa\u00eds ganan, le segu\u00eda sirviendo hasta para esconderse de la justicia, misma que, ir\u00f3nicamente este se\u00f1or \u201cimparti\u00f3\u201d por tantos a\u00f1os.<\/p>\n\n\n\n<p class=\"wp-block-paragraph\">Despu\u00e9s de no presentarse a la audiencia y encontrarse pr\u00f3fugo de la justicia, porque efectivamente, hizo caso omiso a la orden de la Jueza Lomel\u00ed, \u00e9sta misma gir\u00f3 una orden de aprehensi\u00f3n contra el magistrado el 04 de febrero. Ese fin de semana se catearon 3 diferentes domicilios, y el se\u00f1or, ilocalizable, entonces \u00bfera COVID-19 o era su plan de evadir la justicia? Durante ese tiempo se le solicit\u00f3 a la Interpol girar ficha roja para su captura y arresto, y colectivos feministas exigieron la cancelaci\u00f3n total del salario del magistrado, la cual procedi\u00f3, y ahora ya no recibe ning\u00fan salario por parte del Poder Judicial.<\/p>\n\n\n\n<p class=\"wp-block-paragraph\">Sin embargo, todo su teatro fue simplemente una excusa para no dar la cara a la justicia adem\u00e1s de burlarla, pues durante este tiempo, sus abogados presentaron un amparo pidiendo la suspensi\u00f3n provisional en contra de las ordenes de aprehensi\u00f3n, y el Juzgado S\u00e9ptimo de Distrito de Amparo en Materia Penal del Tercer Circuito, lo concedi\u00f3.<\/p>\n\n\n\n<p class=\"wp-block-paragraph\">Y as\u00ed, de nuevo nos quedamos con el mismo dicho de toda la vida \u00bfD\u00f3nde se encuentra la justicia en M\u00e9xico? \u00bfQui\u00e9n se va a encargar de velar por los intereses supremos de la ni\u00f1ez, cuando las mismas autoridades que juzgan, son las que violentan, las que cubren, las que enga\u00f1an, las que absuelven a criminales depredadores sexuales como el magistrado? \u00bfCu\u00e1ndo?<\/p>\n\n\n\n<p class=\"wp-block-paragraph\">No es la primera vez que este se\u00f1or es acusado de abuso sexual contra menores, no era la primera vez que lo hac\u00eda, y quiz\u00e1, para desgracia de todas, no sea la \u00faltima; pero si era la primera vez que ciertos \u201cavances\u201d en la \u201cjusticia\u201d se ve\u00edan, pero \u00bfpara qu\u00e9? si al final, sus alianzas de poder, dinero, corrupci\u00f3n, \u201cfavores\u201d y dem\u00e1s le van a cubrir y absolver de ser castigado. Qu\u00e9 iron\u00eda, y que verg\u00fcenza que impartidores de justicia como este se\u00f1or, no solo jueguen a ser juzgadores, sino que tengan el destino de miles de procesos judiciales en sus manos, y que se BURLEN de la justicia de esta manera. No me sorprender\u00eda que el juicio de desafuero quede ah\u00ed, y que la justicia nunca llegue, como en la mayor\u00eda de los casos.<\/p>\n\n\n\n<p class=\"wp-block-paragraph\">*Co-Coordinadora CLADEM Jalisco<\/p>\n\n\n\n<p class=\"wp-block-paragraph\">clademjalsc@gmail.com<\/p>\n","protected":false},"excerpt":{"rendered":"<p>En noviembre del 2021 se present\u00f3 denuncia formal en contra del Magistrado Jos\u00e9 de Jes\u00fas Covarrubias Due\u00f1as, por abuso sexual contra una menor de edad, de tan solo 15 a\u00f1os.<\/p>\n","protected":false},"author":3,"featured_media":45694,"comment_status":"open","ping_status":"open","sticky":false,"template":"","format":"standard","meta":{"_monsterinsights_skip_tracking":false,"footnotes":""},"categories":[693,35,619],"tags":[459],"class_list":["post-45692","post","type-post","status-publish","format-standard","has-post-thumbnail","category-693","category-opinion","category-opinion-desde-cladem","tag-opinion"],"_links":{"self":[{"href":"https:\/\/redsemlac.com\/semmexico\/wp-json\/wp\/v2\/posts\/45692","targetHints":{"allow":["GET"]}}],"collection":[{"href":"https:\/\/redsemlac.com\/semmexico\/wp-json\/wp\/v2\/posts"}],"about":[{"href":"https:\/\/redsemlac.com\/semmexico\/wp-json\/wp\/v2\/types\/post"}],"author":[{"embeddable":true,"href":"https:\/\/redsemlac.com\/semmexico\/wp-json\/wp\/v2\/users\/3"}],"replies":[{"embeddable":true,"href":"https:\/\/redsemlac.com\/semmexico\/wp-json\/wp\/v2\/comments?post=45692"}],"version-history":[{"count":0,"href":"https:\/\/redsemlac.com\/semmexico\/wp-json\/wp\/v2\/posts\/45692\/revisions"}],"wp:featuredmedia":[{"embeddable":true,"href":"https:\/\/redsemlac.com\/semmexico\/wp-json\/wp\/v2\/media\/45694"}],"wp:attachment":[{"href":"https:\/\/redsemlac.com\/semmexico\/wp-json\/wp\/v2\/media?parent=45692"}],"wp:term":[{"taxonomy":"category","embeddable":true,"href":"https:\/\/redsemlac.com\/semmexico\/wp-json\/wp\/v2\/categories?post=45692"},{"taxonomy":"post_tag","embeddable":true,"href":"https:\/\/redsemlac.com\/semmexico\/wp-json\/wp\/v2\/tags?post=45692"}],"curies":[{"name":"wp","href":"https:\/\/api.w.org\/{rel}","templated":true}]}}