{"id":4569,"date":"2018-01-31T02:51:19","date_gmt":"2018-01-31T02:51:19","guid":{"rendered":"https:\/\/redsemlac.com\/semmexico\/?p=4569"},"modified":"2023-07-21T14:30:22","modified_gmt":"2023-07-21T19:30:22","slug":"salinas-de-gortari-abrio-el-debate-con-amlo-le-entrara-el-tabasqueno","status":"publish","type":"post","link":"https:\/\/redsemlac.com\/semmexico\/salinas-de-gortari-abrio-el-debate-con-amlo-le-entrara-el-tabasqueno\/","title":{"rendered":"Salinas de Gortari abri\u00f3 el debate con AMLO. \u00bfLe entrar\u00e1 el tabasque\u00f1o?"},"content":{"rendered":"\n<p class=\"wp-block-paragraph\">Escaramuzas pol\u00edticas<\/p>\n\n\n\n<h5 class=\"wp-block-heading\"> L\u00f3pez Obrador puede aprovechar para dejar en claro que sus propuestas son viables<\/h5>\n\n\n\n<p class=\"wp-block-paragraph\"><a href=\"https:\/\/semmexico.com\/gallery-post.php?id=3922#\">Gloria Analco<\/a><\/p>\n\n\n\n<p class=\"wp-block-paragraph\">SemM\u00e9xico, 31 enero 2018.- Carlos Salinas de Gortari, en su \u00faltima aparici\u00f3n p\u00fablica, ha tratado de dejar el list\u00f3n muy alto a los aspirantes presidenciales, pero con clara dedicatoria a Andr\u00e9s Manuel L\u00f3pez Obrador.<br><br><br>No en vano ha se\u00f1alado -en un art\u00edculo publicado en el diario espa\u00f1ol El Pa\u00eds- la exigencia que tienen los aspirantes de cumplir \u201cun perfil muy completo\u201d, pero con especial tendencia a favorecer a los tecn\u00f3cratas.<br><br><br>A AMLO se le ha presentado ahora la oportunidad que hab\u00eda estado demandando, desde tiempo atr\u00e1s, de sostener un debate con Salinas de Gortari, m\u00e1s recientemente el 15 de diciembre de 2016, cuando se neg\u00f3 a debatir con los presidentes del PRI y del PAN, Enrique Ochoa y Ricardo Anaya, respectivamente.<br><br><br>El precandidato de MORENA insisti\u00f3 en esa ocasi\u00f3n, en entrevista con Joaqu\u00edn L\u00f3pez-D\u00f3riga, que s\u00f3lo debatir\u00eda con Carlos Salinas de Gortari por ser \u201cel jefe de la mafia en el poder\u201d, calificando a los dirigentes partidistas, incluso a Alejandra Barrales, dirigente del PRD, como \u201ccorreas de transmisi\u00f3n, por decirlo amablemente\u201d.<br><br><br>En esa oportunidad, L\u00f3pez Obrador dijo que Salinas de Gortari era \u201cel padre de la desigualdad moderna\u201d que padece el pa\u00eds, y que por esa raz\u00f3n \u201cser\u00eda hist\u00f3rico debatir con \u00e9l\u201d.<br><br><br>Ahora que el expresidente ha vuelto a salir al ruedo para tratar de asestar alg\u00fan fuerte golpe a sus enemigos \u2013luego de prolongados silencios- se le ha presentado la oportunidad a AMLO de entrar a un debate con \u00e9l que har\u00eda verdadera historia.<br><br><br>En sus mete\u00f3ricas apariciones p\u00fablicas, Salinas de Gortari se ha pronunciado en contra del populismo, del que es acusado AMLO, pero tambi\u00e9n contra el neoliberalismo, del cual el expresidente ha dicho que \u201cno ha solucionado nada\u201d.<br><br>Antes de terminar su art\u00edculo, Salinas de Gortari carga la mano a AMLO, a quien, sin mencionarlo, acusa de \u201cinventar soluciones falsas o simples\u201d, sum\u00e1ndose a la campa\u00f1a montada en contra del l\u00edder de MORENA, con la cual se pretende poner en duda la viabilidad de sus propuestas.<br><br><br>\u00bfSe achicar\u00e1 AMLO porque ve que el peligro es grande? Por lo pronto, al ser abordado sobre el tema, a botepronto ha dicho que prefiere no responder las preguntas de Salinas para \u201cno engancharse con una publicaci\u00f3n que ser\u00e1 olvidada ma\u00f1ana\u201d.<br><br><br>No por ello la invitaci\u00f3n deja de ser tentadora, a la vez que la oportunidad para que AMLO, de manera muy amplificada, pueda dejar en claro que sus propuestas son viables y responden a los retos de transformaci\u00f3n de los que habla Salinas de Gortari en su escrito.<br><br><br>Tampoco deja de ser un gran riesgo tomarle la palabra por la manipulaci\u00f3n que de las respuestas de AMLO seguramente har\u00edan los grandes medios de comunicaci\u00f3n, m\u00e1s viendo el manejo maniqueo que esconden las preguntas del expresidente.<br><br><br>Tal vez hace bien AMLO en concretarse a llamar \u201cfanfarr\u00f3n\u201d a Salinas de Gortari y se\u00f1alarlo como \u00e1vido de protagonismo pol\u00edtico, cosa que a nadie le resulta alejado de la realidad.<br><br><br>Lo m\u00e1s sorprendente de los comentarios que emite, v\u00eda preguntas, es que Salinas de Gortari est\u00e1 demandando un estadista de la talla de Vladimir Putin, quien ha sabido hacer paros de muy alto nivel al Imperio estadounidense.<br><br><br>Los asuntos que el expresidente plantea invariablemente remiten a su sexenio, del cual entreg\u00f3 muy malas cuentas, pero su actuaci\u00f3n como pol\u00edtico no lleg\u00f3 solamente hasta ah\u00ed. \u00c9l ha tenido una poderosa influencia en los acontecimientos pol\u00edticos y econ\u00f3micos que se han sucedido hasta nuestros d\u00edas, sin que el pa\u00eds haya podido hasta la fecha levantar cabeza.<br><br>Salinas de Gortari se equivoca muy gravemente cuando asegura que M\u00e9xico est\u00e1 inmerso en la geopol\u00edtica, pues nuestro pa\u00eds no pinta ni como l\u00edder de Am\u00e9rica Latina, donde juega un papel muy secundario y es identificado como el m\u00e1s ferviente seguidor de las pol\u00edticas neoliberales de Estados Unidos.<br><br>Impl\u00edcitamente sacraliza al tecn\u00f3crata, personific\u00e1ndose como tal por el contenido de las preguntas que formula y que indirectamente se las quiere achacar \u201cal menos a un sector de lectores informados\u201d, porque podr\u00edan estar en su boca, seg\u00fan \u00e9l, para disfrazar que se est\u00e1 entrometiendo en la pol\u00edtica nacional.<br><br>Presume grandes cambios del Poder en EE.UU., divisiones en los dos grandes partidos de ese pa\u00eds y un galopante proteccionismo que lo caracterizar\u00e1 en el futuro, con repercusiones en M\u00e9xico, dando lugar a que s\u00f3lo un tecn\u00f3crata podr\u00eda lidiar con eso.<br><br>Entresacando de aqu\u00ed y de all\u00e1 de sus preguntas, cuesta trabajo inferir cu\u00e1l es la propuesta suya, pero s\u00ed proyecta la amplia visi\u00f3n que debe poseer un estadista de estos tiempos, \u00bfde la talla de Enrique Pe\u00f1a Nieto?, uno se pregunta.<br><br>Salinas de Gortari, sin pudor, le ofrece ese marco al asegurar que la econom\u00eda mexicana tiene perspectivas de crecimiento alto y sostenido \u201cgracias a las grandes reformas emprendidas por el actual gobierno de M\u00e9xico\u201d, concedi\u00e9ndole un gran peso al neoliberalismo, modelo en el cual est\u00e1n inspiradas.<br><br>Habla como una realidad de un Estado mexicano \u201cfuerte y respetado en el \u00e1mbito internacional\u201d, deslizando la enorme responsabilidad en el futuro presidente de mantenerlo en esa condici\u00f3n, lo cual invita a la sorna.<br><br><br>Reconoce que el neoliberalismo deja a la ciudadan\u00eda desarticulada y a merced de los abusos del mercado, s\u00f3lo eso sobre el gran mal moderno, y advierte sobre los peligros de una especie de socialismo de Estado, mont\u00e1ndose en la campa\u00f1a contra AMLO de que busca secundar el modelo venezolano, algo muy lejano a la realidad.<br><br>Salinas de Gortari dice apoyar el liberalismo social, y habla de dar paso a una nueva hegemon\u00eda de justicia y soberan\u00eda, pero sin plantear las ideas centrales que podr\u00edan dar lugar a eso.<br><br>Tambi\u00e9n se expresa a favor de trazar una nueva ruta, sin delinearla, se la deja a los aspirantes, a quienes invita a instrumentar innovaciones ante los nuevos retos.<br><br>Claramente se ve que escribi\u00f3 el art\u00edculo para fastidiar la candidatura de Andr\u00e9s Manuel L\u00f3pez Obrador en el entorno internacional, donde ha visto reacciones muy favorables a su posible investidura.<br><br>gloriaanalco@gmail.com<\/p>\n","protected":false},"excerpt":{"rendered":"<p>Escaramuzas pol\u00edticas L\u00f3pez Obrador puede aprovechar para dejar en claro que sus propuestas son viables Gloria Analco SemM\u00e9xico, 31 enero 2018.- Carlos Salinas de Gortari, en su \u00faltima aparici\u00f3n p\u00fablica, ha tratado de dejar el list\u00f3n muy alto a los aspirantes presidenciales, pero con clara dedicatoria a Andr\u00e9s Manuel L\u00f3pez Obrador. No en vano ha [&hellip;]<\/p>\n","protected":false},"author":3,"featured_media":4558,"comment_status":"open","ping_status":"open","sticky":false,"template":"","format":"standard","meta":{"_monsterinsights_skip_tracking":false,"footnotes":""},"categories":[689,78,1],"tags":[],"class_list":["post-4569","post","type-post","status-publish","format-standard","has-post-thumbnail","category-689","category-gloria-analco","category-uncategorized"],"_links":{"self":[{"href":"https:\/\/redsemlac.com\/semmexico\/wp-json\/wp\/v2\/posts\/4569","targetHints":{"allow":["GET"]}}],"collection":[{"href":"https:\/\/redsemlac.com\/semmexico\/wp-json\/wp\/v2\/posts"}],"about":[{"href":"https:\/\/redsemlac.com\/semmexico\/wp-json\/wp\/v2\/types\/post"}],"author":[{"embeddable":true,"href":"https:\/\/redsemlac.com\/semmexico\/wp-json\/wp\/v2\/users\/3"}],"replies":[{"embeddable":true,"href":"https:\/\/redsemlac.com\/semmexico\/wp-json\/wp\/v2\/comments?post=4569"}],"version-history":[{"count":0,"href":"https:\/\/redsemlac.com\/semmexico\/wp-json\/wp\/v2\/posts\/4569\/revisions"}],"wp:featuredmedia":[{"embeddable":true,"href":"https:\/\/redsemlac.com\/semmexico\/wp-json\/wp\/v2\/media\/4558"}],"wp:attachment":[{"href":"https:\/\/redsemlac.com\/semmexico\/wp-json\/wp\/v2\/media?parent=4569"}],"wp:term":[{"taxonomy":"category","embeddable":true,"href":"https:\/\/redsemlac.com\/semmexico\/wp-json\/wp\/v2\/categories?post=4569"},{"taxonomy":"post_tag","embeddable":true,"href":"https:\/\/redsemlac.com\/semmexico\/wp-json\/wp\/v2\/tags?post=4569"}],"curies":[{"name":"wp","href":"https:\/\/api.w.org\/{rel}","templated":true}]}}