{"id":45645,"date":"2022-02-13T12:51:23","date_gmt":"2022-02-13T18:51:23","guid":{"rendered":"https:\/\/redsemlac.com\/semmexico\/?p=45645"},"modified":"2023-07-21T18:59:20","modified_gmt":"2023-07-21T23:59:20","slug":"en-mas-de-7-decadas-anos-apenas-el-26-por-ciento-de-los-municipios-los-encabeza-una-mujer","status":"publish","type":"post","link":"https:\/\/redsemlac.com\/semmexico\/en-mas-de-7-decadas-anos-apenas-el-26-por-ciento-de-los-municipios-los-encabeza-una-mujer\/","title":{"rendered":"En m\u00e1s de 7 d\u00e9cadas a\u00f1os apenas el 26 por ciento de los municipios los encabeza una mujer"},"content":{"rendered":"\n<p class=\"wp-block-paragraph\">La C\u00e1mara de Diputados conmemora el 75 Aniversario del Reconocimiento del Voto de la Mujer a Nivel Municipal<\/p>\n\n\n\n<p class=\"wp-block-paragraph\">Durante 35 a\u00f1os creci\u00f3 ininterrumpidamente n\u00famero de mujeres en ayuntamiento, pero en 2021 hubo una ca\u00edda del 3.4 por ciento<\/p>\n\n\n\n<p class=\"wp-block-paragraph\">Libertad L\u00f3pez<\/p>\n\n\n\n<p class=\"wp-block-paragraph\">SemM\u00e9xico, Cd. de M\u00e9xico, 13 de febrero 2022.- Este s\u00e1bado se cumplieron 75 a\u00f1os desde que se promulg\u00f3 la reforma al art\u00edculo 115 Constitucional que legaliz\u00f3 la participaci\u00f3n pol\u00edtica de las mujeres en los gobiernos municipales.<\/p>\n\n\n\n<p class=\"wp-block-paragraph\">En la C\u00e1mara de Diputados, hubo conmemoraci\u00f3n, pero oradoras y oradores advirtieron que, a pesar de este avance democr\u00e1tico, que ha logrado que las mujeres lleguen al poder local, persiste la brecha, no se han eliminado los estereotipos y las mujeres enfrentan la violencia pol\u00edtica en raz\u00f3n de g\u00e9nero.<\/p>\n\n\n\n<p class=\"wp-block-paragraph\">En la C\u00e1mara de Paridad, la Inclusi\u00f3n y la Diversidad, diputados y diputadas conmemoraron este avance democr\u00e1tico. Hubo en el reciento camarales discursos, algunos encendidos, de reconocimiento a quienes lucharon por ese voto, el primero conseguido -1923- en Yucat\u00e1n; hubo quien consider\u00f3 que es tiempo de elegir a una mujer en la presidencia de la rep\u00fablica, no obstante &nbsp;&nbsp;advirtieron que el camino ha sido largo, espinoso y lleno de obst\u00e1culos, donde partidos y dirigencias pol\u00edticas ponen diques.<\/p>\n\n\n\n<p class=\"wp-block-paragraph\">As\u00ed, tras 75 a\u00f1os, hoy s\u00f3lo el 26 por ciento de las presidencias municipales son ocupadas por mujeres. Tras un proceso de avance, sobre todo a partir de 1986, en las elecciones de 2021 hubo un retroceso de 3.24 por ciento.<\/p>\n\n\n\n<p class=\"wp-block-paragraph\">Hoy de los 2 mil 446 municipios del pa\u00eds, las mujeres gobiernan 525 ayuntamientos.<\/p>\n\n\n\n<p class=\"wp-block-paragraph\">De todos los partidos, oradores y oradoras se\u00f1alaron que todav\u00eda el reto mayor es lograr la paridad total, no s\u00f3lo en la jefatura de los ayuntamientos, sino en los puestos de s\u00edndicas y regidoras.<\/p>\n\n\n\n<p class=\"wp-block-paragraph\">El camino<\/p>\n\n\n\n<p class=\"wp-block-paragraph\">Seg\u00fan la doctora, especialista en poder local, Georgina C\u00e1rdenas Acosta, entre 1986 y 2013 el incremento de presidentas municipales fue de 172 por ciento; mientras que de 2013 a 2021 e fue de 186 por ciento. En total, entre 1986 y 2021, el aumento de alcaldesas fue de 680%, como resultado de las reformas electorales que pasaron de la cuota de representaci\u00f3n electoral, a la paridad.<\/p>\n\n\n\n<p class=\"wp-block-paragraph\">As\u00ed a partir de 2002 el n\u00famero de presidentas municipales tuvo una tendencia ininterrumpida al alza hasta 2020.<\/p>\n\n\n\n<p class=\"wp-block-paragraph\">Sin embargo, en el a\u00f1o 2021 la cifra disminuy\u00f3 en 3.24%. Esto llama la atenci\u00f3n porque se han implementado numerosas acciones institucionales para promover la paridad, como su rango de principio en la Constituci\u00f3n y la creaci\u00f3n de los Organismos P\u00fablicos Locales (Oples), que &nbsp;son responsables de vigilar el cumplimento de la paridad transversal y horizontal, es decir, que los partidos pol\u00edticos postulen el mismo n\u00famero de hombres y de mujeres y que distribuyan en equilibrio las candidaturas m\u00e1s y menos competitivas a partir de los resultados electorales previos.<\/p>\n\n\n\n<p class=\"wp-block-paragraph\">C\u00e1rdenas Acosta en entrevista, se\u00f1al\u00f3 que ello tuvo que ver con que el proceso electoral 2020-2021 fue sumamente competido, y a esta disminuci\u00f3n hist\u00f3rica -del 3.24 por ciento- contrasta con la integraci\u00f3n casi paritaria del Senado (49.2 por ciento y en la de diputados, donde se declar\u00f3 la paridad total, 50 por ciento hombres y 50 por ciento mujeres.<\/p>\n\n\n\n<p class=\"wp-block-paragraph\">Hizo notar que el aumento de presidentas municipales, en casi diez a\u00f1os fue solo de uno por ciento. Si bien las mujeres hab\u00edan logrado el derecho a la participaci\u00f3n pol\u00edtica a nivel local en 1947 y a nivel federal en 1953, este reconocimiento de igualdad legal no se acompa\u00f1\u00f3 de acciones ni de pol\u00edticas p\u00fablicas institucionales para conseguir la igualdad sustantiva y la erradicaci\u00f3n de la cultura patriarcal.<\/p>\n\n\n\n<p class=\"wp-block-paragraph\">Seg\u00fan el Instituto Nacional Electoral, las elecciones 2020-2021 en materia de paridad y acciones afirmativas tuvo grandes aciertos; no obstante, subsisten muchos retos, entre ellos, se vio que en las presidencias municipales hubo un detrimento \u2013 m\u00e1s de 3 por ciento-, lo que indica que el espacio local, para las elecciones de 2022, obliga a tener cuidado, y centrar esfuerzos.&nbsp;&nbsp;&nbsp;&nbsp;&nbsp;&nbsp;&nbsp;&nbsp;&nbsp;&nbsp;&nbsp;&nbsp;<\/p>\n\n\n\n<p class=\"wp-block-paragraph\">Frente a ello, dijo, el INE considera necesario que en las elecciones locales se articulen distintas sinergias para alcanzar el pleno ejercicio de los derechos pol\u00edtico-electorales de las mujeres, as\u00ed como de grupos hist\u00f3ricamente discriminados.&nbsp;<\/p>\n\n\n\n<p class=\"wp-block-paragraph\">El Voto Municipal<\/p>\n\n\n\n<p class=\"wp-block-paragraph\">24 de diciembre de 1946:&nbsp; La C\u00e1mara de Diputados aprob\u00f3 la iniciativa enviada por el presidente Miguel Alem\u00e1n Valdez para modificar el art\u00edculo 115 de la Constituci\u00f3n que otorga el derecho al voto municipal a las mujeres; entra en vigor el 12 de febrero de 1947.<\/p>\n\n\n\n<p class=\"wp-block-paragraph\">31 de diciembre de 1946&nbsp;&nbsp; En sesi\u00f3n ordinaria la C\u00e1mara de Senadores aprueba la iniciativa que acuerda el voto municipal a las mujeres.<\/p>\n\n\n\n<p class=\"wp-block-paragraph\">El 12 de febrero de 1947, se promulga y reforma el art\u00edculo 115, fracci\u00f3n I, de la Constituci\u00f3n Federal, para establecer la participaci\u00f3n de las mujeres mexicanas en las elecciones municipales, para ejercer su derecho de votar y ser votadas, en igualdad de condici\u00f3n.&nbsp;<\/p>\n\n\n\n<p class=\"wp-block-paragraph\">Consideraciones en la c\u00e1mara por este 75 aniversario&nbsp;<\/p>\n\n\n\n<p class=\"wp-block-paragraph\">La diputada Merary Villegas S\u00e1nchez del oficialismo, indic\u00f3 que en esta fecha se debe recordar a las mujeres que con su trabajo y su vida cambiaron paradigmas, ya que ello permiti\u00f3 que hoy exista una C\u00e1mara de Diputados paritaria y M\u00e9xico est\u00e9 posicionado como uno de los pa\u00edses con m\u00e1s mujeres legisladoras.&nbsp;<\/p>\n\n\n\n<p class=\"wp-block-paragraph\">Agreg\u00f3 que el reto es construir un M\u00e9xico donde haya por primera vez una presidenta, con igualdad de oportunidades, sin matrimonio infantil, sin violencia, donde todas y todos sean responsables del trabajo dom\u00e9stico y de cuidados.<em>&nbsp;<\/em><\/p>\n\n\n\n<p class=\"wp-block-paragraph\">Necesario, derrumbar estereotipos vigentes&nbsp;<\/p>\n\n\n\n<p class=\"wp-block-paragraph\">La diputada Diana Estefan\u00eda Guti\u00e9rrez Valtierra del Partido Acci\u00f3n Nacional PAN expuso que a 75 a\u00f1os de aquel primer paso democr\u00e1tico no se puede dejar de insistir en la necesidad de derrumbar los estereotipos y prejuicios vigentes, ya que a\u00fan hay una sombra de violencia, discriminaci\u00f3n y trasgresi\u00f3n a los derechos humanos de las mujeres.&nbsp;<\/p>\n\n\n\n<p class=\"wp-block-paragraph\">A\u00f1adi\u00f3 que se han logrado grandes conquistas en nombre de la inclusi\u00f3n de g\u00e9nero, prueba de ello es esta Legislatura donde el 50 por ciento son mujeres y poco m\u00e1s de un tercio de los municipios son dirigidos por mujeres, pero todav\u00eda queda mucho por hacer.<em>&nbsp;<\/em><\/p>\n\n\n\n<p class=\"wp-block-paragraph\">Participaci\u00f3n de la mujer en la pol\u00edtica, un largo recorrido<\/p>\n\n\n\n<p class=\"wp-block-paragraph\">&nbsp;La diputada Sue Ellen Bernal Bolnik del Partido Revolucionario Institucional PRI se\u00f1al\u00f3 que la participaci\u00f3n de la mujer en la vida pol\u00edtica ha implicado un largo recorrido, \u201cesto ha sido por muchos a\u00f1os y a trav\u00e9s de la historia una lucha constante, pero sin duda sin esta participaci\u00f3n la vida democr\u00e1tica de nuestro pa\u00eds y de todo el mundo no ser\u00eda la misma\u201d.&nbsp;<\/p>\n\n\n\n<p class=\"wp-block-paragraph\">Consider\u00f3 que se debe reconocer que la participaci\u00f3n pol\u00edtica, si bien ha crecido y se ha fortalecido en los \u00faltimos a\u00f1os, a\u00fan enfrenta retos importantes; \u201cdebemos consolidar reformas legales\u201d sobre violencia pol\u00edtica contra las mujeres en raz\u00f3n de g\u00e9nero o paridad en todos los cargos.&nbsp;<\/p>\n\n\n\n<p class=\"wp-block-paragraph\"><em>Poco a poco \u201clas mujeres hemos conquistado derechos\u201d<\/em><\/p>\n\n\n\n<p class=\"wp-block-paragraph\">&nbsp;Del Partido Verde Ecologista de M\u00e9xico PVEM, la diputada Mar\u00eda del Carmen Pinete Vargas se\u00f1al\u00f3 que poco a poco \u201clas mujeres hemos conquistado derechos y espacios en la vida p\u00fablica que hace apenas unos cuantos a\u00f1os estaban vedados; luchando por la igualdad hemos alcanzado nuestra autonom\u00eda y demostrado el valor que siempre hemos tenido\u201d.&nbsp;<\/p>\n\n\n\n<p class=\"wp-block-paragraph\">Subray\u00f3 que gracias a la iniciativa de muchas mujeres ejemplares que nutrieron con sus ideas y su lucha el movimiento, como aquellas que conformaron el congreso feminista en 1916; el logro de 1923 el derecho de las mujeres a participar en la elecciones municipales y estatales en Yucat\u00e1n.&nbsp;<\/p>\n\n\n\n<p class=\"wp-block-paragraph\">El reto es hacer realidad la paridad horizontal y vertical&nbsp;<\/p>\n\n\n\n<p class=\"wp-block-paragraph\">La diputada Esther Mart\u00ednez Romano del Partido del Trabajo PT indic\u00f3 que este tipo de efem\u00e9ride permite rememorar a las mujeres que \u201cnos antecedieron en la lucha por nuestros derechos pol\u00edticos y que inspiraron a otras a participar en la vida p\u00fablica. Nos sirve tambi\u00e9n para hacer un alto en el camino y realizar en este momento un recuento de lo logrado\u201d.&nbsp;<\/p>\n\n\n\n<p class=\"wp-block-paragraph\">Consider\u00f3 que hoy el reto es hacer realidad la paridad horizontal y vertical, la igualdad sustantiva, la integraci\u00f3n paritaria en esferas de los poderes ejecutivos Federal y locales, concretamente en lo que hace al gabinete y en altos cargos del Poder Judicial.<em>&nbsp;<\/em><\/p>\n\n\n\n<p class=\"wp-block-paragraph\">Nos corresponde mantener los espacios alcanzados<\/p>\n\n\n\n<p class=\"wp-block-paragraph\">&nbsp;Mar\u00eda Elena Lim\u00f3n Garc\u00eda, diputada del partido Movimiento Ciudadano MC, se\u00f1al\u00f3 que hace 75 a\u00f1os se reconoci\u00f3 el derecho de las mujeres a votar y ser votadas a nivel municipal; actualmente el pa\u00eds cuenta con 525 mujeres presidentas municipales.&nbsp;<\/p>\n\n\n\n<p class=\"wp-block-paragraph\">\u201cEl camino hacia la participaci\u00f3n de las mujeres en la vida p\u00fablica ha sido empedrado. Esta fecha es para reflexionar sobre el derecho que nos fue otorgado a trav\u00e9s de la Carta Magna; nos corresponde mantener los espacios alcanzados y salvaguardarlos con \u00edmpetu y compromiso\u201d, enfatiz\u00f3.&nbsp;<\/p>\n\n\n\n<p class=\"wp-block-paragraph\"><em>Fue una lucha de a\u00f1os<\/em><\/p>\n\n\n\n<p class=\"wp-block-paragraph\"><em>&nbsp;<\/em>Por el Partido de la Revoluci\u00f3n Democr\u00e1tica la diputada Fabiola Rafael Dircio indic\u00f3 que hace 75 a\u00f1os, un 12 de febrero de 1947, se reform\u00f3 el art\u00edculo 115 de la Constituci\u00f3n para instaurar la participaci\u00f3n de las mujeres mexicanas en las elecciones municipales, otorgando con ello el derecho de votar y ser votadas en igualdad de condiciones que los hombres.<\/p>\n\n\n\n<p class=\"wp-block-paragraph\">Precis\u00f3 que el reconocimiento de votar y ser votadas no fue un regalo; es la correspondencia a la lucha de muchos a\u00f1os, enfrentando el patr\u00f3n patriarcal fuertemente arraigado en la sociedad, hasta ganar un lugar que la historia nos hab\u00eda negado.<\/p>\n","protected":false},"excerpt":{"rendered":"<p>La C\u00e1mara de Diputados conmemora el 75 Aniversario del Reconocimiento del Voto de la Mujer a Nivel Municipal.<\/p>\n","protected":false},"author":3,"featured_media":45646,"comment_status":"open","ping_status":"open","sticky":false,"template":"","format":"standard","meta":{"_monsterinsights_skip_tracking":false,"footnotes":""},"categories":[693,50],"tags":[],"class_list":["post-45645","post","type-post","status-publish","format-standard","has-post-thumbnail","category-693","category-congreso"],"_links":{"self":[{"href":"https:\/\/redsemlac.com\/semmexico\/wp-json\/wp\/v2\/posts\/45645","targetHints":{"allow":["GET"]}}],"collection":[{"href":"https:\/\/redsemlac.com\/semmexico\/wp-json\/wp\/v2\/posts"}],"about":[{"href":"https:\/\/redsemlac.com\/semmexico\/wp-json\/wp\/v2\/types\/post"}],"author":[{"embeddable":true,"href":"https:\/\/redsemlac.com\/semmexico\/wp-json\/wp\/v2\/users\/3"}],"replies":[{"embeddable":true,"href":"https:\/\/redsemlac.com\/semmexico\/wp-json\/wp\/v2\/comments?post=45645"}],"version-history":[{"count":0,"href":"https:\/\/redsemlac.com\/semmexico\/wp-json\/wp\/v2\/posts\/45645\/revisions"}],"wp:featuredmedia":[{"embeddable":true,"href":"https:\/\/redsemlac.com\/semmexico\/wp-json\/wp\/v2\/media\/45646"}],"wp:attachment":[{"href":"https:\/\/redsemlac.com\/semmexico\/wp-json\/wp\/v2\/media?parent=45645"}],"wp:term":[{"taxonomy":"category","embeddable":true,"href":"https:\/\/redsemlac.com\/semmexico\/wp-json\/wp\/v2\/categories?post=45645"},{"taxonomy":"post_tag","embeddable":true,"href":"https:\/\/redsemlac.com\/semmexico\/wp-json\/wp\/v2\/tags?post=45645"}],"curies":[{"name":"wp","href":"https:\/\/api.w.org\/{rel}","templated":true}]}}