{"id":45641,"date":"2022-02-13T12:44:49","date_gmt":"2022-02-13T18:44:49","guid":{"rendered":"https:\/\/redsemlac.com\/semmexico\/?p=45641"},"modified":"2023-07-21T18:59:20","modified_gmt":"2023-07-21T23:59:20","slug":"se-gesta-red-para-auxiliar-a-comunidad-lgbtiq-en-cuba","status":"publish","type":"post","link":"https:\/\/redsemlac.com\/semmexico\/se-gesta-red-para-auxiliar-a-comunidad-lgbtiq-en-cuba\/","title":{"rendered":"Se gesta red para auxiliar a comunidad LGBTIQ+ en Cuba"},"content":{"rendered":"\n<p class=\"wp-block-paragraph\">Verde Gil, joven trans, articula una nueva organizaci\u00f3n de lucha contra la violencia, con el apoyo de activistas y organizaciones de la isla.<\/p>\n\n\n\n<p class=\"wp-block-paragraph\">Redacci\u00f3n<\/p>\n\n\n\n<p class=\"wp-block-paragraph\">SemM\u00e9xico\/IPS, La Habana, &nbsp;Cuba 13 de &nbsp;febrero, 2022.- Para brindar auxilio las 24 horas a la comunidad LGBTIQ+ en Cuba ante situaciones de violencia o discriminaci\u00f3n, con \u00e9nfasis en la protecci\u00f3n de las personas trans, una&nbsp;<a href=\"https:\/\/www.facebook.com\/110528358165254\/posts\/113307971220626\/?app=fbl\" target=\"_blank\" rel=\"noreferrer noopener\">nueva red<\/a>&nbsp;de alcance nacional se gesta desde la ciudad de Santa Clara, en la regi\u00f3n central del pa\u00eds.<\/p>\n\n\n\n<p class=\"wp-block-paragraph\">La iniciativa cuenta con el impulso de varios activistas y el apoyo de los grupos TransCuba y Labrys, perteneciente a la Red Nacional de Mujeres Lesbianas y Bisexuales, y de redes sociocomunitarias del estatal Centro Nacional de Educaci\u00f3n Sexual (Cenesex).<\/p>\n\n\n\n<p class=\"wp-block-paragraph\">Seg\u00fan declaraciones del grupo gestor de la red, se trata de garantizar espacios seguros para personas que muchas veces son expulsadas de sus casas por dis\u00edmiles razones, entre ellas, la homofobia y la transfobia de sus familiares.<\/p>\n\n\n\n<p class=\"wp-block-paragraph\">Adem\u00e1s, este proyecto pretende ofrecer apoyo a mujeres violentadas, independientemente de su preferencia sexual.<\/p>\n\n\n\n<p class=\"wp-block-paragraph\">En busca de espacios seguros<\/p>\n\n\n\n<p class=\"wp-block-paragraph\">Un caso particular de violencia hacia una persona trans en la capital cubana, que se vio expulsada de su hogar en horas de la noche sin saber ad\u00f3nde acudir, motiv\u00f3 a Verde Gil, joven trans y estudiante de cuarto a\u00f1o de Comunicaci\u00f3n Social de la Universidad Central Marta Abreu, en Santa Clara, para emprender la creaci\u00f3n de la red, todav\u00eda en ciernes.<\/p>\n\n\n\n<p class=\"wp-block-paragraph\">Al respecto, apunta que asume ese proyecto a partir de la experiencia de haber trabajado la visualizaci\u00f3n de la comunidad trans y naturalizarla desde un enfoque humanista.<\/p>\n\n\n\n<p class=\"wp-block-paragraph\">\u201cDebido a causas multifactoriales, en Cuba se carece de refugios para personas violentadas, especialmente para integrantes de la comunidad LGBTIQ+, y dentro de ella, las personas trans. Por tanto, resulta imperante la necesidad de crear dichos espacios\u201d, valora Gil.<\/p>\n\n\n\n<p class=\"wp-block-paragraph\">A\u00f1ade que esta red \u201capela a movilizar la sensibilidad de personas e instituciones que puedan ceder espacios, al menos de manera transitoria, a individuos que hayan sufrido violencia, tanto f\u00edsica como psicol\u00f3gica. La red ha de permanecer abierta las 24 horas para cualquier caso de urgencia\u201d, explica.<\/p>\n\n\n\n<p class=\"wp-block-paragraph\">Labor de socializaci\u00f3n<\/p>\n\n\n\n<p class=\"wp-block-paragraph\">En diciembre pasado, el grupo Labrys se sum\u00f3 a esta iniciativa e inmediatamente difundi\u00f3 la convocatoria en sus cuentas en redes sociales (Facebook, Telegram, Twitter e Instagram). Asimismo, se inici\u00f3 la confecci\u00f3n de una base de datos nacional \u2013a\u00fan inacabada\u2013 en la cual se recogen datos de voluntarios y de las ayudas que pueden prestar.<\/p>\n\n\n\n<p class=\"wp-block-paragraph\">La red suma ya miembros de otras redes del pa\u00eds, todas con enfoque sociocomunitario y bajo el auspicio del Cenesex. La meta, apunta Gil, es seguir creciendo.<\/p>\n\n\n\n<p class=\"wp-block-paragraph\">\u201cSe han recibido varias propuestas de personas vinculadas o no a instituciones, as\u00ed como del colectivo de trabajadores del Cenesex, de muchachas emprendedoras como las del proyecto Alien, de miembros del 11M y de voluntarias de la Red de Mujeres Lesbianas y Bisexuales, entre ellas, las integrantes del grupo Labrys\u201d, refiere.<\/p>\n\n\n\n<p class=\"wp-block-paragraph\">A prop\u00f3sito de la repercusi\u00f3n de este nuevo proyecto, Laritza P\u00e9rez, psic\u00f3loga y facilitadora del grupo Labrys, afirma que la red es un trabajo en el que deben implicarse todos y todas. \u201cEs una manera de crear un grupo de trabajo solidario en pos de las necesidades de otros\u201d, precisa.<\/p>\n\n\n\n<p class=\"wp-block-paragraph\">Observa la especialista que, \u201cpor mucha voluntad pol\u00edtica que exista, si la sociedad cubana no se suma, apoya y ayuda en lo que se van logrando refugios, la situaci\u00f3n de muchas personas violentadas seguir\u00e1 empeorando\u201d.<\/p>\n\n\n\n<p class=\"wp-block-paragraph\">Para P\u00e9rez, el paso que corresponde en estos momentos es seguir sensibilizando a las personas con esta situaci\u00f3n.<\/p>\n\n\n\n<p class=\"wp-block-paragraph\">\u201cMientras se logra disminuir los \u00edndices de violencia al interior de la familia, hay que lograr espacios seguros, ayuda sicol\u00f3gica y jur\u00eddica; hay que brindarle \u00abarmas\u00bb a la comunidad LGBTIQ+ para poder empoderarse y no saberse sola\u201d, subraya.<\/p>\n\n\n\n<p class=\"wp-block-paragraph\">Alianza para el bien com\u00fan<\/p>\n\n\n\n<p class=\"wp-block-paragraph\">Si bien el Cenesex atiende y gestiona ayudas para personas v\u00edctimas de las diferentes expresiones de violencia, sobre todo de g\u00e9nero, muchas personas buscan alternativas diversas para garantizar que se respete y proteja a la comunidad LGBTIQ+ a lo largo de la isla.<\/p>\n\n\n\n<p class=\"wp-block-paragraph\">En ese sentido, el equipo gestor de la red insiste en la necesidad de que los activistas tomen conciencia, sean proactivos y asertivos para promover el cambio cultural, desde todos los \u00e1mbitos, que amerita el prop\u00f3sito com\u00fan de crear una sociedad cubana equitativa, inclusiva y m\u00e1s humana, seg\u00fan proclama la Constituci\u00f3n de la Rep\u00fablica aprobada en 2019.<\/p>\n\n\n\n<p class=\"wp-block-paragraph\">Estima P\u00e9rez que, \u201cde lograrse un trabajo aunado, la nueva red podr\u00eda contribuir a visibilizar la comunidad LGBTIQ+, estrechar v\u00ednculos con grupos y redes de activistas, as\u00ed como asumir grandes acciones sociales desde la responsabilidad c\u00edvica que implica, mientras se gestan pol\u00edticas reales que aseguren una dignidad plena para todos los cubanos\u201d.<\/p>\n","protected":false},"excerpt":{"rendered":"<p>Verde Gil, joven trans, articula una nueva organizaci\u00f3n de lucha contra la violencia, con el apoyo de activistas y organizaciones de cuba.<\/p>\n","protected":false},"author":3,"featured_media":45642,"comment_status":"open","ping_status":"open","sticky":false,"template":"","format":"standard","meta":{"_monsterinsights_skip_tracking":false,"footnotes":""},"categories":[693,53],"tags":[],"class_list":["post-45641","post","type-post","status-publish","format-standard","has-post-thumbnail","category-693","category-internacional"],"_links":{"self":[{"href":"https:\/\/redsemlac.com\/semmexico\/wp-json\/wp\/v2\/posts\/45641","targetHints":{"allow":["GET"]}}],"collection":[{"href":"https:\/\/redsemlac.com\/semmexico\/wp-json\/wp\/v2\/posts"}],"about":[{"href":"https:\/\/redsemlac.com\/semmexico\/wp-json\/wp\/v2\/types\/post"}],"author":[{"embeddable":true,"href":"https:\/\/redsemlac.com\/semmexico\/wp-json\/wp\/v2\/users\/3"}],"replies":[{"embeddable":true,"href":"https:\/\/redsemlac.com\/semmexico\/wp-json\/wp\/v2\/comments?post=45641"}],"version-history":[{"count":0,"href":"https:\/\/redsemlac.com\/semmexico\/wp-json\/wp\/v2\/posts\/45641\/revisions"}],"wp:featuredmedia":[{"embeddable":true,"href":"https:\/\/redsemlac.com\/semmexico\/wp-json\/wp\/v2\/media\/45642"}],"wp:attachment":[{"href":"https:\/\/redsemlac.com\/semmexico\/wp-json\/wp\/v2\/media?parent=45641"}],"wp:term":[{"taxonomy":"category","embeddable":true,"href":"https:\/\/redsemlac.com\/semmexico\/wp-json\/wp\/v2\/categories?post=45641"},{"taxonomy":"post_tag","embeddable":true,"href":"https:\/\/redsemlac.com\/semmexico\/wp-json\/wp\/v2\/tags?post=45641"}],"curies":[{"name":"wp","href":"https:\/\/api.w.org\/{rel}","templated":true}]}}