{"id":45638,"date":"2022-02-13T12:01:38","date_gmt":"2022-02-13T18:01:38","guid":{"rendered":"https:\/\/redsemlac.com\/semmexico\/?p=45638"},"modified":"2023-07-21T18:59:20","modified_gmt":"2023-07-21T23:59:20","slug":"cndh-emite-recomendacion-al-imss-por-fallecimiento-de-mujer-adulta-mayor-en-cordoba-veracruz","status":"publish","type":"post","link":"https:\/\/redsemlac.com\/semmexico\/cndh-emite-recomendacion-al-imss-por-fallecimiento-de-mujer-adulta-mayor-en-cordoba-veracruz\/","title":{"rendered":"CNDH emite recomendaci\u00f3n al IMSS por fallecimiento de mujer adulta mayor en C\u00f3rdoba, Veracruz"},"content":{"rendered":"\n<p class=\"wp-block-paragraph\">Elda Montiel<\/p>\n\n\n\n<p class=\"wp-block-paragraph\">SemM\u00e9xico, Cd. de M\u00e9xico, 13 de febrero 2022.- Por diversas complicaciones de salud de una paciente adulta mayor que no fueron atendidas y que finalmente perdi\u00f3 la vida en el Hospital General de Zona 8, en el municipio de C\u00f3rdoba, Veracruz, la Comisi\u00f3n Nacional de Derechos Humanos (CNDH) emiti\u00f3 una recomendaci\u00f3n al Instituto Mexicano del Seguro Social (IMSS) por negligencia m\u00e9dica.&nbsp;<\/p>\n\n\n\n<p class=\"wp-block-paragraph\">Las investigaciones de la CNDH se llevan a cabo ante la queja presentada el 19 de septiembre de 2019 y que denunciaba que el 21 de agosto de ese a\u00f1o, una mujer adulta mayor hab\u00eda sido intervenida quir\u00fargicamente para reemplazarle el marcapasos en el referido hospital y al d\u00eda siguiente fue dada de alta, a pesar de que presentaba malestares que personal m\u00e9dico atribuyo a la anestesia.<\/p>\n\n\n\n<p class=\"wp-block-paragraph\">Ante las molestias persistentes de dolores de cabeza, mareos, sudoraci\u00f3n, p\u00e9rdida de apetito, deshidrataci\u00f3n y somnolencia, la paciente fue internada en un hospital privado donde se le practicaron diversos an\u00e1lisis y recomendaron ingresarla nuevamente en el HGZ-8 para revisarle el marcapasos por posible \u201cdisfuncionalidad\u201d.<\/p>\n\n\n\n<p class=\"wp-block-paragraph\">En dicho lugar, su estado de salud se deterior\u00f3 hasta que falleci\u00f3 el 15 de septiembre de ese a\u00f1o por acidosis metab\u00f3lica, neumon\u00eda e insuficiencia cardiaca.<\/p>\n\n\n\n<p class=\"wp-block-paragraph\">La investigaci\u00f3n de la CNDH permiti\u00f3 acreditar la vulneraci\u00f3n de los derechos humanos a la protecci\u00f3n de la salud y a la vida, as\u00ed como al acceso a la informaci\u00f3n en materia de salud, al no encontrar evidencia de que los m\u00e9dicos tratantes hayan brindado el manejo terap\u00e9utico requerido y continuaran con estudios de gasometr\u00eda arterial para corregir la acidosis metab\u00f3lica, ni tampoco diagnosticaron la neumon\u00eda de focos m\u00faltiples que padec\u00eda.<\/p>\n\n\n\n<p class=\"wp-block-paragraph\">Tampoco llevaron a cabo el protocolo para confirmar la presencia de dengue ni corroboraron el origen del sangrado de tubo digestivo, la plaquetopenia, el dolor abdominal y el deterioro neurol\u00f3gico que present\u00f3. El expediente cl\u00ednico de la v\u00edctima carec\u00eda de notas de la atenci\u00f3n proporcionada entre el 24 y el 28 de agosto del 2019.<\/p>\n\n\n\n<p class=\"wp-block-paragraph\">La Recomendaci\u00f3n 16\/2022 solicita al director general del IMSS, Zo\u00e9 Alejandro Robledo Aburto, reparar integralmente el da\u00f1o a las v\u00edctimas indirectas y se les otorgue atenci\u00f3n psicol\u00f3gica y tanatol\u00f3gica por el deceso de la paciente.<\/p>\n\n\n\n<p class=\"wp-block-paragraph\">As\u00ed como impartir al personal del HGZ-8 un curso de capacitaci\u00f3n que considere los principios de accesibilidad, aceptabilidad, disponibilidad y calidad relacionados con la protecci\u00f3n de la salud y otro m\u00e1s sobre la integraci\u00f3n, uso, manejo y archivo de los expedientes cl\u00ednicos.<\/p>\n\n\n\n<p class=\"wp-block-paragraph\">Le requiere su colaboraci\u00f3n para dar seguimiento a la queja que la CNDH presente ante el \u00d3rgano Interno de Control del IMSS en contra de los servidores p\u00fablicos por las violaciones a los derechos fundamentales documentadas y exhortar para que, en los casos que as\u00ed proceda, el personal m\u00e9dico de dicho nosocomio se someta a los procesos de certificaci\u00f3n y recertificaci\u00f3n que les permita brindar un servicio adecuado y profesional.<\/p>\n","protected":false},"excerpt":{"rendered":"<p>La Comisi\u00f3n Nacional de Derechos Humanos (CNDH) emiti\u00f3 una recomendaci\u00f3n al Instituto Mexicano del Seguro Social (IMSS) por negligencia m\u00e9dica.\u00a0<\/p>\n","protected":false},"author":3,"featured_media":45639,"comment_status":"open","ping_status":"open","sticky":false,"template":"","format":"standard","meta":{"_monsterinsights_skip_tracking":false,"footnotes":""},"categories":[693,51],"tags":[],"class_list":["post-45638","post","type-post","status-publish","format-standard","has-post-thumbnail","category-693","category-ejecutivo"],"_links":{"self":[{"href":"https:\/\/redsemlac.com\/semmexico\/wp-json\/wp\/v2\/posts\/45638","targetHints":{"allow":["GET"]}}],"collection":[{"href":"https:\/\/redsemlac.com\/semmexico\/wp-json\/wp\/v2\/posts"}],"about":[{"href":"https:\/\/redsemlac.com\/semmexico\/wp-json\/wp\/v2\/types\/post"}],"author":[{"embeddable":true,"href":"https:\/\/redsemlac.com\/semmexico\/wp-json\/wp\/v2\/users\/3"}],"replies":[{"embeddable":true,"href":"https:\/\/redsemlac.com\/semmexico\/wp-json\/wp\/v2\/comments?post=45638"}],"version-history":[{"count":0,"href":"https:\/\/redsemlac.com\/semmexico\/wp-json\/wp\/v2\/posts\/45638\/revisions"}],"wp:featuredmedia":[{"embeddable":true,"href":"https:\/\/redsemlac.com\/semmexico\/wp-json\/wp\/v2\/media\/45639"}],"wp:attachment":[{"href":"https:\/\/redsemlac.com\/semmexico\/wp-json\/wp\/v2\/media?parent=45638"}],"wp:term":[{"taxonomy":"category","embeddable":true,"href":"https:\/\/redsemlac.com\/semmexico\/wp-json\/wp\/v2\/categories?post=45638"},{"taxonomy":"post_tag","embeddable":true,"href":"https:\/\/redsemlac.com\/semmexico\/wp-json\/wp\/v2\/tags?post=45638"}],"curies":[{"name":"wp","href":"https:\/\/api.w.org\/{rel}","templated":true}]}}