{"id":45636,"date":"2022-02-13T11:53:37","date_gmt":"2022-02-13T17:53:37","guid":{"rendered":"https:\/\/redsemlac.com\/semmexico\/?p=45636"},"modified":"2023-07-21T18:59:20","modified_gmt":"2023-07-21T23:59:20","slug":"campanas-de-division","status":"publish","type":"post","link":"https:\/\/redsemlac.com\/semmexico\/campanas-de-division\/","title":{"rendered":"Mujer y Poder| Campa\u00f1as de Divisi\u00f3n."},"content":{"rendered":"\n<p class=\"wp-block-paragraph\">*Natalia Vidales de Bitterlin<\/p>\n\n\n\n<p class=\"wp-block-paragraph\">SemM\u00e9xico, Hermosillo, Sonora, 13 de febrero, 2022.- No sabemos si re\u00edr, llorar, o ponernos a rezar -en verdad- cuando escuchamos la informaci\u00f3n que est\u00e1n haciendo circular grupos de ciudadanos que, aunque inconformes con el gobierno del presidente, se empe\u00f1an en convencer a la gente de no votar por la Revocaci\u00f3n de Mandato porque -aseguran- \u201clos simpatizantes ganar\u00e1n y solo le seguiremos el juego al presidente\u201d.<\/p>\n\n\n\n<p class=\"wp-block-paragraph\">Han llegado al absurdo de decir:&nbsp; \u00a8 \u00a1Que se quede L\u00f3pez Obrador y mejor enfoqu\u00e9monos en se\u00f1alar sus errores y exigirle que se dedique a gobernar\u00a8!&nbsp;&nbsp;&nbsp; \u00bfC\u00f3mo? \u00bfpues que no es eso lo que hemos estado haciendo los \u00faltimos tres a\u00f1os? \u00bfQu\u00e9 les hace pensar que esto cambiar\u00e1 y que el presidente escuchar\u00e1 las cr\u00edticas propositivas de los ciudadanos? \u00bfqu\u00e9 se\u00f1al tienen -que el grueso de la poblaci\u00f3n no ha percibido- de que cambiar\u00e1 el rumbo de dictador que lleva y cumplir\u00e1 su gesti\u00f3n como buen gobernante dem\u00f3crata? \u00bfQu\u00e9 les hace pensar que no continuar\u00e1 destruyendo y dividiendo al pa\u00eds como lo ha hecho desde que lleg\u00f3 al poder?<\/p>\n\n\n\n<p class=\"wp-block-paragraph\">Desconocemos si quienes hacen campa\u00f1a adversa a la Revocaci\u00f3n de Mandato lo hacen por inter\u00e9s personal, conveniencia, beneficio econ\u00f3mico o porqu\u00e9 otro motivo. Pero queda claro que, aunque -de los dientes para afuera como coloquialmente se dice- critiquen hasta el cansancio al presidente, estos grupos y personas desean que se quede en el poder otros tres a\u00f1os.&nbsp; De otra manera no se explica la campa\u00f1a que han emprendido contra grupos como FRENA y sus millones de integrantes -ciudadanos, por cierto- que contra viento y marea est\u00e1n promoviendo la Revocaci\u00f3n.<\/p>\n\n\n\n<p class=\"wp-block-paragraph\">Consideramos que es una contradicci\u00f3n criticar las acciones de L\u00f3pez Obrador, y, al mismo tiempo, hacer un llamado a no participar en la Revocaci\u00f3n de su mandato porque la consulta se har\u00e1 por ley y ya ni caso tiene quejarse ni su costo ni de su inconveniencia.<\/p>\n\n\n\n<p class=\"wp-block-paragraph\">Millones de simpatizantes de AMLO ir\u00e1n, por supuesto a votar. Y con enorme incongruencia, grupos de opositores planean no hacerlo -y luchan por que otros tampoco lo hagan- y con ello dejar\u00e1n el campo libre para que los votos sean favorables a los morenistas.<\/p>\n\n\n\n<p class=\"wp-block-paragraph\">Ser\u00e1n c\u00f3mplices y habr\u00e1n avalado el triunfo de un presidente autoritario y dictador que desde que lleg\u00f3 al poder se ha dedicado a destruir instituciones, a dividir y a pisotear la Constituci\u00f3n y los derechos y libertades de los ciudadanos.&nbsp;<\/p>\n\n\n\n<p class=\"wp-block-paragraph\">\u00bfEso desean?&nbsp; Nosotros no y por ello estaremos estos meses promoviendo la Revocaci\u00f3n de Mandato de un presidente que no merece serlo porque vendi\u00f3 esperanzas para llegar al poder, traicionar y destruir.<\/p>\n\n\n\n<p class=\"wp-block-paragraph\">Tenemos claro, al igual que millones de ciudadanos, que M\u00e9xico no aguantar\u00e1 tres a\u00f1os m\u00e1s bajo la conducci\u00f3n de este r\u00e9gimen y por ello\u2026. no podemos esperar.&nbsp;<\/p>\n","protected":false},"excerpt":{"rendered":"<p>No sabemos si re\u00edr, llorar cuando escuchamos la informaci\u00f3n que est\u00e1n haciendo circular grupos de ciudadanos que, aunque inconformes con el gobierno del presidente, se empe\u00f1an en convencer a la gente de no votar por la Revocaci\u00f3n de Mandato<\/p>\n","protected":false},"author":3,"featured_media":38550,"comment_status":"open","ping_status":"open","sticky":false,"template":"","format":"standard","meta":{"_monsterinsights_skip_tracking":false,"footnotes":""},"categories":[693,100,72,35],"tags":[],"class_list":["post-45636","post","type-post","status-publish","format-standard","has-post-thumbnail","category-693","category-mujer-y-poder","category-natalia-vidales","category-opinion"],"_links":{"self":[{"href":"https:\/\/redsemlac.com\/semmexico\/wp-json\/wp\/v2\/posts\/45636","targetHints":{"allow":["GET"]}}],"collection":[{"href":"https:\/\/redsemlac.com\/semmexico\/wp-json\/wp\/v2\/posts"}],"about":[{"href":"https:\/\/redsemlac.com\/semmexico\/wp-json\/wp\/v2\/types\/post"}],"author":[{"embeddable":true,"href":"https:\/\/redsemlac.com\/semmexico\/wp-json\/wp\/v2\/users\/3"}],"replies":[{"embeddable":true,"href":"https:\/\/redsemlac.com\/semmexico\/wp-json\/wp\/v2\/comments?post=45636"}],"version-history":[{"count":0,"href":"https:\/\/redsemlac.com\/semmexico\/wp-json\/wp\/v2\/posts\/45636\/revisions"}],"wp:featuredmedia":[{"embeddable":true,"href":"https:\/\/redsemlac.com\/semmexico\/wp-json\/wp\/v2\/media\/38550"}],"wp:attachment":[{"href":"https:\/\/redsemlac.com\/semmexico\/wp-json\/wp\/v2\/media?parent=45636"}],"wp:term":[{"taxonomy":"category","embeddable":true,"href":"https:\/\/redsemlac.com\/semmexico\/wp-json\/wp\/v2\/categories?post=45636"},{"taxonomy":"post_tag","embeddable":true,"href":"https:\/\/redsemlac.com\/semmexico\/wp-json\/wp\/v2\/tags?post=45636"}],"curies":[{"name":"wp","href":"https:\/\/api.w.org\/{rel}","templated":true}]}}