{"id":4563,"date":"2018-12-03T02:47:54","date_gmt":"2018-12-03T02:47:54","guid":{"rendered":"https:\/\/redsemlac.com\/semmexico\/?p=4563"},"modified":"2023-07-21T14:34:45","modified_gmt":"2023-07-21T19:34:45","slug":"escaramuzas-politicas-2","status":"publish","type":"post","link":"https:\/\/redsemlac.com\/semmexico\/escaramuzas-politicas-2\/","title":{"rendered":"Escaramuzas Pol\u00edticas"},"content":{"rendered":"\n<p class=\"wp-block-paragraph\">\u2022 \u00a1Se acab\u00f3 la realeza pol\u00edtica, burocr\u00e1tica y empresarial!<\/p>\n\n\n\n<h5 class=\"wp-block-heading\"> \u2022 Ahora, \u00a1todos al servicio del pueblo!, \u00fanica manera al parecer de engrandecer a M\u00e9xico<\/h5>\n\n\n\n<p class=\"wp-block-paragraph\"><a href=\"https:\/\/semmexico.com\/gallery-post.php?id=6536#\">Gloria Analco<\/a><\/p>\n\n\n\n<p class=\"wp-block-paragraph\">SemM\u00e9xico, 3 diciembre 2018.- El reci\u00e9n ungido Presidente de M\u00e9xico, Andr\u00e9s Manuel L\u00f3pez Obrador, ley\u00f3 la cartilla \u2013como se dice coloquialmente- a quienes han logrado ascender en la escala social y ya se han cre\u00eddo de la realeza, incluidos los m\u00e1s ricos a ultranza, por robar y saquear: todos los dineros, sin excepci\u00f3n, ir\u00e1n directamente a los beneficiarios, sin intermediarios, y hasta tendr\u00e1n su propio banco, en la mayor\u00eda de los casos.<\/p>\n\n\n\n<p class=\"wp-block-paragraph\">Quebrar\u00e1n, entonces, los lidercillos, empresarios y pol\u00edticos cuya tarea no tenga ning\u00fan sentido en el proceso que se ha iniciado de abolir a la realeza mexicana para dar paso a la funcionalidad del Estado mexicano, en aras exclusivamente de estar al servicio de todos los mexicanos.<\/p>\n\n\n\n<p class=\"wp-block-paragraph\">Se acabaron los ciudadanos de segunda clase \u2013catalogados as\u00ed por la minor\u00eda privilegiada-. \u00a1La crema y nata de la sociedad han pasado a ser ellos!<\/p>\n\n\n\n<p class=\"wp-block-paragraph\">Los Pinos, el icono m\u00e1s sobresaliente del poder pol\u00edtico, ha abierto sus puertas a todos los mexicanos, dejando en claro que junto con esa \u201ccasa real\u201d ha quedado abolida la realeza pol\u00edtica, y, por ende, la econ\u00f3mica y social.<\/p>\n\n\n\n<p class=\"wp-block-paragraph\">Hasta los gobernadores de otros partidos pol\u00edticos que no sean de MORENA, tendr\u00e1n que ce\u00f1irse a la idea de que se acabaron las dinast\u00edas pol\u00edticas junto a su servidumbre y bienes mal habidos, y que el linaje conocido como \u201crealeza\u201d ha dejado de existir en M\u00e9xico, para dar paso a una sociedad verdaderamente democr\u00e1tica.<\/p>\n\n\n\n<p class=\"wp-block-paragraph\">\u00a1No m\u00e1s castas privilegiadas, no m\u00e1s gente pavone\u00e1ndose frente a los dem\u00e1s por creerse de la nobleza mexicana \u2013sin t\u00edtulos nobiliarios-, no m\u00e1s privilegios otorgados gratuitamente a nadie!<\/p>\n\n\n\n<p class=\"wp-block-paragraph\">Las clases sociales ya no contar\u00e1n como pretexto para el vasallaje de unos sobre otros, el poder pol\u00edtico y econ\u00f3mico deber\u00e1 permanecer neutral frente a toda la poblaci\u00f3n, sobre todo teniendo en cuenta que el rostro de esa realeza result\u00f3 ser de inmundicia, como bien lo se\u00f1al\u00f3 L\u00f3pez Obrador cuando en su discurso inaugural como Presidente habl\u00f3 del \u201cpredominio de la m\u00e1s inmunda corrupci\u00f3n p\u00fablica y privada\u201d a costa del \u201cperjuicio del pueblo\u201d.<\/p>\n\n\n\n<p class=\"wp-block-paragraph\">\u00c9sos que protagonizaron un poder pol\u00edtico deshonesto (PAN, PRI, PRD y MC), se pararon en la tribuna legislativa, previo a la toma de posesi\u00f3n de AMLO como Presidente de M\u00e9xico, para expresar sus temores de un gobierno con \u201cpoderes meta constitucionales\u201d, sin contrapesos, con ajustes a modo de las leyes existentes con el poder concentrado en una sola persona, sin equilibrio real de poderes y con lesiones al federalismo.<\/p>\n\n\n\n<p class=\"wp-block-paragraph\">Estaban, en realidad, retrat\u00e1ndose a s\u00ed mismos por haber estado alimentando poderes sumamente corruptos, al sentirse y creerse de la familia real mexicana, ejerciendo un dominio con un alt\u00edsimo costo para el Estado por pensarse distinguidos miembros de una sociedad, cuando en realidad se trataba de delincuentes al m\u00e1s puro estilo de matones de barrio.<\/p>\n\n\n\n<p class=\"wp-block-paragraph\">A los amantes de la realeza les tenemos muy malas noticias: las dinast\u00edas pol\u00edticas y empresariales han dejado de existir en M\u00e9xico como entes que succionan del presupuesto nacional a expensas de una mayor pobreza del pueblo mexicano.<\/p>\n\n\n\n<p class=\"wp-block-paragraph\">Abolengo, alcurnia, estirpe, son palabras que s\u00f3lo definen en M\u00e9xico a quienes se han dedicado al robo y al ultraje de la econom\u00eda nacional, y ya no representan la ascendencia ilustre de una persona. Ahora se honra la entrega incondicional para sacar al pa\u00eds del fango en que lo ha metido esa gentuza dizque de \u201calcurnia\u201d.<\/p>\n\n\n\n<p class=\"wp-block-paragraph\"><a href=\"mailto:gloriaanalco@gmail.com\">gloriaanalco@gmail.com<\/a><br><\/p>\n","protected":false},"excerpt":{"rendered":"<p>\u2022 \u00a1Se acab\u00f3 la realeza pol\u00edtica, burocr\u00e1tica y empresarial! \u2022 Ahora, \u00a1todos al servicio del pueblo!, \u00fanica manera al parecer de engrandecer a M\u00e9xico Gloria Analco SemM\u00e9xico, 3 diciembre 2018.- El reci\u00e9n ungido Presidente de M\u00e9xico, Andr\u00e9s Manuel L\u00f3pez Obrador, ley\u00f3 la cartilla \u2013como se dice coloquialmente- a quienes han logrado ascender en la escala [&hellip;]<\/p>\n","protected":false},"author":3,"featured_media":4558,"comment_status":"open","ping_status":"open","sticky":false,"template":"","format":"standard","meta":{"_monsterinsights_skip_tracking":false,"footnotes":""},"categories":[689,78,1],"tags":[],"class_list":["post-4563","post","type-post","status-publish","format-standard","has-post-thumbnail","category-689","category-gloria-analco","category-uncategorized"],"_links":{"self":[{"href":"https:\/\/redsemlac.com\/semmexico\/wp-json\/wp\/v2\/posts\/4563","targetHints":{"allow":["GET"]}}],"collection":[{"href":"https:\/\/redsemlac.com\/semmexico\/wp-json\/wp\/v2\/posts"}],"about":[{"href":"https:\/\/redsemlac.com\/semmexico\/wp-json\/wp\/v2\/types\/post"}],"author":[{"embeddable":true,"href":"https:\/\/redsemlac.com\/semmexico\/wp-json\/wp\/v2\/users\/3"}],"replies":[{"embeddable":true,"href":"https:\/\/redsemlac.com\/semmexico\/wp-json\/wp\/v2\/comments?post=4563"}],"version-history":[{"count":0,"href":"https:\/\/redsemlac.com\/semmexico\/wp-json\/wp\/v2\/posts\/4563\/revisions"}],"wp:featuredmedia":[{"embeddable":true,"href":"https:\/\/redsemlac.com\/semmexico\/wp-json\/wp\/v2\/media\/4558"}],"wp:attachment":[{"href":"https:\/\/redsemlac.com\/semmexico\/wp-json\/wp\/v2\/media?parent=4563"}],"wp:term":[{"taxonomy":"category","embeddable":true,"href":"https:\/\/redsemlac.com\/semmexico\/wp-json\/wp\/v2\/categories?post=4563"},{"taxonomy":"post_tag","embeddable":true,"href":"https:\/\/redsemlac.com\/semmexico\/wp-json\/wp\/v2\/tags?post=4563"}],"curies":[{"name":"wp","href":"https:\/\/api.w.org\/{rel}","templated":true}]}}