{"id":45628,"date":"2022-02-12T16:00:07","date_gmt":"2022-02-12T22:00:07","guid":{"rendered":"https:\/\/redsemlac.com\/semmexico\/?p=45628"},"modified":"2023-07-21T18:59:21","modified_gmt":"2023-07-21T23:59:21","slug":"catedra-regional-unesco-realiza-stream-con-enfoque-de-igualdad-de-genero","status":"publish","type":"post","link":"https:\/\/redsemlac.com\/semmexico\/catedra-regional-unesco-realiza-stream-con-enfoque-de-igualdad-de-genero\/","title":{"rendered":"C\u00e1tedra Regional UNESCO realiza STREAM con enfoque de igualdad de g\u00e9nero"},"content":{"rendered":"\n<figure class=\"wp-block-image size-full\"><a href=\"https:\/\/redsemlac.com\/semmexico\/wp-content\/uploads\/2022\/02\/unesco01.png\"><img loading=\"lazy\" decoding=\"async\" width=\"573\" height=\"97\" src=\"https:\/\/redsemlac.com\/semmexico\/wp-content\/uploads\/2022\/02\/unesco01.png\" alt=\"\" class=\"wp-image-45630\"\/><\/a><\/figure>\n\n\n\n<p class=\"wp-block-paragraph\"> SemM\u00e9xico\/UNESCO\/FLACSO, Argentina, 12 de febrero, 2022 <\/p>\n\n\n\n<p class=\"wp-block-paragraph\">Para celebrar el\u00a0<strong>D\u00eda Internacional de la Mujer y la Ni\u00f1a en la Ciencia<\/strong>\u00a0(11 de febrero) compartimos un\u00a0<strong><a href=\"http:\/\/difusion.flacso.org.ar\/lt.php?tid=LEsDAVNXBAVXCkgNWwBRGAUHAgAcWlVTURsHUg5TBQZWAVwOUFVJAFAAA1FYVVYYBQVUCRwMXABSG10BVQcdUVZWUQAAAAcLDAwASA5QAAcDCgIEHA9RV10bUVUFBx0JVQZQFV0BAgMBXQNWXwFTBw\" target=\"_blank\" rel=\"noreferrer noopener\">video<\/a><\/strong>\u00a0que busca inspirar a educadores\/as a integrar el enfoque STEAM con igualdad de g\u00e9nero en sus pr\u00e1cticas profesionales.\u00a0\u00a0<\/p>\n\n\n\n<p class=\"wp-block-paragraph\">&nbsp; &nbsp;Docentes e investigadoras dialogan sobre las estrategias, reflexiones y resultados de la experiencia&nbsp;<em>TeachHer<\/em>. Un programa, apoyado por la UNESCO y coordinado por la C\u00e1tedra Regional&nbsp;UNESCO Mujer, Ciencia y Tecnolog\u00eda en Am\u00e9rica Latina (FLACSO, Argentina). Se desarroll\u00f3 en ocho pa\u00edses de&nbsp;Centroam\u00e9rica con docentes de distintos niveles y&nbsp;logr\u00f3 resultados muy promisorios.&nbsp;<\/p>\n\n\n\n<p class=\"wp-block-paragraph\">&nbsp; &nbsp; &nbsp; &nbsp; Esperamos que cada vez seamos m\u00e1s quienes contribuyamos a desarrollar una educaci\u00f3n cient\u00edfica y tecnol\u00f3gica con y para&nbsp;la igualdad entre los g\u00e9neros y comprometida con el cuidado y mejoramiento de nuestras sociedades.<\/p>\n\n\n\n<p class=\"wp-block-paragraph\"><strong>&nbsp; &nbsp; &nbsp; &nbsp; &nbsp; C\u00e1tedra Regional UNESCO Mujer, Ciencia y Tecnolog\u00eda en Am\u00e9rica Latina<\/strong><\/p>\n","protected":false},"excerpt":{"rendered":"<p>Para celebrar el\u00a0D\u00eda Internacional de la Mujer y la Ni\u00f1a en la Ciencia\u00a0(11 de febrero) compartimos un\u00a0video\u00a0que busca inspirar a educadores\/as a integrar el enfoque STEAM con igualdad de g\u00e9nero en sus pr\u00e1cticas profesionales.<\/p>\n","protected":false},"author":3,"featured_media":45629,"comment_status":"open","ping_status":"open","sticky":false,"template":"","format":"standard","meta":{"_monsterinsights_skip_tracking":false,"footnotes":""},"categories":[693,45,46,53],"tags":[],"class_list":["post-45628","post","type-post","status-publish","format-standard","has-post-thumbnail","category-693","category-cultura","category-cultura-cultura","category-internacional"],"_links":{"self":[{"href":"https:\/\/redsemlac.com\/semmexico\/wp-json\/wp\/v2\/posts\/45628","targetHints":{"allow":["GET"]}}],"collection":[{"href":"https:\/\/redsemlac.com\/semmexico\/wp-json\/wp\/v2\/posts"}],"about":[{"href":"https:\/\/redsemlac.com\/semmexico\/wp-json\/wp\/v2\/types\/post"}],"author":[{"embeddable":true,"href":"https:\/\/redsemlac.com\/semmexico\/wp-json\/wp\/v2\/users\/3"}],"replies":[{"embeddable":true,"href":"https:\/\/redsemlac.com\/semmexico\/wp-json\/wp\/v2\/comments?post=45628"}],"version-history":[{"count":0,"href":"https:\/\/redsemlac.com\/semmexico\/wp-json\/wp\/v2\/posts\/45628\/revisions"}],"wp:featuredmedia":[{"embeddable":true,"href":"https:\/\/redsemlac.com\/semmexico\/wp-json\/wp\/v2\/media\/45629"}],"wp:attachment":[{"href":"https:\/\/redsemlac.com\/semmexico\/wp-json\/wp\/v2\/media?parent=45628"}],"wp:term":[{"taxonomy":"category","embeddable":true,"href":"https:\/\/redsemlac.com\/semmexico\/wp-json\/wp\/v2\/categories?post=45628"},{"taxonomy":"post_tag","embeddable":true,"href":"https:\/\/redsemlac.com\/semmexico\/wp-json\/wp\/v2\/tags?post=45628"}],"curies":[{"name":"wp","href":"https:\/\/api.w.org\/{rel}","templated":true}]}}