{"id":45620,"date":"2022-02-12T15:14:51","date_gmt":"2022-02-12T21:14:51","guid":{"rendered":"https:\/\/redsemlac.com\/semmexico\/?p=45620"},"modified":"2023-07-21T18:59:21","modified_gmt":"2023-07-21T23:59:21","slug":"ganando-espacios-el-pri-ya-se-vio-en-el-2023","status":"publish","type":"post","link":"https:\/\/redsemlac.com\/semmexico\/ganando-espacios-el-pri-ya-se-vio-en-el-2023\/","title":{"rendered":"Ganando Espacios| El PRI ya se vio en el 2023"},"content":{"rendered":"\n<p class=\"wp-block-paragraph\">Noem\u00ed Mu\u00f1oz<\/p>\n\n\n\n<p class=\"wp-block-paragraph\">Escucha la nota<\/p>\n\n\n\n<p class=\"wp-block-paragraph\">SemM\u00e9xico, Toluca, Estado de M\u00e9xico, 12 de febrero, 2022.-Si todo cambia, el aire, las costumbres, por qu\u00e9 no el gabinete del Gobernador del Estado de M\u00e9xico.&nbsp; Alfredo del Mazo hizo movimientos importantes, cuatro mujeres de un jal\u00f3n: Alejandra del Moral Vela, Martha Hilda Gonz\u00e1lez Calder\u00f3n, Maribel G\u00f3ngora Espinosa y Leticia Mej\u00eda Garc\u00eda.<\/p>\n\n\n\n<p class=\"wp-block-paragraph\">En el caso de Alejandra del Moral se esperaba el cambio. Si bien hab\u00eda hecho buen trabajo al frente del PRI del Estado de M\u00e9xico, se requer\u00eda \u201cla vieja escuela\u201d.&nbsp; Ella dirigir\u00e1 la Secretar\u00eda de Desarrollo Social, la cual era presidida por Eric Sevilla quien ahora dirigir\u00e1 al PRI, es decir, fue un cambalache.<\/p>\n\n\n\n<p class=\"wp-block-paragraph\">Este movimiento en particular parece ser la primera jugada del tricolor para el futuro electoral, pues en la toma de posesi\u00f3n de Eric Sevilla, el gobernador del Estado de M\u00e9xico dijo que en la entidad el futuro es de las mujeres. Esto podr\u00eda ser un anuncio de que se va a apostar por una candidatura femenina y que esos nombres pueden ser los de Alejandra del Moral y Herrera Anzaldo.<\/p>\n\n\n\n<p class=\"wp-block-paragraph\">Y es que en esa reuni\u00f3n priista se dijeron muchas cosas. El dirigente nacional del PRI Alejandro Moreno asegur\u00f3 categ\u00f3rico que no dejar\u00e1n pasar a Morena en el Estado de M\u00e9xico y si bien no se descart\u00f3 ir en alianza, se afirm\u00f3 que el candidato o candidata saldr\u00e1 de sus filas.<\/p>\n\n\n\n<p class=\"wp-block-paragraph\">Me queda claro que el PRI sabe que este 2023 puede ser el a\u00f1o en que retome fuerza y es con el Estado de M\u00e9xico donde lo va a demostrar. Por eso me pareci\u00f3 significativa la presencia de los ex gobernadores del Edom\u00e9x, Arturo Montiel y C\u00e9sar Camacho. Cuando ellos se re\u00fanen no s\u00f3lo es para salir en la foto, sino para mover los hilos invisibles y poderosos de la pol\u00edtica.<\/p>\n\n\n\n<p class=\"wp-block-paragraph\">Hoy m\u00e1s que nunca el tricolor debe renovarse en todos los sentidos. No se trata de mejorar las propuestas que manejar\u00e1n en sus redes y en los medios de difusi\u00f3n. Es urgente que retomen lo que los llev\u00f3 al poder: la uni\u00f3n con la gente.<\/p>\n\n\n\n<p class=\"wp-block-paragraph\">El \u00e9xito de Morena se ha basado en \u201capoyar las causas populares\u201d y hacer como que persigue el bien com\u00fan, pero en realidad no es as\u00ed. Los programas sociales que tanto apoyaban a las mujeres desaparecieron.<\/p>\n\n\n\n<p class=\"wp-block-paragraph\">El PRI debe atacar los puntos d\u00e9biles de Morena y uno de los m\u00e1s fuertes es la falta de credibilidad entre lo prometido y lo hecho. Debe elegir un candidato que no tenga pecados de corrupci\u00f3n que puedan ser develados.<\/p>\n\n\n\n<p class=\"wp-block-paragraph\">Necesitan una candidata o candidato lo suficientemente fuerte como para no necesitar una alianza y poder luchar con el gallo del PAN, Enrique Vargas o de Morena Higinio Mart\u00ednez.<\/p>\n\n\n\n<p class=\"wp-block-paragraph\">Ya en este segundo mes del a\u00f1o empiezan a notarse las intenciones de los partidos no s\u00f3lo dentro de sus comit\u00e9s, tambi\u00e9n en sus bancadas legislativas, donde el PAN y PRD han propuesto la paridad de g\u00e9nero en las elecciones.<\/p>\n\n\n\n<p class=\"wp-block-paragraph\">Como siempre ese tema lo dejar\u00e1n a discusi\u00f3n, pero ya empieza la emoci\u00f3n de la carrera electoral. Lo que me queda claro es que el PRI no se ha rendido, me parece que est\u00e1 agazapado y est\u00e1 listo para saltar este 2023.<\/p>\n","protected":false},"excerpt":{"rendered":"<p>Si todo cambia, el aire, las costumbres, por qu\u00e9 no el gabinete del Gobernador del Estado de M\u00e9xico.<\/p>\n","protected":false},"author":3,"featured_media":45255,"comment_status":"open","ping_status":"open","sticky":false,"template":"","format":"standard","meta":{"_monsterinsights_skip_tracking":false,"footnotes":""},"categories":[693,639,640,35],"tags":[],"class_list":["post-45620","post","type-post","status-publish","format-standard","has-post-thumbnail","category-693","category-ganando-espacios","category-noemi-munoz-cantu","category-opinion"],"_links":{"self":[{"href":"https:\/\/redsemlac.com\/semmexico\/wp-json\/wp\/v2\/posts\/45620","targetHints":{"allow":["GET"]}}],"collection":[{"href":"https:\/\/redsemlac.com\/semmexico\/wp-json\/wp\/v2\/posts"}],"about":[{"href":"https:\/\/redsemlac.com\/semmexico\/wp-json\/wp\/v2\/types\/post"}],"author":[{"embeddable":true,"href":"https:\/\/redsemlac.com\/semmexico\/wp-json\/wp\/v2\/users\/3"}],"replies":[{"embeddable":true,"href":"https:\/\/redsemlac.com\/semmexico\/wp-json\/wp\/v2\/comments?post=45620"}],"version-history":[{"count":0,"href":"https:\/\/redsemlac.com\/semmexico\/wp-json\/wp\/v2\/posts\/45620\/revisions"}],"wp:featuredmedia":[{"embeddable":true,"href":"https:\/\/redsemlac.com\/semmexico\/wp-json\/wp\/v2\/media\/45255"}],"wp:attachment":[{"href":"https:\/\/redsemlac.com\/semmexico\/wp-json\/wp\/v2\/media?parent=45620"}],"wp:term":[{"taxonomy":"category","embeddable":true,"href":"https:\/\/redsemlac.com\/semmexico\/wp-json\/wp\/v2\/categories?post=45620"},{"taxonomy":"post_tag","embeddable":true,"href":"https:\/\/redsemlac.com\/semmexico\/wp-json\/wp\/v2\/tags?post=45620"}],"curies":[{"name":"wp","href":"https:\/\/api.w.org\/{rel}","templated":true}]}}