{"id":4557,"date":"2019-04-19T02:44:25","date_gmt":"2019-04-19T02:44:25","guid":{"rendered":"https:\/\/redsemlac.com\/semmexico\/?p=4557"},"modified":"2023-07-21T14:48:08","modified_gmt":"2023-07-21T19:48:08","slug":"escaramuzas-politicas-gloria-analco","status":"publish","type":"post","link":"https:\/\/redsemlac.com\/semmexico\/escaramuzas-politicas-gloria-analco\/","title":{"rendered":"Escaramuzas Pol\u00edticas Gloria Analco"},"content":{"rendered":"\n<h5 class=\"wp-block-heading\"> Inici\u00f3 como corresponsal de Exc\u00e9lsior en La Habana. Siete a\u00f1os report\u00f3 el periodo especial de Cuba. Trabaj\u00f3 en Notimex y El Universal. Especialista en periodismo econ\u00f3mico. <\/h5>\n\n\n\n<figure class=\"wp-block-embed is-type-rich is-provider-sem-mexico\"><div class=\"wp-block-embed__wrapper\">\nhttps:\/\/redsemlac.com\/semmexico\/uncategorized\/escaramuzas-politicas\/\n<\/div><\/figure>\n\n\n\n<figure class=\"wp-block-embed is-type-rich is-provider-sem-mexico\"><div class=\"wp-block-embed__wrapper\">\nhttps:\/\/redsemlac.com\/semmexico\/uncategorized\/escaramuzas-politicas-2\/\n<\/div><\/figure>\n\n\n\n<figure class=\"wp-block-embed is-type-rich is-provider-sem-mexico\"><div class=\"wp-block-embed__wrapper\">\nhttps:\/\/redsemlac.com\/semmexico\/uncategorized\/escaramuzas-politicas-3\/\n<\/div><\/figure>\n\n\n\n<figure class=\"wp-block-embed is-type-rich is-provider-sem-mexico\"><div class=\"wp-block-embed__wrapper\">\nhttps:\/\/redsemlac.com\/semmexico\/uncategorized\/salinas-de-gortari-abrio-el-debate-con-amlo-le-entrara-el-tabasqueno\/\n<\/div><\/figure>\n\n\n\n<figure class=\"wp-block-embed is-type-rich is-provider-sem-mexico\"><div class=\"wp-block-embed__wrapper\">\nhttps:\/\/redsemlac.com\/semmexico\/uncategorized\/han-vuelto-a-desatar-el-infierno-en-contra-de-amlo\/\n<\/div><\/figure>\n\n\n\n<figure class=\"wp-block-embed is-type-rich is-provider-sem-mexico\"><div class=\"wp-block-embed__wrapper\">\nhttps:\/\/redsemlac.com\/semmexico\/uncategorized\/la-foto-mas-famosa-del-che\/\n<\/div><\/figure>\n\n\n\n<figure class=\"wp-block-embed is-type-rich is-provider-sem-mexico\"><div class=\"wp-block-embed__wrapper\">\nhttps:\/\/redsemlac.com\/semmexico\/uncategorized\/lo-mas-imperdonable\/\n<\/div><\/figure>\n\n\n\n<figure class=\"wp-block-embed is-type-rich is-provider-sem-mexico\"><div class=\"wp-block-embed__wrapper\">\nhttps:\/\/redsemlac.com\/semmexico\/uncategorized\/el-gobierno-en-la-sombra-de-ee-uu-ya-estara-a-salvo-de-trump\/\n<\/div><\/figure>\n\n\n\n<figure class=\"wp-block-embed is-type-rich is-provider-sem-mexico\"><div class=\"wp-block-embed__wrapper\">\nhttps:\/\/redsemlac.com\/semmexico\/uncategorized\/dios-hizo-al-mundo-y-estados-unidos-lo-quiere-deshacer\/\n<\/div><\/figure>\n\n\n\n<figure class=\"wp-block-embed is-type-rich is-provider-sem-mexico\"><div class=\"wp-block-embed__wrapper\">\nhttps:\/\/redsemlac.com\/semmexico\/uncategorized\/europa-al-borde-de-romper-con-ee-uu\/\n<\/div><\/figure>\n\n\n\n<figure class=\"wp-block-embed is-type-rich is-provider-sem-mexico\"><div class=\"wp-block-embed__wrapper\">\nhttps:\/\/redsemlac.com\/semmexico\/uncategorized\/el-papa-francisco-intencional-o-no-interfirio-en-el-intento-de-trump-por-acercarse-a-rusia\/\n<\/div><\/figure>\n\n\n\n<figure class=\"wp-block-embed is-type-rich is-provider-sem-mexico\"><div class=\"wp-block-embed__wrapper\">\nhttps:\/\/redsemlac.com\/semmexico\/uncategorized\/estados-unidos-la-unica-potencia-culpable-de-homicidio-nuclear-ahora-vuelve-a-arremeter-contra-cuba\/\n<\/div><\/figure>\n\n\n\n<figure class=\"wp-block-embed is-type-rich is-provider-sem-mexico\"><div class=\"wp-block-embed__wrapper\">\nhttps:\/\/redsemlac.com\/semmexico\/uncategorized\/el-proposito-de-mireya-paradojicamente-era-salvar-a-sus-hijos\/\n<\/div><\/figure>\n\n\n\n<figure class=\"wp-block-embed is-type-rich is-provider-sem-mexico\"><div class=\"wp-block-embed__wrapper\">\nhttps:\/\/redsemlac.com\/semmexico\/uncategorized\/buscan-hacerle-a-trump-lo-mismo-que-a-lugo-y-rousseff\/\n<\/div><\/figure>\n\n\n\n<figure class=\"wp-block-embed is-type-rich is-provider-sem-mexico\"><div class=\"wp-block-embed__wrapper\">\nhttps:\/\/redsemlac.com\/semmexico\/uncategorized\/el-mundo-multipolar-ha-ganado-la-guerra\/\n<\/div><\/figure>\n\n\n\n<figure class=\"wp-block-embed is-type-rich is-provider-sem-mexico\"><div class=\"wp-block-embed__wrapper\">\nhttps:\/\/redsemlac.com\/semmexico\/uncategorized\/el-mundo-entero-alarmado-por-nueva-intromision-de-ee-uu\/\n<\/div><\/figure>\n\n\n\n<figure class=\"wp-block-embed is-type-rich is-provider-sem-mexico\"><div class=\"wp-block-embed__wrapper\">\nhttps:\/\/redsemlac.com\/semmexico\/uncategorized\/viaje-con-un-acompanante-inesperado\/\n<\/div><\/figure>\n\n\n\n<figure class=\"wp-block-embed is-type-rich is-provider-sem-mexico\"><div class=\"wp-block-embed__wrapper\">\nhttps:\/\/redsemlac.com\/semmexico\/uncategorized\/estrategia-de-ataque-para-que-trump-no-se-acerque-a-putin\/\n<\/div><\/figure>\n\n\n\n<figure class=\"wp-block-embed is-type-rich is-provider-sem-mexico\"><div class=\"wp-block-embed__wrapper\">\nhttps:\/\/redsemlac.com\/semmexico\/uncategorized\/fidel-protagonizo-el-poder-real\/\n<\/div><\/figure>\n\n\n\n<figure class=\"wp-block-embed is-type-rich is-provider-sem-mexico\"><div class=\"wp-block-embed__wrapper\">\nhttps:\/\/redsemlac.com\/semmexico\/uncategorized\/de-espaldas-al-poder-se-fragua-la-guerra\/\n<\/div><\/figure>\n\n\n\n<figure class=\"wp-block-embed is-type-rich is-provider-sem-mexico\"><div class=\"wp-block-embed__wrapper\">\nhttps:\/\/redsemlac.com\/semmexico\/uncategorized\/una-historia-que-merece-ser-llevada-a-la-pantalla-grande\/\n<\/div><\/figure>\n\n\n\n<figure class=\"wp-block-embed is-type-rich is-provider-sem-mexico\"><div class=\"wp-block-embed__wrapper\">\nhttps:\/\/redsemlac.com\/semmexico\/uncategorized\/el-gran-legado-de-fidel-castro\/\n<\/div><\/figure>\n\n\n\n<figure class=\"wp-block-embed is-type-rich is-provider-sem-mexico\"><div class=\"wp-block-embed__wrapper\">\nhttps:\/\/redsemlac.com\/semmexico\/uncategorized\/obama-con-un-discurso-subversivo-fidel-como-combatiente\/\n<\/div><\/figure>\n\n\n\n<figure class=\"wp-block-embed is-type-rich is-provider-sem-mexico\"><div class=\"wp-block-embed__wrapper\">\nhttps:\/\/redsemlac.com\/semmexico\/uncategorized\/sean-penn-no-puede-pasar-desapercibido-en-ninguna-parte-del-mundo\/\n<\/div><\/figure>\n","protected":false},"excerpt":{"rendered":"<p>Inici\u00f3 como corresponsal de Exc\u00e9lsior en La Habana. Siete a\u00f1os report\u00f3 el periodo especial de Cuba. Trabaj\u00f3 en Notimex y El Universal. Especialista en periodismo econ\u00f3mico.<\/p>\n","protected":false},"author":3,"featured_media":4558,"comment_status":"open","ping_status":"open","sticky":false,"template":"","format":"standard","meta":{"_monsterinsights_skip_tracking":false,"footnotes":""},"categories":[690,36,78,35],"tags":[],"class_list":["post-4557","post","type-post","status-publish","format-standard","has-post-thumbnail","category-690","category-columnistas","category-gloria-analco","category-opinion"],"_links":{"self":[{"href":"https:\/\/redsemlac.com\/semmexico\/wp-json\/wp\/v2\/posts\/4557","targetHints":{"allow":["GET"]}}],"collection":[{"href":"https:\/\/redsemlac.com\/semmexico\/wp-json\/wp\/v2\/posts"}],"about":[{"href":"https:\/\/redsemlac.com\/semmexico\/wp-json\/wp\/v2\/types\/post"}],"author":[{"embeddable":true,"href":"https:\/\/redsemlac.com\/semmexico\/wp-json\/wp\/v2\/users\/3"}],"replies":[{"embeddable":true,"href":"https:\/\/redsemlac.com\/semmexico\/wp-json\/wp\/v2\/comments?post=4557"}],"version-history":[{"count":0,"href":"https:\/\/redsemlac.com\/semmexico\/wp-json\/wp\/v2\/posts\/4557\/revisions"}],"wp:featuredmedia":[{"embeddable":true,"href":"https:\/\/redsemlac.com\/semmexico\/wp-json\/wp\/v2\/media\/4558"}],"wp:attachment":[{"href":"https:\/\/redsemlac.com\/semmexico\/wp-json\/wp\/v2\/media?parent=4557"}],"wp:term":[{"taxonomy":"category","embeddable":true,"href":"https:\/\/redsemlac.com\/semmexico\/wp-json\/wp\/v2\/categories?post=4557"},{"taxonomy":"post_tag","embeddable":true,"href":"https:\/\/redsemlac.com\/semmexico\/wp-json\/wp\/v2\/tags?post=4557"}],"curies":[{"name":"wp","href":"https:\/\/api.w.org\/{rel}","templated":true}]}}