{"id":45555,"date":"2022-02-11T13:55:00","date_gmt":"2022-02-11T19:55:00","guid":{"rendered":"https:\/\/redsemlac.com\/semmexico\/?p=45555"},"modified":"2023-07-21T18:58:28","modified_gmt":"2023-07-21T23:58:28","slug":"frena-morena-en-congreso-se-investigue-operacion-de-albergues-de-la-cdmx","status":"publish","type":"post","link":"https:\/\/redsemlac.com\/semmexico\/frena-morena-en-congreso-se-investigue-operacion-de-albergues-de-la-cdmx\/","title":{"rendered":"Frena Morena en Congreso se investigue operaci\u00f3n de albergues de la CDMX"},"content":{"rendered":"\n<ul class=\"wp-block-list\"><li><strong>Son lugares de tortura, asegura diputaci\u00f3n panista que pidi\u00f3&nbsp;comparecencia titular del DIF local y de la SIBISO<\/strong><\/li><\/ul>\n\n\n\n<p class=\"wp-block-paragraph\"><strong>Arturo R. Pansza<\/strong><\/p>\n\n\n\n<p class=\"wp-block-paragraph\">SemM\u00e9xico\/ La Prensa OEM, Cd.de M\u00e9xico,&nbsp; 11 de febrero, 2022.-En la sesi\u00f3n del Congreso de la Ciudad de M\u00e9xico en la que surgi\u00f3 el desorden y los ataques entre integrantes de las bancadas del PAN y Morena, congresistas panistas demandaron que el gobierno capitalino \u201cdetenga de inmediato la tortura y violencia en sus albergues\u201d.<\/p>\n\n\n\n<p class=\"wp-block-paragraph\">Desde la tribuna del recinto de Donceles y Allende el legislador panista Diego Garrido L\u00f3pez, acompa\u00f1ado de sus compa\u00f1eros de la facci\u00f3n parlamentaria que mostraron pancartas con la leyenda \u201cBasta de abusos, albergues seguros\u201d, demand\u00f3 la intervenci\u00f3n de la Fiscal\u00eda General de Justicia (FGJ) y de la Comisi\u00f3n de Derechos Humanos de la Ciudad de M\u00e9xico (CDHCM), que se investigue en torno a las denuncias de maltrato a menores en esos sitios.<\/p>\n\n\n\n<h2 class=\"wp-block-heading\">Nota de la redacci\u00f3n<\/h2>\n\n\n\n<p class=\"wp-block-paragraph\">La pol\u00e9mica sobre la situaci\u00f3n de los albergues apareci\u00f3 la primera semana de febrero cuando el Diario la Cr\u00f3nica public\u00f3 que el funcionariado de \u00e1reas especializadas, fueron denunciados ante la Comisi\u00f3n de Derechos Humanos de la Ciudad de M\u00e9xico CDHCDMX por agresiones extremadamente graves a los chicos que ah\u00ed se deben proteger.<\/p>\n\n\n\n<p class=\"wp-block-paragraph\">El Instituto de Atenci\u00f3n a Poblaciones Prioritarias de la Secretar\u00eda de Inclusi\u00f3n y Bienestar Social CDMX est\u00e1 en el centro de estas irregularidades documentadas con textos oficiales y fotograf\u00edas. Nota del diario Cr\u00f3nica, 07\/02\/2022.<\/p>\n\n\n\n<p class=\"wp-block-paragraph\">En esos albergues se \u201catiende\u201d a menores en situaci\u00f3n de abandono, que son llevados ah\u00ed para su mejor\u00eda, pero el trato es condenable y Claudia Sheinbaun Pardo, jefa de gobierno, se pidi\u00f3, debe actuar de manera emergente.<\/p>\n\n\n\n<h2 class=\"wp-block-heading\">Lo de ayer<\/h2>\n\n\n\n<p class=\"wp-block-paragraph\">Con un presidente de la Mesa Directiva del Congreso, H\u00e9ctor D\u00edaz Polanco que elev\u00f3 el tono de voz e incluso gritone\u00f3 a algunos legisladores, los de Acci\u00f3n Nacional trataron el tema y no lograron consolidar el punto de acuerdo para conminar formalmente a autoridades que atiendan todos los problemas que se presentan en los albergues para ni\u00f1os y adolescentes.<\/p>\n\n\n\n<p class=\"wp-block-paragraph\">Pese a los acuerdos previos surgidos en la Junta de Coordinaci\u00f3n Pol\u00edtica (Jucopo) del recinto para llevar a cabo sesiones sin contratiempo y con apego al reglamento interno, surgi\u00f3 el zafarrancho en el momento en que hac\u00eda uso de la palabra Garrido L\u00f3pez, quien sostuvo que \u201cal mero estilo de los campos de concentraci\u00f3n nazi, en esas condiciones tienen a los ni\u00f1os y ni\u00f1as en los albergues de la 4T\u201d.<\/p>\n\n\n\n<p class=\"wp-block-paragraph\">Como era de esperarse, los de Morena y sus aliados frenaron la proposici\u00f3n de los del blanquiazul, no se consider\u00f3 de urgente y obvia resoluci\u00f3n, tras la votaci\u00f3n nominal con 21 a favor y 29 en contra.<\/p>\n\n\n\n<p class=\"wp-block-paragraph\">\u201cLos albergues de la 4T son centros de tortura y humillaci\u00f3n infantil. Existen testimonios de los propios trabajadores que son obligados a enviar fotos de tales maltratos a sus superiores, hechos que desde noviembre del 2021 fueron denunciados ante la Comisi\u00f3n de Derechos Humanos\u201d, refiri\u00f3 el orador en turno.<\/p>\n\n\n\n<p class=\"wp-block-paragraph\">El diputado morenista Carlos Hern\u00e1ndez Mir\u00f3n, al aprovechar su turno para hacerle una pregunta al del PAN, arremeti\u00f3 con los de ese partido y les record\u00f3 que los causantes de la tragedia en la Guarder\u00eda ABC, en Hermosillo, Sonora, en el 2009, donde murieron por un incendio 49 ni\u00f1os y resultaron heridos 169, son panistas a los que no se les impuso castigo alguno.<\/p>\n\n\n\n<p class=\"wp-block-paragraph\">Mientras, la vicecoordinadora del grupo parlamentario de Morena, Mar\u00eda Guadalupe Morales Rubio, minimiz\u00f3 la propuesta y consider\u00f3 que los panistas aprovechan cualquier tema para desacreditar al gobierno.<\/p>\n\n\n\n<p class=\"wp-block-paragraph\">Durante la sesi\u00f3n en la que el coordinador de la bancada del PRD, V\u00edctor Hugo Lobo Rom\u00e1n solicit\u00f3 a D\u00edaz Polanco tratara con respeto a los representantes populares, Diego Garrido dijo que los menores de edad son llevados a la fuerza a los albergues, en donde lejos de tener un espacio para dormir, son v\u00edctimas de maltrato por lo que prefieren regresar a la calle.<\/p>\n\n\n\n<p class=\"wp-block-paragraph\">Se\u00f1al\u00f3 que no es la primera vez que ocurre una situaci\u00f3n inhumana en esos lugares y, la propia CDHCM emiti\u00f3 su Recomendaci\u00f3n General 01\/2021, dirigida a la Secretar\u00eda de Inclusi\u00f3n y Bienestar Social (SIBISO), para que garantice los derechos humanos de las personas que viven en situaci\u00f3n de calle. Abund\u00f3 que recientemente, funcionarios del organismo capitalino intentaron entrar a los albergues para verificar las condiciones en que se encuentran, pero personal del gobierno les neg\u00f3 el ingreso.<\/p>\n\n\n\n<p class=\"wp-block-paragraph\">M\u00e1s all\u00e1 de exigir la cabeza de la directora del Instituto de Atenci\u00f3n a Poblaciones Prioritarias, Nadia Troncoso, los diputados del PAN solicitaron la comparecencia de la directora del DIF de la Ciudad de M\u00e9xico, Esthela Dami\u00e1n Peralta y del titular de la SIBISO, Carlos Alberto Ulloa P\u00e9rez ante el Congreso local por los maltratos, abusos y humillaci\u00f3n a los que se tienen sometidas las personas en los albergues del gobierno de MORENA.<\/p>\n\n\n\n<p class=\"wp-block-paragraph\">Para el coordinador de los panistas en el Congreso, Christian von Roehrich, \u201chay evidencia clara de las humillaciones hechas a ni\u00f1os en esos albergues de la 4T; lamentablemente este gobierno de Sheinbaum, lejos de atender sus necesidades b\u00e1sicas y su seguridad, pareciera que son c\u00e1maras de tortura\u201d.<\/p>\n\n\n\n<p class=\"wp-block-paragraph\">Asegur\u00f3 que los albergues son centros de tortura y humillaci\u00f3n infantil. Hechos que desde el 2021, fueron denunciados ante Derechos Humanos. \u201cPor si lo anterior no fuera suficiente, tambi\u00e9n existen videos en donde personal con chalecos del gobierno, recogen a personas en condici\u00f3n de calle, de forma violenta y sin mediar di\u00e1logo alguno y c\u00f3mo se dice coloquialmente los levantan\u201d.<\/p>\n\n\n\n<p class=\"wp-block-paragraph\">Nota de referencia:<\/p>\n\n\n\n<p class=\"wp-block-paragraph\"><strong><em>Amarran y toman fotos humillantes a ni\u00f1os en albergues; el DIF indagar\u00e1 el caso.<\/em><\/strong><\/p>\n\n\n\n<p class=\"wp-block-paragraph\">Funcionarios de \u00e1reas especializadas, fueron denunciados ante la CDHCDMX por agresiones extremadamente graves a los chicos que deben proteger.<\/p>\n\n\n\n<p class=\"wp-block-paragraph\">El Instituto de Atenci\u00f3n a Poblaciones Prioritarias de la Secretar\u00eda de Inclusi\u00f3n y Bienestar Social CDMX est\u00e1 en el centro de estas irregularidades documentadas con textos oficiales y fotograf\u00edas. Nota del diario Cr\u00f3nica, 07\/02\/2022.<\/p>\n\n\n\n<p class=\"wp-block-paragraph\">Es estrujante leer los p\u00e1rrafos anteriores, pero m\u00e1s es m\u00e1s dolorosa la indolencia detallada en el curso de la informaci\u00f3n. Supera todo espasmo, se trata de menores abandonados que son llevados ah\u00ed para su mejor\u00eda y el trato es condenable y Claudia Sheinbaun tiene que actuar de manera emergente.<\/p>\n\n\n\n<p class=\"wp-block-paragraph\">Se trata de ni\u00f1os en situaci\u00f3n de vulnerabilidad, abandonados o extra\u00eddos de familias que los violentaban, en los albergues del Instituto de Atenci\u00f3n a Poblaciones Prioritarias del gobierno de la CDMX para cuidarlos a solicitud del DIF. viven terror; los amarran del cuello a los pies, \u201cporque se portan mal\u201d.<\/p>\n\n\n\n<p class=\"wp-block-paragraph\">Esclavitud de ni\u00f1os en la ciudad que gobierna una dama que aspira la Presidencia del pa\u00eds, no puede ser que lo ignore y peor que no act\u00fae lo que se tomar\u00eda como una criminal indiferencia. Es inhumano, es deplorable.<\/p>\n\n\n\n<p class=\"wp-block-paragraph\">El asunto es investigado por el DIF, as\u00ed lo inform\u00f3 la Directora General del mismo en la Ciudad de M\u00e9xico, Esthela Dami\u00e1n Peralta, quien precis\u00f3 que ya se atiende la denuncia de albergues del Instituto de Atenci\u00f3n a Poblaciones Prioritarias.<\/p>\n\n\n\n<p class=\"wp-block-paragraph\">Revel\u00f3 que el asunto est\u00e1 a cargo de un equipo multidisciplinario del DIF-CDMX guiado por Edith Hern\u00e1ndez Segura, Directora de Atenci\u00f3n a Ni\u00f1as, Ni\u00f1os y Adolescentes en Situaci\u00f3n de Vulnerabilidad, en Situaci\u00f3n de Riesgo o Desamparo y de Centros de Asistencia Social, adscrita a la Direcci\u00f3n Ejecutiva de la Procuradur\u00eda de Protecci\u00f3n de Derechos de Ni\u00f1as, Ni\u00f1os y Adolescentes de la Ciudad de M\u00e9xico.<\/p>\n\n\n\n<p class=\"wp-block-paragraph\">Se espera mucho de lo anterior, no hay manera de entender tama\u00f1a violencia infantil en una dependencia que est\u00e1 para protegerlos, pues se trata de enfermos sin m\u00ednima sensibilidad para tratar menores de edad.<\/p>\n\n\n\n<p class=\"wp-block-paragraph\">Cr\u00f3nica tiene en su poder minutas que refieren casos en los que menores son sometidos tom\u00e1ndolos del cuello o pate\u00e1ndolos. Hay fotograf\u00edas de ello y en otras tomas se muestra el momento en el que se est\u00e1 dando una sustancia a una peque\u00f1ita aparentemente dormida o inconsciente.<\/p>\n\n\n\n<p class=\"wp-block-paragraph\">Es una voz de alerta inaplazable, rescatar a esos ni\u00f1os, castigar a los responsables ejemplarmente y lavar tama\u00f1a afrenta infantil que rasga el coraz\u00f3n con imaginar el suplicio a los que los someten.<\/p>\n\n\n\n<p class=\"wp-block-paragraph\">El reportaje es desgarrador, sacude el alma y enfurece a cualquiera clamando justicia inminente contra los monstruos del El Instituto de Atenci\u00f3n a Poblaciones Prioritarias de la Secretar\u00eda de Inclusi\u00f3n y Bienestar Social CDMX.<\/p>\n","protected":false},"excerpt":{"rendered":"<p>Son lugares de tortura, asegura diputaci\u00f3n panista que pidi\u00f3\u00a0comparecencia titular del DIF local y de la SIBISO<\/p>\n","protected":false},"author":3,"featured_media":45556,"comment_status":"open","ping_status":"open","sticky":false,"template":"","format":"standard","meta":{"_monsterinsights_skip_tracking":false,"footnotes":""},"categories":[693,50],"tags":[],"class_list":["post-45555","post","type-post","status-publish","format-standard","has-post-thumbnail","category-693","category-congreso"],"_links":{"self":[{"href":"https:\/\/redsemlac.com\/semmexico\/wp-json\/wp\/v2\/posts\/45555","targetHints":{"allow":["GET"]}}],"collection":[{"href":"https:\/\/redsemlac.com\/semmexico\/wp-json\/wp\/v2\/posts"}],"about":[{"href":"https:\/\/redsemlac.com\/semmexico\/wp-json\/wp\/v2\/types\/post"}],"author":[{"embeddable":true,"href":"https:\/\/redsemlac.com\/semmexico\/wp-json\/wp\/v2\/users\/3"}],"replies":[{"embeddable":true,"href":"https:\/\/redsemlac.com\/semmexico\/wp-json\/wp\/v2\/comments?post=45555"}],"version-history":[{"count":0,"href":"https:\/\/redsemlac.com\/semmexico\/wp-json\/wp\/v2\/posts\/45555\/revisions"}],"wp:featuredmedia":[{"embeddable":true,"href":"https:\/\/redsemlac.com\/semmexico\/wp-json\/wp\/v2\/media\/45556"}],"wp:attachment":[{"href":"https:\/\/redsemlac.com\/semmexico\/wp-json\/wp\/v2\/media?parent=45555"}],"wp:term":[{"taxonomy":"category","embeddable":true,"href":"https:\/\/redsemlac.com\/semmexico\/wp-json\/wp\/v2\/categories?post=45555"},{"taxonomy":"post_tag","embeddable":true,"href":"https:\/\/redsemlac.com\/semmexico\/wp-json\/wp\/v2\/tags?post=45555"}],"curies":[{"name":"wp","href":"https:\/\/api.w.org\/{rel}","templated":true}]}}